{"id":1033,"date":"2020-05-25T08:26:48","date_gmt":"2020-05-25T11:26:48","guid":{"rendered":"https:\/\/revistamaranhaoturismo.com\/?p=1033"},"modified":"2020-05-25T08:26:48","modified_gmt":"2020-05-25T11:26:48","slug":"fernando-de-noronha-flexibiliza-acesso-as-praias-depois-de-zerar-casos-de-coronavirus","status":"publish","type":"post","link":"https:\/\/revistamaranhaoturismo.com\/?p=1033","title":{"rendered":"Fernando de Noronha flexibiliza acesso \u00e0s praias depois de zerar casos de coronav\u00edrus"},"content":{"rendered":"<p class=\"texto\"><span style=\"color: #000000;\">Aos poucos, o arquip\u00e9lago de Fernando de Noronha sai na frente em Pernambuco no al\u00edvio das medidas restritivas de combate \u00e0 covid-19\u00a0<a style=\"color: #000000;\" href=\"https:\/\/jc.ne10.uol.com.br\/pernambuco\/2020\/05\/5608647-fernando-de-noronha-zera-numero-de-casos-confirmados-de-coronavirus.html\">depois de zerar o n\u00famero de casos da doen\u00e7a<\/a>. A partir desta segunda-feira (25), os moradores v\u00e3o poder voltar a frequentar as praias, entre as 8h \u00e0s 16h.<\/span><\/p>\n<p class=\"texto\"><span style=\"color: #000000;\">No entanto, al\u00e9m do hor\u00e1rio, a administra\u00e7\u00e3o implementou outras regras.<\/span><\/p>\n<p class=\"texto\"><span style=\"color: #000000;\">Est\u00e3o permitidas atividades individuais f\u00edsicas e n\u00e1uticas (como nata\u00e7\u00e3o e surf) e pr\u00e1tica de esportes com at\u00e9 quatro pessoas &#8211; contanto que sem contato f\u00edsico. Tamb\u00e9m est\u00e1 proibido o consumo de bebidas alc\u00f3olicas, atividades comerciais, aglomera\u00e7\u00f5es com mais de cinco pessoas, uso de guarda-s\u00f3is e de toldos.<\/span><\/p>\n<p class=\"texto\"><span style=\"color: #000000;\">Por meio da assessoria de imprensa, a Administra\u00e7\u00e3o do arquip\u00e9lago lembrou para que se mantenha o distanciamento f\u00edsico de dos metros entre as pessoas, e alertou que, se houver descumprimento das orienta\u00e7\u00f5es, as praias podem voltar a ser interditadas.<\/span><\/p>\n<p class=\"texto\"><span style=\"color: #000000;\">A administra\u00e7\u00e3o foi a primeira a decretar quarentena, no dia 20 de abril. A circula\u00e7\u00e3o de pessoas j\u00e1 havia sido flexibilizada no dia 10 de maio, quando todos as 28 pessoas que se infectaram com o novo coronav\u00edrus at\u00e9 ent\u00e3o foram curadas.<\/span><\/p>\n","protected":false},"excerpt":{"rendered":"<p>Aos poucos, o arquip\u00e9lago de Fernando de Noronha sai na frente em Pernambuco no al\u00edvio das medidas restritivas de combate \u00e0 covid-19\u00a0depois de zerar o n\u00famero de casos da doen\u00e7a. A partir desta segunda-feira (25), os moradores v\u00e3o poder voltar a frequentar as praias, entre as 8h \u00e0s 16h. No entanto, al\u00e9m do hor\u00e1rio, a [&hellip;]<\/p>\n","protected":false},"author":1,"featured_media":1035,"comment_status":"open","ping_status":"open","sticky":false,"template":"","format":"standard","meta":[],"categories":[96],"tags":[142,176],"_links":{"self":[{"href":"https:\/\/revistamaranhaoturismo.com\/index.php?rest_route=\/wp\/v2\/posts\/1033"}],"collection":[{"href":"https:\/\/revistamaranhaoturismo.com\/index.php?rest_route=\/wp\/v2\/posts"}],"about":[{"href":"https:\/\/revistamaranhaoturismo.com\/index.php?rest_route=\/wp\/v2\/types\/post"}],"author":[{"embeddable":true,"href":"https:\/\/revistamaranhaoturismo.com\/index.php?rest_route=\/wp\/v2\/users\/1"}],"replies":[{"embeddable":true,"href":"https:\/\/revistamaranhaoturismo.com\/index.php?rest_route=%2Fwp%2Fv2%2Fcomments&post=1033"}],"version-history":[{"count":1,"href":"https:\/\/revistamaranhaoturismo.com\/index.php?rest_route=\/wp\/v2\/posts\/1033\/revisions"}],"predecessor-version":[{"id":1036,"href":"https:\/\/revistamaranhaoturismo.com\/index.php?rest_route=\/wp\/v2\/posts\/1033\/revisions\/1036"}],"wp:featuredmedia":[{"embeddable":true,"href":"https:\/\/revistamaranhaoturismo.com\/index.php?rest_route=\/wp\/v2\/media\/1035"}],"wp:attachment":[{"href":"https:\/\/revistamaranhaoturismo.com\/index.php?rest_route=%2Fwp%2Fv2%2Fmedia&parent=1033"}],"wp:term":[{"taxonomy":"category","embeddable":true,"href":"https:\/\/revistamaranhaoturismo.com\/index.php?rest_route=%2Fwp%2Fv2%2Fcategories&post=1033"},{"taxonomy":"post_tag","embeddable":true,"href":"https:\/\/revistamaranhaoturismo.com\/index.php?rest_route=%2Fwp%2Fv2%2Ftags&post=1033"}],"curies":[{"name":"wp","href":"https:\/\/api.w.org\/{rel}","templated":true}]}}