{"id":1076,"date":"2020-06-10T08:58:50","date_gmt":"2020-06-10T11:58:50","guid":{"rendered":"https:\/\/revistamaranhaoturismo.com\/?p=1076"},"modified":"2020-06-10T08:58:50","modified_gmt":"2020-06-10T11:58:50","slug":"2020-o-ano-que-o-sao-joao-sera-na-nossa-casa","status":"publish","type":"post","link":"https:\/\/revistamaranhaoturismo.com\/?p=1076","title":{"rendered":"2020, o ano que o S\u00e3o Jo\u00e3o ser\u00e1 na nossa casa"},"content":{"rendered":"<p><span style=\"color: #000000;\">\u201cNo m\u00eas de Junho tem o bumba-meu-boi, que \u00e9 festejado em louvor a S\u00e3o Jo\u00e3o, o amo canta e balan\u00e7a o marac\u00e1, a matraca e pandeiro \u00e9 que faz tremer o ch\u00e3o. Esta heran\u00e7a foi deixada por nossos av\u00f3s. Hoje cultivada por n\u00f3s para compor tua hist\u00f3ria Maranh\u00e3o!\u201d. Imortalizada na voz do genial Humberto de Maracan\u00e3 est\u00e1 toada desvenda a efervesc\u00eancia de emo\u00e7\u00f5es que s\u00e3o os festejos juninos em nosso Estado.<\/span><\/p>\n<p><span style=\"color: #000000;\">A atmosfera muda, as bandeirinhas serpenteiam no ritmo do vento e das matracas, m\u00fasicas, cheiros, gostos e cores animam as apresenta\u00e7\u00f5es e enchem de orgulho moradores e turistas. Milhares e milhares chegam de todos os lugares para vivenciar uma festa de alegria, diversidade e descobertas \u00fanicas.<\/span><\/p>\n<p><span style=\"color: #000000;\">A comunh\u00e3o entre o envolvimento da comunidade e o encantamento dos turistas v\u00eam transformando nosso rico patrim\u00f4nio cultural em produto de consumo tur\u00edstico, o que dinamiza nossa economia com a gera\u00e7\u00e3o de emprego e renda.<\/span><\/p>\n<p><span style=\"color: #000000;\">Infelizmente, n\u00e3o ser\u00e1 assim este ano. A crise decorrente da pandemia da Covid 19 nos imp\u00f5e protocolos sanit\u00e1rios e de biosseguran\u00e7a que impedem, neste momento, a aglomera\u00e7\u00e3o de pessoas. \u00c9 grande o nosso desejo de estarmos juntos e comemorarmos a maior data da cultura do Maranh\u00e3o, mas a sa\u00fade e bem estar do povo maranhense \u00e9 a prioridade m\u00e1xima que devemos defender.<\/span><\/p>\n<p><span style=\"color: #000000;\">O ano de 2020 ficar\u00e1 marcado como aquele no qual o miolo do boi n\u00e3o cruzar\u00e1 o estado brincando, as saias coloridas das coreiras n\u00e3o rodopiar\u00e3o pelos arraiais, os tambores n\u00e3o rufar\u00e3o, mas a nossa hist\u00f3ria e cultura resistir\u00e1.<\/span><\/p>\n<p><span style=\"color: #000000;\">Em breve, vamos voltar com tudo, fazendo o que mais sabemos que \u00e9 receber bem e encantar \u00e0 todos. A crise vai embora mas a beleza e os encantos do Maranh\u00e3o ficam!<\/span><\/p>\n","protected":false},"excerpt":{"rendered":"<p>\u201cNo m\u00eas de Junho tem o bumba-meu-boi, que \u00e9 festejado em louvor a S\u00e3o Jo\u00e3o, o amo canta e balan\u00e7a o marac\u00e1, a matraca e pandeiro \u00e9 que faz tremer o ch\u00e3o. Esta heran\u00e7a foi deixada por nossos av\u00f3s. Hoje cultivada por n\u00f3s para compor tua hist\u00f3ria Maranh\u00e3o!\u201d. Imortalizada na voz do genial Humberto de [&hellip;]<\/p>\n","protected":false},"author":1,"featured_media":1077,"comment_status":"open","ping_status":"open","sticky":false,"template":"","format":"standard","meta":[],"categories":[45],"tags":[],"_links":{"self":[{"href":"https:\/\/revistamaranhaoturismo.com\/index.php?rest_route=\/wp\/v2\/posts\/1076"}],"collection":[{"href":"https:\/\/revistamaranhaoturismo.com\/index.php?rest_route=\/wp\/v2\/posts"}],"about":[{"href":"https:\/\/revistamaranhaoturismo.com\/index.php?rest_route=\/wp\/v2\/types\/post"}],"author":[{"embeddable":true,"href":"https:\/\/revistamaranhaoturismo.com\/index.php?rest_route=\/wp\/v2\/users\/1"}],"replies":[{"embeddable":true,"href":"https:\/\/revistamaranhaoturismo.com\/index.php?rest_route=%2Fwp%2Fv2%2Fcomments&post=1076"}],"version-history":[{"count":1,"href":"https:\/\/revistamaranhaoturismo.com\/index.php?rest_route=\/wp\/v2\/posts\/1076\/revisions"}],"predecessor-version":[{"id":1078,"href":"https:\/\/revistamaranhaoturismo.com\/index.php?rest_route=\/wp\/v2\/posts\/1076\/revisions\/1078"}],"wp:featuredmedia":[{"embeddable":true,"href":"https:\/\/revistamaranhaoturismo.com\/index.php?rest_route=\/wp\/v2\/media\/1077"}],"wp:attachment":[{"href":"https:\/\/revistamaranhaoturismo.com\/index.php?rest_route=%2Fwp%2Fv2%2Fmedia&parent=1076"}],"wp:term":[{"taxonomy":"category","embeddable":true,"href":"https:\/\/revistamaranhaoturismo.com\/index.php?rest_route=%2Fwp%2Fv2%2Fcategories&post=1076"},{"taxonomy":"post_tag","embeddable":true,"href":"https:\/\/revistamaranhaoturismo.com\/index.php?rest_route=%2Fwp%2Fv2%2Ftags&post=1076"}],"curies":[{"name":"wp","href":"https:\/\/api.w.org\/{rel}","templated":true}]}}