{"id":1096,"date":"2020-06-20T17:36:40","date_gmt":"2020-06-20T20:36:40","guid":{"rendered":"https:\/\/revistamaranhaoturismo.com\/?p=1096"},"modified":"2020-06-20T17:36:40","modified_gmt":"2020-06-20T20:36:40","slug":"setur-orienta-rede-hoteleira-para-retorno-gradual-do-turismo","status":"publish","type":"post","link":"https:\/\/revistamaranhaoturismo.com\/?p=1096","title":{"rendered":"SETUR orienta rede hoteleira para retorno gradual do turismo"},"content":{"rendered":"<p>\u2018Retomada Segura do Setor de Hospedagem\u2019 foi o tema da capacita\u00e7\u00e3o para o trade tur\u00edstico do Polo Len\u00e7\u00f3is e Delta realizada na quinta-feira, 18 de junho. A videoconfer\u00eancia, organizada pela Secretaria de Estado do Turismo (SETUR), teve o objetivo de qualificar os meios de hospedagem sobre as adequa\u00e7\u00f5es e protocolos em virtude da reabertura gradual do Turismo. As qualifica\u00e7\u00f5es foram ministradas pelos agentes da Vigil\u00e2ncia Sanit\u00e1ria Estadual.<\/p>\n<p>Segundo o secret\u00e1rio de Turismo, Catul\u00e9 J\u00fanior, o Governo do Estado est\u00e1 atento e buscando ajudar todo o trate tur\u00edstico a superar a crise sanit\u00e1ria e a realiza\u00e7\u00e3o da qualifica\u00e7\u00e3o, auxiliar\u00e1 na preven\u00e7\u00e3o da propaga\u00e7\u00e3o do v\u00edrus. \u201cAtendemos um pedido da ABIH, Seccional Barreirinhas, entramos em contato com a Vigil\u00e2ncia Sanit\u00e1ria Estadual para oportunizar a qualifica\u00e7\u00e3o ao setor de meios de hospedagem e restaurantes. O h\u00f3spede sempre desejou\u00a0se sentir acolhido pelo meio de hospedagem e hoje precisa tamb\u00e9m se sentir seguro, as novas pr\u00e1ticas devem ser implementadas para a seguran\u00e7a de todos\u201d, afirma Catul\u00e9 J\u00fanior.<\/p>\n<p>As mudan\u00e7as e adapta\u00e7\u00f5es para os ambientes externos e internos dos estabelecimentos e a\u00e7\u00f5es criativas que est\u00e3o acontecendo em diversos locais do mundo foram apresentadas pelos instrutores da oficina. \u201c\u00c9 preciso entender os novos h\u00e1bitos de consumo. \u00c9 preciso adaptar-se para o \u201cnovo normal\u201d, afirmou o superintendente de Vigil\u00e2ncia Sanit\u00e1ria do Maranh\u00e3o, Edmilson Silva Diniz.<\/p>\n<p>As boas pr\u00e1ticas de preven\u00e7\u00e3o devem ser seguidas pelos funcion\u00e1rios, h\u00f3spedes, prestadores de servi\u00e7os e profissionais da sa\u00fade que forem atender no estabelecimento. Dentre os novos protocolos, est\u00e3o \u00e0s quest\u00f5es de limpeza dos ambientes, uso de m\u00e1scara de pano nos ambientes de circula\u00e7\u00e3o comum, aferi\u00e7\u00e3o a temperatura dos colaboradores e h\u00f3spedes.<\/p>\n<p>Para o setor gastron\u00f4mico falou-se sobre a alimenta\u00e7\u00e3o e os servi\u00e7os a La carte, a higieniza\u00e7\u00e3o dos utens\u00edlios, sendo evidenciando a aten\u00e7\u00e3o com as pousadas que servem caf\u00e9 da manh\u00e3 e que cada empreendimento tenham placas fixadas nos estabelecimentos com os protocolos sanit\u00e1rios adotados em virtude da Covid-19.<\/p>\n<p>A s\u00f3cia propriet\u00e1ria do Aquarela Hostel que recebe estrangeiros com muita frequ\u00eancia em Barreirinhas, Bianca Pinto Mendes, destacou a import\u00e2ncia do trabalho de conscientiza\u00e7\u00e3o. \u201cMudan\u00e7as s\u00e3o sempre bem vindas, neste momento se faz mais que necess\u00e1ria, \u00e9 poss\u00edvel agregar todos os protocolos, mesmo mudando as nossas rotinas, mas buscando nos proteger e proteger o outro.\u201d, disse Bianca.<\/p>\n<p>Da mesma forma, depois de ouvir as orienta\u00e7\u00f5es no v\u00eddeoconfer\u00eancia, Weder Silva Machado, s\u00f3cio propriet\u00e1rio da Pousada Delta Village de Tutoia-MA, no Polo do Delta das Am\u00e9ricas, se disse aliviado em saber que h\u00e1 uma preocupa\u00e7\u00e3o com o controle e preven\u00e7\u00e3o ao v\u00edrus. \u201cUm curso maravilhoso, \u00e9 bom saber como agir e \u00e9 importante para que todos tiremos algumas d\u00favidas e procedam da mesma forma\u201d, disse ele.<\/p>\n<p>Para finalizar, depois dos protocolos serem apresentados, abriu-se a palavra para perguntas e d\u00favidas. Enfatizando que todos os munic\u00edpios devem se adequar aos protocolos e que as vigil\u00e2ncias municipais ir\u00e3o fiscalizar os empreendimentos locais para verificar o funcionamento e o cumprimento das medidas.<\/p>\n<p>Estiveram presentes ainda empreendedores do turismo e da cultura e conselheiros de ambos os setores do Polo Len\u00e7\u00f3is e Delta.<\/p>\n","protected":false},"excerpt":{"rendered":"<p>\u2018Retomada Segura do Setor de Hospedagem\u2019 foi o tema da capacita\u00e7\u00e3o para o trade tur\u00edstico do Polo Len\u00e7\u00f3is e Delta realizada na quinta-feira, 18 de junho. A videoconfer\u00eancia, organizada pela Secretaria de Estado do Turismo (SETUR), teve o objetivo de qualificar os meios de hospedagem sobre as adequa\u00e7\u00f5es e protocolos em virtude da reabertura gradual [&hellip;]<\/p>\n","protected":false},"author":1,"featured_media":1097,"comment_status":"open","ping_status":"open","sticky":false,"template":"","format":"standard","meta":[],"categories":[95],"tags":[91,47],"_links":{"self":[{"href":"https:\/\/revistamaranhaoturismo.com\/index.php?rest_route=\/wp\/v2\/posts\/1096"}],"collection":[{"href":"https:\/\/revistamaranhaoturismo.com\/index.php?rest_route=\/wp\/v2\/posts"}],"about":[{"href":"https:\/\/revistamaranhaoturismo.com\/index.php?rest_route=\/wp\/v2\/types\/post"}],"author":[{"embeddable":true,"href":"https:\/\/revistamaranhaoturismo.com\/index.php?rest_route=\/wp\/v2\/users\/1"}],"replies":[{"embeddable":true,"href":"https:\/\/revistamaranhaoturismo.com\/index.php?rest_route=%2Fwp%2Fv2%2Fcomments&post=1096"}],"version-history":[{"count":1,"href":"https:\/\/revistamaranhaoturismo.com\/index.php?rest_route=\/wp\/v2\/posts\/1096\/revisions"}],"predecessor-version":[{"id":1098,"href":"https:\/\/revistamaranhaoturismo.com\/index.php?rest_route=\/wp\/v2\/posts\/1096\/revisions\/1098"}],"wp:featuredmedia":[{"embeddable":true,"href":"https:\/\/revistamaranhaoturismo.com\/index.php?rest_route=\/wp\/v2\/media\/1097"}],"wp:attachment":[{"href":"https:\/\/revistamaranhaoturismo.com\/index.php?rest_route=%2Fwp%2Fv2%2Fmedia&parent=1096"}],"wp:term":[{"taxonomy":"category","embeddable":true,"href":"https:\/\/revistamaranhaoturismo.com\/index.php?rest_route=%2Fwp%2Fv2%2Fcategories&post=1096"},{"taxonomy":"post_tag","embeddable":true,"href":"https:\/\/revistamaranhaoturismo.com\/index.php?rest_route=%2Fwp%2Fv2%2Ftags&post=1096"}],"curies":[{"name":"wp","href":"https:\/\/api.w.org\/{rel}","templated":true}]}}