{"id":1102,"date":"2020-06-23T17:51:58","date_gmt":"2020-06-23T20:51:58","guid":{"rendered":"https:\/\/revistamaranhaoturismo.com\/?p=1102"},"modified":"2020-06-23T17:51:58","modified_gmt":"2020-06-23T20:51:58","slug":"forum-debatera-os-impactos-da-pandemia-no-turismo-religioso","status":"publish","type":"post","link":"https:\/\/revistamaranhaoturismo.com\/?p=1102","title":{"rendered":"F\u00f3rum debater\u00e1 os impactos da pandemia no turismo religioso"},"content":{"rendered":"<p><span style=\"color: #000000;\">Os impactos da pandemia do novo coronav\u00edrus no Turismo Religioso ser\u00e1 o tema da 4\u00aa edi\u00e7\u00e3o do F\u00f3rum Nacional do segmento, que come\u00e7a nesta quarta-feira (24.06). Neste ano, o evento ser\u00e1 transmitido no facebook e youtube do F\u00f3rum e contar\u00e1 com a participa\u00e7\u00e3o de membros da academia, jornalistas e empres\u00e1rios desse setor que \u00e9 um dos principais do pa\u00eds. De acordo com o Departamento de Estudos e Pesquisas do Minist\u00e9rio do Turismo, anualmente s\u00e3o feitas 17,7 milh\u00f5es de viagens dom\u00e9sticas movidas pela f\u00e9 (turistas, sem contar excursionistas).\u00a0<\/span><\/p>\n<p><span style=\"color: #000000;\">Para um dos organizadores do evento, Sidn\u00e9sio Moura, o momento \u00e9 prop\u00edcio para que se discuta o futuro do segmento no pa\u00eds, visto a sua import\u00e2ncia para todo o setor. \u201cO Turismo Religioso \u00e9 um segmento dentro do Turismo que est\u00e1 em ascens\u00e3o. Desde o ano de 2015, o Brasil buscou voltar sua aten\u00e7\u00e3o para este segmento. Da\u00ed a necessidade do F\u00f3rum Nacional de Turismo Religioso para debater os caminhos do Turismo Religioso no Brasil\u201d, destacou.\u00a0<\/span><\/p>\n<p><span style=\"color: #000000;\">Entre os convidados do f\u00f3rum, est\u00e3o um dos principais l\u00edderes ciganos mundial, Zarco Fernandes; o presidente da Associa\u00e7\u00e3o Mu\u00e7ulmana do Rio Grande do Norte, Muhamad Taufik; o coordenador da Pastoral do Turismo Nacional, padre Manoel Filho; e o professor doutor em Turismo e Hospitalidade, Eduardo Taborda. Al\u00e9m dos palestrantes, os interessados poder\u00e3o conferir uma mesa de debate sob o tema \u201cAs Religi\u00f5es e o Turismo Religioso\u201d, que ser\u00e1 moderada pelo co-presidente da Miss\u00e3o Somos Um e Fundador da Comunidade Cat\u00f3lica Cora\u00e7\u00e3o Novo-RJ, Izaias Carneiro\u00a0<\/span><\/p>\n<p><span style=\"color: #000000;\">Os roteiros de f\u00e9 e peregrina\u00e7\u00e3o s\u00e3o fortes incentivadores de pequenos neg\u00f3cios e investimentos, movimentando economias locais em setores como ind\u00fastria, com\u00e9rcio, servi\u00e7os e artesanato, com gera\u00e7\u00e3o de emprego e renda em todas as regi\u00f5es do pa\u00eds. O Brasil conta com diversos eventos e atrativos religiosos que arrematam multid\u00f5es e h\u00e1 casos em que duas ou mais religi\u00f5es se misturam num mesmo evento. Se fizermos um tour pelo turismo religioso no Brasil, vamos perceber a diversidade de op\u00e7\u00f5es que o pa\u00eds oferece.<\/span><\/p>\n<p><span style=\"color: #000000;\"><strong>&#8211; F\u00f3rum Nacional de Turismo Religioso:<\/strong><\/span><\/p>\n<p><span style=\"color: #000000;\">Canal do F\u00f3rum no Youtube:\u00a0<a style=\"color: #000000;\" href=\"https:\/\/www.youtube.com\/channel\/UCh4_6wV5sZDfj6jBHlkaSYw\" target=\"_blank\" rel=\"noopener noreferrer\" data-saferedirecturl=\"https:\/\/www.google.com\/url?q=https:\/\/www.youtube.com\/channel\/UCh4_6wV5sZDfj6jBHlkaSYw&amp;source=gmail&amp;ust=1592998982839000&amp;usg=AFQjCNGhWatfGnbdlkZAWhZ3J46k7PBvcA\">www.youtube.com\/channel\/UCh4_<wbr \/>6wV5sZDfj6jBHlkaSYw<\/a><\/span><\/p>\n<p><span style=\"color: #000000;\">Facebook:\u00a0<a style=\"color: #000000;\" href=\"https:\/\/www.facebook.com\/forumnacionaldeturismoreligioso\/\" target=\"_blank\" rel=\"noopener noreferrer\" data-saferedirecturl=\"https:\/\/www.google.com\/url?q=https:\/\/www.facebook.com\/forumnacionaldeturismoreligioso\/&amp;source=gmail&amp;ust=1592998982839000&amp;usg=AFQjCNHMLMCTuCuYGAMfiRjblzz6eQ14qA\">www.facebook.com\/<wbr \/>forumnacionaldeturismoreligios<wbr \/>o\/<\/a><\/span><\/p>\n<p><span style=\"color: #000000;\">Programa\u00e7\u00e3o do dia 24\/06 no YouTube:\u00a0<a style=\"color: #000000;\" href=\"https:\/\/youtu.be\/u1ECzB5wO0k\" target=\"_blank\" rel=\"noopener noreferrer\" data-saferedirecturl=\"https:\/\/www.google.com\/url?q=https:\/\/youtu.be\/u1ECzB5wO0k&amp;source=gmail&amp;ust=1592998982840000&amp;usg=AFQjCNHm72fjZjOHM6MWsOP5D4bEdnT5-w\">youtu.be\/u1ECzB5wO0k<\/a><\/span><\/p>\n","protected":false},"excerpt":{"rendered":"<p>Os impactos da pandemia do novo coronav\u00edrus no Turismo Religioso ser\u00e1 o tema da 4\u00aa edi\u00e7\u00e3o do F\u00f3rum Nacional do segmento, que come\u00e7a nesta quarta-feira (24.06). Neste ano, o evento ser\u00e1 transmitido no facebook e youtube do F\u00f3rum e contar\u00e1 com a participa\u00e7\u00e3o de membros da academia, jornalistas e empres\u00e1rios desse setor que \u00e9 um [&hellip;]<\/p>\n","protected":false},"author":1,"featured_media":1103,"comment_status":"open","ping_status":"open","sticky":false,"template":"","format":"standard","meta":[],"categories":[45],"tags":[224],"_links":{"self":[{"href":"https:\/\/revistamaranhaoturismo.com\/index.php?rest_route=\/wp\/v2\/posts\/1102"}],"collection":[{"href":"https:\/\/revistamaranhaoturismo.com\/index.php?rest_route=\/wp\/v2\/posts"}],"about":[{"href":"https:\/\/revistamaranhaoturismo.com\/index.php?rest_route=\/wp\/v2\/types\/post"}],"author":[{"embeddable":true,"href":"https:\/\/revistamaranhaoturismo.com\/index.php?rest_route=\/wp\/v2\/users\/1"}],"replies":[{"embeddable":true,"href":"https:\/\/revistamaranhaoturismo.com\/index.php?rest_route=%2Fwp%2Fv2%2Fcomments&post=1102"}],"version-history":[{"count":1,"href":"https:\/\/revistamaranhaoturismo.com\/index.php?rest_route=\/wp\/v2\/posts\/1102\/revisions"}],"predecessor-version":[{"id":1104,"href":"https:\/\/revistamaranhaoturismo.com\/index.php?rest_route=\/wp\/v2\/posts\/1102\/revisions\/1104"}],"wp:featuredmedia":[{"embeddable":true,"href":"https:\/\/revistamaranhaoturismo.com\/index.php?rest_route=\/wp\/v2\/media\/1103"}],"wp:attachment":[{"href":"https:\/\/revistamaranhaoturismo.com\/index.php?rest_route=%2Fwp%2Fv2%2Fmedia&parent=1102"}],"wp:term":[{"taxonomy":"category","embeddable":true,"href":"https:\/\/revistamaranhaoturismo.com\/index.php?rest_route=%2Fwp%2Fv2%2Fcategories&post=1102"},{"taxonomy":"post_tag","embeddable":true,"href":"https:\/\/revistamaranhaoturismo.com\/index.php?rest_route=%2Fwp%2Fv2%2Ftags&post=1102"}],"curies":[{"name":"wp","href":"https:\/\/api.w.org\/{rel}","templated":true}]}}