{"id":1155,"date":"2020-07-02T15:28:44","date_gmt":"2020-07-02T18:28:44","guid":{"rendered":"https:\/\/revistamaranhaoturismo.com\/?p=1155"},"modified":"2020-07-02T15:28:44","modified_gmt":"2020-07-02T18:28:44","slug":"equatorial-firma-parceria-para-beneficiar-centro-de-lancamento-de-alcantara","status":"publish","type":"post","link":"https:\/\/revistamaranhaoturismo.com\/?p=1155","title":{"rendered":"Equatorial firma parceria para beneficiar Centro de Lan\u00e7amento de Alc\u00e2ntara"},"content":{"rendered":"<p>A Equatorial Energia e o Centro de Lan\u00e7amento de Alc\u00e2ntara (CLA) firmaram parceria para viabilizar a constru\u00e7\u00e3o e o desenvolvimento de uma microrrede de energia el\u00e9trica inteligente nas depend\u00eancias internas do CLA. A microrrede ir\u00e1 permitir mais seguran\u00e7a, resili\u00eancia e qualidade para a energia usada nas atividades cr\u00edticas do centro de lan\u00e7amento aeroespacial na cidade de Alc\u00e2ntara.<\/p>\n<p>Com o investimento da ordem de R$ 10 mi, a implanta\u00e7\u00e3o, pesquisa de melhorias tecnol\u00f3gicas e o desenvolvimento de conhecimento inovador dessa microrrede faz parte do programa de\u00a0Pesquisa e Desenvolvimento da Equatorial Energia, em conformidade com o que estabelece a Ag\u00eancia Nacional de Energia El\u00e9trica \u2013 Aneel.\u00a0 A Universidade Federal do Maranh\u00e3o\u00a0 (UFMA) ser\u00e1 parceira tecnol\u00f3gico de desenvolvimento.<\/p>\n<p>O projeto implantar\u00e1 gera\u00e7\u00e3o de energia local\u00a0com fontes renov\u00e1veis,\u00a0sistema de armazenamento de energia e sistemas autom\u00e1ticos de controle, chaveamento e monitoramento da microrrede.\u00a0Tudo isso com objetivo de garantir uma rede de energia que pode ser automaticamente isolada em caso de interrup\u00e7\u00f5es no fornecimento regular, garantindo a continuidade das atividades, principalmente em momentos de lan\u00e7amento de foguetes.<\/p>\n<p>Isto ir\u00e1 garantir mais seguran\u00e7a e qualidade\u00a0para as atividades cr\u00edticas realizadas no CLA. Al\u00e9m disso, esse desenvolvimento contribuir\u00e1 para a redu\u00e7\u00e3o de gastos com energia el\u00e9trica do Centro, assim como para o desenvolvimento de inova\u00e7\u00f5es tecnol\u00f3gicas no Maranh\u00e3o, al\u00e9m de uso e capacita\u00e7\u00e3o de m\u00e3o de obra do estado. Nessa primeira etapa, que vai durar 12 meses, ser\u00e3o realizadas a instala\u00e7\u00e3o das placas do parque fotovoltaico e instala\u00e7\u00e3o dos bancos de baterias para armazenamento da energia gerada.<\/p>\n<h5><\/h5>\n<h5>ACORDO VIA VIDEOCONFER\u00caNCIA<\/h5>\n<p>O conv\u00eanio foi firmado digitalmente\u00a0e por meio de\u00a0videoconfer\u00eancia \u2013 respeitando as normas do Minist\u00e9rio da Sa\u00fade em raz\u00e3o da pandemia do novo coronav\u00edrus -,\u00a0e contou com a participa\u00e7\u00e3o do\u00a0Vice-Chefe do Estado-Maior da Aeron\u00e1utica, Major Brigadeiro do Ar S\u00e9rgio Roberto de Almeida; do Chefe da Quarta Subchefia do EMAER, Brigadeiro Engenheiro Eliezer de Freitas Cabral; do Diretor do Instituto de Aeron\u00e1utica e Espa\u00e7o (IAE), Brigadeiro Engenheiro C\u00e9sar Dem\u00e9trio Santos; do Assessor do Minist\u00e9rio da Defesa, Brigadeiro do Ar Rog\u00e9rio Luiz Ver\u00edssimo Cruz; do Diretor do CLA, Coronel Aviador Marcello Correa de Souza; do\u00a0Presidente da Equatorial Maranh\u00e3o, Augusto Dantas Borges; do Diretor Corporativo de Servi\u00e7os, Mauricio Velloso Ferreira; e do Professor da Universidade Federal\u00a0do Maranh\u00e3o, Doutor Luiz Antonio Ribeiro.<\/p>\n<p>Para o CEO do Grupo Equatorial, Augusto Miranda, o projeto de Microrredes Inteligentes vai aumentar a confiabilidade nos processos cr\u00edticos do Centro de Lan\u00e7amento de Alc\u00e2ntara (CLA).\u00a0<em>\u201cApoiamos projetos de pesquisa e desenvolvimento que envolvam novas tecnologias que possam ampliar a forma de atua\u00e7\u00e3o da companhia, n\u00e3o somente no Brasil, mas sendo refer\u00eancia em outros pa\u00edses. Estamos confiantes no sucesso dessa parceria junto ao Minist\u00e9rio da Defesa e\u00a0\u00e0\u00a0For\u00e7a A\u00e9rea, por permitirem\u00a0a implanta\u00e7\u00e3o de um sistema com padr\u00e3o internacional de qualidade no CLA, ajudando a fortalecer o desenvolvimento tecnol\u00f3gico no estado do Maranh\u00e3o\u201d,<\/em>\u00a0destacou.<\/p>\n<p>O Vice-Chefe do Estado-Maior da Aeron\u00e1utica, Major Brigadeiro Almeida,\u00a0destacou o valor estrat\u00e9gico do projeto de Alc\u00e2ntara. \u201cA For\u00e7a A\u00e9rea, hoje, d\u00e1 um importante passo no desenvolvimento dos projetos espaciais, alinhados com as pol\u00edticas p\u00fablicas de desenvolvimento do pa\u00eds\u201d.<\/p>\n","protected":false},"excerpt":{"rendered":"<p>A Equatorial Energia e o Centro de Lan\u00e7amento de Alc\u00e2ntara (CLA) firmaram parceria para viabilizar a constru\u00e7\u00e3o e o desenvolvimento de uma microrrede de energia el\u00e9trica inteligente nas depend\u00eancias internas do CLA. A microrrede ir\u00e1 permitir mais seguran\u00e7a, resili\u00eancia e qualidade para a energia usada nas atividades cr\u00edticas do centro de lan\u00e7amento aeroespacial na cidade [&hellip;]<\/p>\n","protected":false},"author":1,"featured_media":1156,"comment_status":"open","ping_status":"open","sticky":false,"template":"","format":"standard","meta":[],"categories":[218],"tags":[175,246,247],"_links":{"self":[{"href":"https:\/\/revistamaranhaoturismo.com\/index.php?rest_route=\/wp\/v2\/posts\/1155"}],"collection":[{"href":"https:\/\/revistamaranhaoturismo.com\/index.php?rest_route=\/wp\/v2\/posts"}],"about":[{"href":"https:\/\/revistamaranhaoturismo.com\/index.php?rest_route=\/wp\/v2\/types\/post"}],"author":[{"embeddable":true,"href":"https:\/\/revistamaranhaoturismo.com\/index.php?rest_route=\/wp\/v2\/users\/1"}],"replies":[{"embeddable":true,"href":"https:\/\/revistamaranhaoturismo.com\/index.php?rest_route=%2Fwp%2Fv2%2Fcomments&post=1155"}],"version-history":[{"count":1,"href":"https:\/\/revistamaranhaoturismo.com\/index.php?rest_route=\/wp\/v2\/posts\/1155\/revisions"}],"predecessor-version":[{"id":1157,"href":"https:\/\/revistamaranhaoturismo.com\/index.php?rest_route=\/wp\/v2\/posts\/1155\/revisions\/1157"}],"wp:featuredmedia":[{"embeddable":true,"href":"https:\/\/revistamaranhaoturismo.com\/index.php?rest_route=\/wp\/v2\/media\/1156"}],"wp:attachment":[{"href":"https:\/\/revistamaranhaoturismo.com\/index.php?rest_route=%2Fwp%2Fv2%2Fmedia&parent=1155"}],"wp:term":[{"taxonomy":"category","embeddable":true,"href":"https:\/\/revistamaranhaoturismo.com\/index.php?rest_route=%2Fwp%2Fv2%2Fcategories&post=1155"},{"taxonomy":"post_tag","embeddable":true,"href":"https:\/\/revistamaranhaoturismo.com\/index.php?rest_route=%2Fwp%2Fv2%2Ftags&post=1155"}],"curies":[{"name":"wp","href":"https:\/\/api.w.org\/{rel}","templated":true}]}}