{"id":1230,"date":"2020-07-15T09:38:34","date_gmt":"2020-07-15T12:38:34","guid":{"rendered":"https:\/\/revistamaranhaoturismo.com\/?p=1230"},"modified":"2020-07-15T09:38:34","modified_gmt":"2020-07-15T12:38:34","slug":"carnaval-de-congo-de-mascaras-e-joao-bananeira-tornam-se-patrimonios-imateriais-do-municipio-de-cariacica-no-estado-dio-espirito-santo","status":"publish","type":"post","link":"https:\/\/revistamaranhaoturismo.com\/?p=1230","title":{"rendered":"Carnaval de Congo de M\u00e1scaras e Jo\u00e3o Bananeira tornam-se Patrim\u00f4nios Imateriais do Munic\u00edpio de Cariacica, no Estado dio Esp\u00edrito Santo"},"content":{"rendered":"<p><em>Manifesta\u00e7\u00e3o e personagem expressam heran\u00e7as de nativos tupis e tupiniquins, imigrantes europeus e cativos africanos. Evento homenageia Nossa Senhora da Penha, padroeira cat\u00f3lica do Estado do Esp\u00edrito Santo. Festa acontece na \u00e1rea rural do Munic\u00edpio de Cariacica. Evento e personagem, agora, s\u00e3o Patrim\u00f4nios Imateriais.<\/em><\/p>\n<p><!--more--><\/p>\n<p>&nbsp;<\/p>\n<h3><strong>Carnaval de Congo de M\u00e1scaras e Jo\u00e3o Bananeira: patrim\u00f4nios<\/strong><\/h3>\n<p>&nbsp;<\/p>\n<p>O <a href=\"https:\/\/www.turismoria.com.br\/turismo-e-cia\/carnaval-de-congo-de-mascaras-da-cidade-de-cariacica-no-estado-do-espirito-santo\/\" target=\"_blank\" rel=\"noopener noreferrer\">Carnaval de Congo de M\u00e1scaras da Comunidade de Roda d\u2019\u00c1gua<\/a>, e o principal personagem daquela festa, Jo\u00e3o Bananeira, agora est\u00e3o registrados como <a href=\"https:\/\/pt.wikipedia.org\/wiki\/Patrim%C3%B4nio_cultural_imaterial\" target=\"_blank\" rel=\"noopener noreferrer\">Patrim\u00f4nios Imateriais<\/a> do <a href=\"https:\/\/pt.wikipedia.org\/wiki\/Cariacica\" target=\"_blank\" rel=\"noopener noreferrer\">Munic\u00edpio de Cariacica<\/a>. As duas manifesta\u00e7\u00f5es populares s\u00e3o as primeiras elevadas a essa nova condi\u00e7\u00e3o.<\/p>\n<p>O decreto da Prefeitura, com a oficializa\u00e7\u00e3o do registro do Carnaval de Congo de M\u00e1scaras da Comunidade de Roda d\u2019\u00c1gua, torna obrigat\u00f3rio o cumprimento de uma s\u00e9rie de procedimentos voltados \u00e0 preserva\u00e7\u00e3o, prote\u00e7\u00e3o e valoriza\u00e7\u00e3o dessa riqueza. Eles podem ser assim resumidos:<\/p>\n<ul>\n<li>Data de realiza\u00e7\u00e3o m\u00f3vel, marcada de acordo com a comemora\u00e7\u00e3o da <a href=\"https:\/\/pt.wikipedia.org\/wiki\/P%C3%A1scoa\" target=\"_blank\" rel=\"noopener noreferrer\">P\u00e1scoa<\/a>;<\/li>\n<li>Manuten\u00e7\u00e3o da estrutura, organiza\u00e7\u00e3o e modos tradicionais de fazer o festejo;<\/li>\n<li>Protagonismo das bandas de congo do Munic\u00edpio de Cariacica, as fazedoras da festa;<\/li>\n<li>Presen\u00e7a de imagem de <a href=\"https:\/\/pt.wikipedia.org\/wiki\/Nossa_Senhora_da_Penha_de_Fran%C3%A7a\" target=\"_blank\" rel=\"noopener noreferrer\">Nossa Senhora da Penha<\/a> no cortejo, missa e local dos festejos;<\/li>\n<li>Cortejo cumprindo roteiro saindo da casa do festeiro em dire\u00e7\u00e3o \u00e0 missa campal;<\/li>\n<li>Missa campal com a participa\u00e7\u00e3o ativa de todos os grupos de congo presentes;<\/li>\n<li>Encontro das bandas de congo do Munic\u00edpio de Cariacica com as demais presentes; e,<\/li>\n<li>Presen\u00e7a indispens\u00e1vel dos personagens tradicionais: mascarado, burrinha e Jo\u00e3o Bananeira.<\/li>\n<\/ul>\n<p>O mesmo acontece com o personagem destacada daquela festividade, o Jo\u00e3o Bananeira. Seu instrumento legal de registro tamb\u00e9m especifica ser obrigat\u00f3rio seguir e cumprir procedimentos de preserva\u00e7\u00e3o, prote\u00e7\u00e3o e valoriza\u00e7\u00e3o. Eles est\u00e3o relacionados na lista reproduzida a seguir:<\/p>\n<ul>\n<li>Modos de fazer os trajes de folhas secas de bananeiras, amarradas em formato de saia;<\/li>\n<li>Obrigatoriedade do uso dos trajes, de modo a esconder partes do corpo do brincante;<\/li>\n<li>Formas de produzir as m\u00e1scaras coloridas: papel e cola ou grude sobre carranca de barro;<\/li>\n<li>Obrigatoriedade do uso das m\u00e1scaras, para esconder a identidade do brincante;<\/li>\n<li>Manuten\u00e7\u00e3o de sigilo quanto \u00e0 identidade da pessoa que incorpora e representa o brincante;<\/li>\n<li>Caracter\u00edsticas dos brincantes fingirem assustar as crian\u00e7as, correndo atr\u00e1s delas; e,<\/li>\n<li>Caracter\u00edsticas dos brincantes dan\u00e7arem com foli\u00f5es durante o Carnaval de Congo de M\u00e1scaras.<\/li>\n<\/ul>\n<p>Por fim, o \u00edcone Jo\u00e3o Bananeira, agora bem de valores cultural, hist\u00f3rico, patrimonial e social, dever\u00e1 ser reconhecido por todas as institui\u00e7\u00f5es municipais p\u00fablicas e privadas, e seu estudo ser inclu\u00eddo na grade curricular de todas as escolas em funcionamento no Munic\u00edpio de Cariacica.<\/p>\n<p>&nbsp;<\/p>\n<figure id=\"attachment_14022\" aria-describedby=\"caption-attachment-14022\" style=\"width: 936px\" class=\"wp-caption alignnone\"><img decoding=\"async\" loading=\"lazy\" class=\"size-full wp-image-14022\" src=\"https:\/\/www.turismoria.com.br\/wp-content\/uploads\/2020\/07\/estado_do_espirito_santo_cidade_de_cariacica_carnaval_de_congo_de_mascaras_da_comunidade_de_roda_d_agua_01.jpg\" alt=\"\" width=\"936\" height=\"550\" \/><figcaption id=\"caption-attachment-14022\" class=\"wp-caption-text\">Agora, tanto a manifesta\u00e7\u00e3o, o Carnaval de Congo de M\u00e1scaras da Comunidade de Roda d\u2019\u00c1gua, quanto seu personagem principal, Jo\u00e3o Bananeira, est\u00e3o registrados como Patrim\u00f4nios Imateriais do Munic\u00edpio de Cariacica. Os dois s\u00e3o os primeiros a serem agraciados com essa nova condi\u00e7\u00e3o<\/figcaption><\/figure>\n<p>&nbsp;<\/p>\n<h3><strong>Patrim\u00f4nio Imaterial do Brasil: acervo inestim\u00e1vel<\/strong><\/h3>\n<p>&nbsp;<\/p>\n<p>O procedimento de registro oficial cria um conjunto de instrumentos legais fundamentais e necess\u00e1rios para preserva\u00e7\u00e3o, reconhecimento e valoriza\u00e7\u00e3o dos bens relacionados \u00e0 forma\u00e7\u00e3o da sociedade brasileira, cujo conjunto forma o acervo descrito como Patrim\u00f4nio Imaterial do <a href=\"https:\/\/pt.wikipedia.org\/wiki\/Brasil\" target=\"_blank\" rel=\"noopener noreferrer\">Brasil<\/a>.<\/p>\n<p>E este pode ser resumido em artes, celebra\u00e7\u00f5es, cancioneiros, conhecimentos, express\u00f5es, m\u00fasicas, pr\u00e1ticas, representa\u00e7\u00f5es, saberes e t\u00e9cnicas desenvolvidas e guardadas, ao longo dos s\u00e9culos, por grupos sociais diversos, formados tanto por nativos quanto negros ou brancos.<\/p>\n<p>Assim, as possibilidades de serem registrados novos Patrim\u00f4nios Imateriais, tanto no Munic\u00edpio de Cariacica quanto em todos os outros do territ\u00f3rio nacional s\u00e3o praticamente infinitas. Passo posterior \u00e9 buscar a eleva\u00e7\u00e3o dessa condi\u00e7\u00e3o, transformando-os em Patrim\u00f4nio Imaterial do Pa\u00eds.<\/p>\n<p>No <a href=\"https:\/\/pt.wikipedia.org\/wiki\/Esp%C3%ADrito_Santo_(estado)\" target=\"_blank\" rel=\"noopener noreferrer\">Estado do Esp\u00edrito Santo<\/a>, at\u00e9 o momento, apenas o m\u00e9todo de produ\u00e7\u00e3o das panelas de barro da comunidade do Bairro de Goiabeiras, na <a href=\"https:\/\/pt.wikipedia.org\/wiki\/Vit%C3%B3ria_(Esp%C3%ADrito_Santo)\" target=\"_blank\" rel=\"noopener noreferrer\">Cidade de Vit\u00f3ria<\/a>, a capital capixaba, alcan\u00e7ou esse patamar. Outro com enormes condi\u00e7\u00f5es de chegar l\u00e1 \u00e9 o modo de preparo da <a href=\"https:\/\/pt.wikipedia.org\/wiki\/Moqueca\" target=\"_blank\" rel=\"noopener noreferrer\">moqueca capixaba<\/a>.<\/p>\n<p>&nbsp;<\/p>\n<figure id=\"attachment_14023\" aria-describedby=\"caption-attachment-14023\" style=\"width: 936px\" class=\"wp-caption alignnone\"><img decoding=\"async\" loading=\"lazy\" class=\"size-full wp-image-14023\" src=\"https:\/\/www.turismoria.com.br\/wp-content\/uploads\/2020\/07\/estado_do_espirito_santo_cidade_de_cariacica_carnaval_de_congo_de_mascaras_da_comunidade_de_roda_d_agua_02.jpg\" alt=\"\" width=\"936\" height=\"550\" \/><figcaption id=\"caption-attachment-14023\" class=\"wp-caption-text\">O acervo do Patrim\u00f4nio Imaterial re\u00fane artes, celebra\u00e7\u00f5es, cancioneiros, conhecimentos, express\u00f5es, m\u00fasicas, pr\u00e1ticas, representa\u00e7\u00f5es, saberes e t\u00e9cnicas desenvolvidas e guardadas, ao longo dos s\u00e9culos, por grupos sociais formados tanto por nativos quanto negros ou brancos<\/figcaption><\/figure>\n<p>&nbsp;<\/p>\n<h3><strong>Congo: dan\u00e7a e m\u00fasica trazida por escravos africanos<\/strong><\/h3>\n<p>&nbsp;<\/p>\n<p><a href=\"https:\/\/pt.wikipedia.org\/wiki\/Congo_capixaba\" target=\"_blank\" rel=\"noopener noreferrer\">Congo<\/a> \u00e9 um dos muitos conjuntos de dan\u00e7as e m\u00fasicas trazidas pelos escravos para o Brasil no <a href=\"https:\/\/pt.wikipedia.org\/wiki\/Per%C3%ADodo_Colonial\" target=\"_blank\" rel=\"noopener noreferrer\">Per\u00edodo Colonial<\/a>. \u00c9 particularmente caracterizada pelo uso de tambores r\u00fasticos, em v\u00e1rios tamanhos, trajes em cores vivas e coreografias t\u00edpicas \u2014 al\u00e9m de c\u00e2nticos invocando deuses.<\/p>\n<p>Nos dois \u00faltimos s\u00e9culos, evoluiu para uma manifesta\u00e7\u00e3o folcl\u00f3rica e religiosa. Desenvolve-se durante todo o ano, em v\u00e1rias regi\u00f5es do Pa\u00eds, homenageando quatro representa\u00e7\u00f5es relacionadas ao catolicismo: Nossa Senhora da Penha, <a href=\"https:\/\/pt.wikipedia.org\/wiki\/Esp%C3%ADrito_Santo_(estado)\" target=\"_blank\" rel=\"noopener noreferrer\">Divino Esp\u00edrito Santo<\/a>, <a href=\"https:\/\/pt.wikipedia.org\/wiki\/Benedito,_o_Mouro\" target=\"_blank\" rel=\"noopener noreferrer\">S\u00e3o Benedito<\/a> e <a href=\"https:\/\/pt.wikipedia.org\/wiki\/Sebasti%C3%A3o_de_Narbona\" target=\"_blank\" rel=\"noopener noreferrer\">S\u00e3o Sebasti\u00e3o<\/a>.<\/p>\n<p>As festas em homenagem ao Divino Esp\u00edrito Santo da <a href=\"https:\/\/www.turismoria.com.br\/turismo-e-cia\/cidade-de-alcantara-no-norte-estado-do-maranhao-exibe-seus-400-anos-de-historia\/\" target=\"_blank\" rel=\"noopener noreferrer\">Cidade de Alc\u00e2ntara<\/a>, vizinha \u00e0 <a href=\"https:\/\/www.turismoria.com.br\/turismo-e-cia\/cidade-de-sao-luis-uma-riqueza-quase-inesgotavel-de-capelas-e-igrejas-centenarias\/\" target=\"_blank\" rel=\"noopener noreferrer\">Cidade de S\u00e3o Lu\u00eds<\/a>, a capital do <a href=\"https:\/\/pt.wikipedia.org\/wiki\/Maranh%C3%A3o\" target=\"_blank\" rel=\"noopener noreferrer\">Estado do Maranh\u00e3o<\/a>, e da <a href=\"https:\/\/pt.wikipedia.org\/wiki\/Piren%C3%B3polis\" target=\"_blank\" rel=\"noopener noreferrer\">Cidade de Piren\u00f3polis<\/a>, situada a 20 quil\u00f4metros a Nordeste da <a href=\"https:\/\/pt.wikipedia.org\/wiki\/Goi%C3%A2nia\" target=\"_blank\" rel=\"noopener noreferrer\">Cidade de Goi\u00e2nia<\/a>, a capital do <a href=\"https:\/\/pt.wikipedia.org\/wiki\/Goi%C3%A1s\" target=\"_blank\" rel=\"noopener noreferrer\">Estado de Goi\u00e1s<\/a>, s\u00e3o das mais famosas do Brasil.<\/p>\n<p>&nbsp;<\/p>\n<figure id=\"attachment_14025\" aria-describedby=\"caption-attachment-14025\" style=\"width: 936px\" class=\"wp-caption alignnone\"><img decoding=\"async\" loading=\"lazy\" class=\"size-full wp-image-14025\" src=\"https:\/\/www.turismoria.com.br\/wp-content\/uploads\/2020\/07\/estado_do_espirito_santo_cidade_de_cariacica_carnaval_de_congo_de_mascaras_da_comunidade_de_roda_d_agua_03.jpg\" alt=\"\" width=\"936\" height=\"550\" \/><figcaption id=\"caption-attachment-14025\" class=\"wp-caption-text\">Congo \u00e9 um dos muitos conjuntos de dan\u00e7as e m\u00fasicas trazidas pelos escravos para o Brasil no Per\u00edodo Colonial. \u00c9 particularmente caracterizada pelo uso de tambores r\u00fasticos, em v\u00e1rios tamanhos, trajes em cores vivas e coreografias t\u00edpicas \u2014 al\u00e9m de c\u00e2nticos invocando deuses<\/figcaption><\/figure>\n<p>&nbsp;<\/p>\n<h3><strong>Congo: ritmo identificado com o Estado do Esp\u00edrito Santo<\/strong><\/h3>\n<p>&nbsp;<\/p>\n<p>As mais representativas em rela\u00e7\u00e3o a S\u00e3o Benedito, S\u00e3o Sebasti\u00e3o e Nossa Senhora da Penha est\u00e3o circunscritas ao espa\u00e7o geogr\u00e1fico da <a href=\"https:\/\/pt.wikipedia.org\/wiki\/Regi%C3%A3o_Metropolitana_de_Vit%C3%B3ria\" target=\"_blank\" rel=\"noopener noreferrer\">Regi\u00e3o Metropolitana da Grande Vit\u00f3ria<\/a> \u2014 seis Munic\u00edpios situados no entorno da Cidade de Vit\u00f3ria, a capital do Estado do Esp\u00edrito Santo.<\/p>\n<p>Ao Norte, o <a href=\"https:\/\/pt.wikipedia.org\/wiki\/Fund%C3%A3o_(Esp%C3%ADrito_Santo)\" target=\"_blank\" rel=\"noopener noreferrer\">Munic\u00edpio de Fund\u00e3o<\/a> e o <a href=\"https:\/\/pt.wikipedia.org\/wiki\/Serra_(Esp%C3%ADrito_Santo)\" target=\"_blank\" rel=\"noopener noreferrer\">Munic\u00edpio de Serra<\/a>; a Oeste, o Munic\u00edpio de Cariacica e o <a href=\"https:\/\/pt.wikipedia.org\/wiki\/Viana_(Esp%C3%ADrito_Santo)\" target=\"_blank\" rel=\"noopener noreferrer\">Munic\u00edpio de Viana<\/a>; e, ao Sul, o <a href=\"https:\/\/pt.wikipedia.org\/wiki\/Vila_Velha\" target=\"_blank\" rel=\"noopener noreferrer\">Munic\u00edpio de Vila Velha<\/a> e o <a href=\"https:\/\/pt.wikipedia.org\/wiki\/Guarapari\" target=\"_blank\" rel=\"noopener noreferrer\">Munic\u00edpio de Guarapari<\/a>. Devido a essa concentra\u00e7\u00e3o, o congo, praticamente, tornou-se ritmo caracter\u00edstico do territ\u00f3rio capixaba.<\/p>\n<p>A forte influ\u00eancia sobre o cancioneiro local est\u00e1 exemplificada pelo sucesso de \u201cMadalena\u201d, de <a href=\"https:\/\/pt.wikipedia.org\/wiki\/Martinho_da_Vila\" target=\"_blank\" rel=\"noopener noreferrer\">Martinho da Vila<\/a>, e trabalhos das bandas nativas de rock Casaca e Maninal. Acordes iniciais de uma cria\u00e7\u00e3o desta primeira serviu de senha para acionar uma sonda enviada ao planeta <a href=\"https:\/\/pt.wikipedia.org\/wiki\/Marte_(planeta)\" target=\"_blank\" rel=\"noopener noreferrer\">Marte<\/a>.<\/p>\n<p>No Munic\u00edpio de Serra, ao Norte, e no Munic\u00edpio de Vila Velha, ao Sul, h\u00e1 festas dedicadas a S\u00e3o Benedito. Cortejo por ruas da cidade, animado pelo ritmo e cantoria do congo, escolta um tronco de madeira at\u00e9 o local dele ser fincado ao solo, exibindo estandarte da figura do santo.<\/p>\n<p>&nbsp;<\/p>\n<figure id=\"attachment_14026\" aria-describedby=\"caption-attachment-14026\" style=\"width: 936px\" class=\"wp-caption alignnone\"><img decoding=\"async\" loading=\"lazy\" class=\"size-full wp-image-14026\" src=\"https:\/\/www.turismoria.com.br\/wp-content\/uploads\/2020\/07\/estado_do_espirito_santo_cidade_de_cariacica_carnaval_de_congo_de_mascaras_da_comunidade_de_roda_d_agua_04.jpg\" alt=\"\" width=\"936\" height=\"550\" \/><figcaption id=\"caption-attachment-14026\" class=\"wp-caption-text\">A influ\u00eancia do congo sobre o cancioneiro do Estado do Esp\u00edrito Santo est\u00e1 exemplificada no sucesso \u201cMadalena\u201d, de Martinho da Vila, e trabalhos das bandas nativas de rock Casaca e Maninal. Acordes iniciais de cria\u00e7\u00e3o desta primeira serviu de senha para acionar sonda em Marte<\/figcaption><\/figure>\n<p>&nbsp;<\/p>\n<h3><strong>Congo: diferenciais criados no Munic\u00edpio de Cariacica<\/strong><\/h3>\n<p>&nbsp;<\/p>\n<p>No Munic\u00edpio de Cariacica, a manifesta\u00e7\u00e3o do congo tem diferenciais \u00fanicos: a devo\u00e7\u00e3o \u00e9 por Nossa Senhora da Penha, a padroeira do Estado do Esp\u00edrito Santo; o cortejo re\u00fane grupos vindos de todos os outros Munic\u00edpios vizinhos; e n\u00e3o h\u00e1 escolta nem, muito menos, fincada de mastro.<\/p>\n<p>Ap\u00f3s concentra\u00e7\u00e3o na entrada da Comunidade de Roda d\u2019\u00c1gua, na Zona Rural, um seguindo o outro, saem cantando e dan\u00e7ando, at\u00e9 um espa\u00e7o onde acontece uma missa. Durante a celebra\u00e7\u00e3o, em vez de assistentes passivos, integram-se ao ritual, abrilhantando-o com interven\u00e7\u00f5es musicais.<\/p>\n<p>Nessas oportunidades, destacam-se a simplicidade dos versos e rimas criados pelos mestres das bandas e os acordes afinados, nascidos do manuseio com maestria de instrumentos r\u00fasticos, feitos \u00e0 m\u00e3o pelos pr\u00f3prios integrantes: apitos, tambores diversas e reco-recos esculpidos em madeira.<\/p>\n<p>Finda a parte solene, nova movimenta\u00e7\u00e3o, uma banda em seguida a outra, diferenciando-se pelas vestimentas pr\u00f3prias, geralmente em cores berrantes: todos cantando, porta-bandeira evoluindo \u00e0 frente, participantes dan\u00e7ando e m\u00fasicos tocando, sob a forte e continuada reg\u00eancia dos mestres.<\/p>\n<p>E seguem at\u00e9 outra grande \u00e1rea, onde acontece o evento traduzido pelo nome da festa: Carnaval de Congo de M\u00e1scaras da Comunidade de Roda d\u2019\u00c1gua, um Distrito do Munic\u00edpio de Cariacica, espraiando-se aos p\u00e9s do Monte do Mochuara, um \u00edcone do Turismo do Estado do Esp\u00edrito Santo.<\/p>\n<p>&nbsp;<\/p>\n<figure id=\"attachment_14027\" aria-describedby=\"caption-attachment-14027\" style=\"width: 936px\" class=\"wp-caption alignnone\"><img decoding=\"async\" loading=\"lazy\" class=\"size-full wp-image-14027\" src=\"https:\/\/www.turismoria.com.br\/wp-content\/uploads\/2020\/07\/estado_do_espirito_santo_cidade_de_cariacica_carnaval_de_congo_de_mascaras_da_comunidade_de_roda_d_agua_05.jpg\" alt=\"\" width=\"936\" height=\"550\" \/><figcaption id=\"caption-attachment-14027\" class=\"wp-caption-text\">No Munic\u00edpio de Cariacica, a manifesta\u00e7\u00e3o do congo tem diferenciais \u00fanicos: a devo\u00e7\u00e3o \u00e9 por Nossa Senhora da Penha, a padroeira do Estado do Esp\u00edrito Santo; o cortejo re\u00fane grupos vindos de todos os outros Munic\u00edpios vizinhos; e n\u00e3o h\u00e1 escolta nem, muito menos, fincada de mastro<\/figcaption><\/figure>\n<p>&nbsp;<\/p>\n<h3><strong>Carnaval de Congo de M\u00e1scaras: origem na religiosidade<\/strong><\/h3>\n<p>&nbsp;<\/p>\n<p>A origem e o formato dessa manifesta\u00e7\u00e3o secular, agregando cultura e religiosidade oriundas dos nativos tupis e tupiniquins, imigrantes europeus e cativos africanos, perdeu-se durante o passar do tempo. Mas isso importa pouco para a popularidade do evento, em ritmo crescente ano a ano.<\/p>\n<p>O Carnaval de Congo de M\u00e1scaras da Comunidade de Roda d\u2019\u00c1gua nasceu das dificuldades dos moradores locais querendo participar das missas, prociss\u00f5es e romarias em homenagem a Nossa Senhora da Penha, realizadas na Cidade de Vila Velha e na Cidade de Vit\u00f3ria, bem distantes.<\/p>\n<p>Assim, eles criaram a sua pr\u00f3pria prociss\u00e3o, com a romaria dos fi\u00e9is cruzando com fervor as estradas de ch\u00e3o daquela regi\u00e3o. Isso \u00e9 bem prov\u00e1vel de ter acontecido mesmo, devido \u00e0 forte religiosidade cat\u00f3lica da maioria dos habitantes do Estado do Esp\u00edrito Santo at\u00e9 os dias atuais.<\/p>\n<p>&nbsp;<\/p>\n<figure id=\"attachment_14028\" aria-describedby=\"caption-attachment-14028\" style=\"width: 936px\" class=\"wp-caption alignnone\"><img decoding=\"async\" loading=\"lazy\" class=\"size-full wp-image-14028\" src=\"https:\/\/www.turismoria.com.br\/wp-content\/uploads\/2020\/07\/estado_do_espirito_santo_cidade_de_cariacica_carnaval_de_congo_de_mascaras_da_comunidade_de_roda_d_agua_06.jpg\" alt=\"\" width=\"936\" height=\"550\" \/><figcaption id=\"caption-attachment-14028\" class=\"wp-caption-text\">O Carnaval de Congo de M\u00e1scaras da Comunidade de Roda d\u2019\u00c1gua nasceu das dificuldades dos moradores locais querendo participar das missas, prociss\u00f5es e romarias em homenagem a Nossa Senhora da Penha, realizadas na Cidade de Vila Velha e na Cidade de Vit\u00f3ria, bem distantes<\/figcaption><\/figure>\n<p>&nbsp;<\/p>\n<h3><strong>Carnaval de Congo de M\u00e1scaras: Jo\u00e3o Bananeira<\/strong><\/h3>\n<p>&nbsp;<\/p>\n<p>N\u00e3o demorou, definiu-se um personagem central para a festa: Jo\u00e3o Bananeira. H\u00e1 muitas lendas a respeito dele: s\u00f3 aparece no dia da comemora\u00e7\u00e3o, nasce do vento, tem a ver com dem\u00f4nios etc. Rosto escondido por m\u00e1scara de barro, vestido com folhas de bananeira, entra mudo, sai calado<\/p>\n<p>Sua figura esdr\u00faxula extrapolou os limites do Carnaval de Congo de M\u00e1scaras da Comunidade de Roda d\u2019\u00c1gua. Hoje, \u00e9 parte do dia a dia de todos os habitantes do Munic\u00edpio de Cariacica \u2014 cujo nome veio da express\u00e3o tupi \u201ccari-jaci-ca\u00e1\u201d, com significado de \u201cchegada do homem branco.\u201d<\/p>\n<p>Durante os debates para a constru\u00e7\u00e3o de uma legisla\u00e7\u00e3o espec\u00edfica para regular o financiamento p\u00fablico das produ\u00e7\u00f5es culturais naquela cidade, um ponto n\u00e3o teve discuss\u00f5es: sua identifica\u00e7\u00e3o. E, assim, foi aprovada a Lei de Incentivo \u00e0 Cultura do Munic\u00edpio de Cariacica Jo\u00e3o Bananeira.<\/p>\n<p>&nbsp;<\/p>\n<figure id=\"attachment_14029\" aria-describedby=\"caption-attachment-14029\" style=\"width: 936px\" class=\"wp-caption alignnone\"><img decoding=\"async\" loading=\"lazy\" class=\"size-full wp-image-14029\" src=\"https:\/\/www.turismoria.com.br\/wp-content\/uploads\/2020\/07\/estado_do_espirito_santo_cidade_de_cariacica_carnaval_de_congo_de_mascaras_da_comunidade_de_roda_d_agua_07.jpg\" alt=\"\" width=\"936\" height=\"550\" \/><figcaption id=\"caption-attachment-14029\" class=\"wp-caption-text\">A figura do personagem Jo\u00e3o Bananeira extrapolou os limites do Carnaval de Congo de M\u00e1scaras da Comunidade de Roda d\u2019\u00c1gua. Hoje, \u00e9 parte do dia a dia de todo o Munic\u00edpio de Cariacica \u2014 denomina\u00e7\u00e3o vindo da express\u00e3o tupi \u201ccari-jaci-ca\u00e1\u201d, significando \u201cchegada do homem branco\u201d<\/figcaption><\/figure>\n<p>&nbsp;<\/p>\n<hr \/>\n<p>&nbsp;<\/p>\n<p><em>O post &#8220;Carnaval de Congo de M\u00e1scaras e Jo\u00e3o Bananeira tornam-se Patrim\u00f4nios Imateriais&#8221; foi produzido, originalmente, para o jornal <a href=\"https:\/\/turismoeservicos.com.br\/noticias\/carnaval-de-congo-de-mascaras-e-joao-bananeira-tornam-se-patrimonios-imateriais\/\" target=\"_blank\" rel=\"noopener noreferrer\">Turismo &amp; Servi\u00e7os<\/a>, ve\u00edculo de comunica\u00e7\u00e3o on line, sediado na Cidade de Vila Velha, localizada no litoral do Estado do Esp\u00edrito Santo.<\/em><\/p>\n<p><em>O post &#8220;Carnaval de Congo de M\u00e1scaras e Jo\u00e3o Bananeira tornam-se Patrim\u00f4nios Imateriais&#8221; foi elaborado por Jo\u00e3o Zuccaratto, jornalista especializado em Turismo, baseado na Cidade de Vit\u00f3ria, a capital do Estado do Esp\u00edrito Santo.<\/em><\/p>\n<p><em>Clique nos trechos em colorido ao longo do post \u201cCarnaval de Congo de M\u00e1scaras e Jo\u00e3o Bananeira tornam-se Patrim\u00f4nios Imateriais\u201d para abrir novas guias, com informa\u00e7\u00f5es complementares ao aqui sendo tratado. Eles guardam links levando a conte\u00fados do pr\u00f3prio Turismoria, verbetes da <a href=\"https:\/\/www.wikipedia.org\/\" target=\"_blank\" rel=\"noopener noreferrer\">Wikipedia<\/a>\u00a0e sites de empresas, entidades, Governos estaduais, Prefeituras etc.<\/em><\/p>\n<p><em>O post \u201cCarnaval de Congo de M\u00e1scaras e Jo\u00e3o Bananeira tornam-se Patrim\u00f4nios Imateriais\u201d pode apresentar erros. Se forem apontados, reeditarei o material com as corre\u00e7\u00f5es.<\/em><\/p>\n<p><em>Todas as fotos e imagens presentes no post \u201cCarnaval de Congo de M\u00e1scaras e Jo\u00e3o Bananeira tornam-se Patrim\u00f4nios Imateriais\u201d t\u00eam origem identificada. Se o autor de algumas delas discordar do seu uso, basta avisar para ser substitu\u00edda.<\/em><\/p>\n<p><em>No post \u201cCarnaval de Congo de M\u00e1scaras e Jo\u00e3o Bananeira tornam-se Patrim\u00f4nios Imateriais\u201d, a repeti\u00e7\u00e3o de algumas express\u00f5es, como \u201cCarnaval de Congo de M\u00e1scaras\u201d e outras mais, \u00e9 intencional. Elas s\u00e3o as principais palavras-chave dos conte\u00fados. Coloc\u00e1-las v\u00e1rias vezes na postagem faz parte das t\u00e9cnicas de <a href=\"https:\/\/pt.wikipedia.org\/wiki\/Otimiza%C3%A7%C3%A3o_para_motores_de_busca\" target=\"_blank\" rel=\"noopener noreferrer\">Search Engine Optimization \u2014 SEO<\/a>, ou otimiza\u00e7\u00e3o para ferramentas de busca. Ajuda a destacar o trabalho na lista apresentada quando se pesquisa com\u00a0<a href=\"http:\/\/www.bing.com.br\/\" target=\"_blank\" rel=\"noopener noreferrer\">Bing<\/a>,\u00a0<a href=\"https:\/\/www.google.com\/\" target=\"_blank\" rel=\"noopener noreferrer\">Google<\/a>\u00a0ou\u00a0<a href=\"http:\/\/www.yahoo.com.br\/\" target=\"_blank\" rel=\"noopener noreferrer\">Yahoo!<\/a>.<\/em><\/p>\n","protected":false},"excerpt":{"rendered":"<p>Manifesta\u00e7\u00e3o e personagem expressam heran\u00e7as de nativos tupis e tupiniquins, imigrantes europeus e cativos africanos. Evento homenageia Nossa Senhora da Penha, padroeira cat\u00f3lica do Estado do Esp\u00edrito Santo. Festa acontece na \u00e1rea rural do Munic\u00edpio de Cariacica. Evento e personagem, agora, s\u00e3o Patrim\u00f4nios Imateriais.<\/p>\n","protected":false},"author":1,"featured_media":1229,"comment_status":"open","ping_status":"open","sticky":false,"template":"","format":"standard","meta":[],"categories":[45],"tags":[],"_links":{"self":[{"href":"https:\/\/revistamaranhaoturismo.com\/index.php?rest_route=\/wp\/v2\/posts\/1230"}],"collection":[{"href":"https:\/\/revistamaranhaoturismo.com\/index.php?rest_route=\/wp\/v2\/posts"}],"about":[{"href":"https:\/\/revistamaranhaoturismo.com\/index.php?rest_route=\/wp\/v2\/types\/post"}],"author":[{"embeddable":true,"href":"https:\/\/revistamaranhaoturismo.com\/index.php?rest_route=\/wp\/v2\/users\/1"}],"replies":[{"embeddable":true,"href":"https:\/\/revistamaranhaoturismo.com\/index.php?rest_route=%2Fwp%2Fv2%2Fcomments&post=1230"}],"version-history":[{"count":1,"href":"https:\/\/revistamaranhaoturismo.com\/index.php?rest_route=\/wp\/v2\/posts\/1230\/revisions"}],"predecessor-version":[{"id":1231,"href":"https:\/\/revistamaranhaoturismo.com\/index.php?rest_route=\/wp\/v2\/posts\/1230\/revisions\/1231"}],"wp:featuredmedia":[{"embeddable":true,"href":"https:\/\/revistamaranhaoturismo.com\/index.php?rest_route=\/wp\/v2\/media\/1229"}],"wp:attachment":[{"href":"https:\/\/revistamaranhaoturismo.com\/index.php?rest_route=%2Fwp%2Fv2%2Fmedia&parent=1230"}],"wp:term":[{"taxonomy":"category","embeddable":true,"href":"https:\/\/revistamaranhaoturismo.com\/index.php?rest_route=%2Fwp%2Fv2%2Fcategories&post=1230"},{"taxonomy":"post_tag","embeddable":true,"href":"https:\/\/revistamaranhaoturismo.com\/index.php?rest_route=%2Fwp%2Fv2%2Ftags&post=1230"}],"curies":[{"name":"wp","href":"https:\/\/api.w.org\/{rel}","templated":true}]}}