{"id":1233,"date":"2020-07-16T10:26:12","date_gmt":"2020-07-16T13:26:12","guid":{"rendered":"https:\/\/revistamaranhaoturismo.com\/?p=1233"},"modified":"2020-07-16T10:26:12","modified_gmt":"2020-07-16T13:26:12","slug":"coreto-digital-e-exemplo-de-criatividade-nas-inovacoes-urbanas-da-cidade-de-curitiba","status":"publish","type":"post","link":"https:\/\/revistamaranhaoturismo.com\/?p=1233","title":{"rendered":"Coreto Digital \u00e9 exemplo de criatividade nas inova\u00e7\u00f5es urbanas da Cidade de Curitiba"},"content":{"rendered":"<p><em>A Cidade de Curitiba inova mais uma vez, dando vida a um antigo equipamento de lazer, muito pouco aproveitado nos dias atuais. Tradicional coreto do Passeio P\u00fablico, recebendo envelopamento de um monitor LED, capaz de transmitir imagem e som digitais, agora rebatizado como Coreto Digital. Ideia a ser copiada por outras cidades.<\/em><\/p>\n<p><!--more--><\/p>\n<p>&nbsp;<\/p>\n<h3><strong>Cidade de Curitiba: rico acervo de atrativos de Turismo<\/strong><\/h3>\n<p>&nbsp;<\/p>\n<p>Carente de marcos de paisagem oferecidos pela natureza \u2014 como serras escarpadas, lagos imensos, rios caudalosos e similares \u2014, a <a href=\"https:\/\/pt.wikipedia.org\/wiki\/Curitiba\" target=\"_blank\" rel=\"noopener noreferrer\">Cidade de Curitiba<\/a>, a capital do <a href=\"https:\/\/pt.wikipedia.org\/wiki\/Paran%C3%A1\" target=\"_blank\" rel=\"noopener noreferrer\">Estado do Paran\u00e1<\/a>, acabou criando suas principais refer\u00eancias tur\u00edsticas a partir da a\u00e7\u00e3o da m\u00e3o do homem.<\/p>\n<p>Mas isso n\u00e3o diminui o valor do rico acervo de atra\u00e7\u00f5es oferecidas aos seus visitantes \u2014 em quantidade crescente. Ao contr\u00e1rio, s\u00e3o elementos encantando todos por caracter\u00edsticas especiais, como arquiteturas arrojadas, retratos da hist\u00f3ria, solu\u00e7\u00f5es de urbanismo etc.<\/p>\n<p>O pioneirismo na oferta de transporte coletivo de qualidade \u00e9 \u00fanico. Implantou o sistema ainda na d\u00e9cada de 1970. Sucesso total, copiado planeta afora. Atualmente, \u00e9 conhecido internacionalmente pela sigla <a href=\"https:\/\/pt.wikipedia.org\/wiki\/%C3%94nibus_de_tr%C3%A2nsito_r%C3%A1pido\" target=\"_blank\" rel=\"noopener noreferrer\">BRT, de Bus Rapid Transit; ou Tr\u00e2nsito Livre para \u00d4nibus<\/a>.<\/p>\n<p>Crateras a c\u00e9u aberto, formadas pela extra\u00e7\u00e3o de pedra em algumas eleva\u00e7\u00f5es, tornaram-se parques a partir de ousadas solu\u00e7\u00f5es de engenharia. De feios espa\u00e7os abandonados, foram incorporadas ao seu grande n\u00famero de \u00e1reas verdes \u00e0 disposi\u00e7\u00e3o dos moradores e turistas.<\/p>\n<p>&nbsp;<\/p>\n<figure id=\"attachment_14038\" aria-describedby=\"caption-attachment-14038\" style=\"width: 936px\" class=\"wp-caption alignnone\"><img decoding=\"async\" loading=\"lazy\" class=\"size-full wp-image-14038\" src=\"https:\/\/www.turismoria.com.br\/wp-content\/uploads\/2020\/07\/estado_do_parana_cidade_de_curitiba_coreto_digital_01_bus_rapid_transit.jpg\" alt=\"\" width=\"936\" height=\"550\" \/><figcaption id=\"caption-attachment-14038\" class=\"wp-caption-text\">O pioneirismo na oferta de transporte coletivo de qualidade \u00e9 \u00fanico. Implantou o sistema ainda na d\u00e9cada de 1970. Sucesso total, copiado planeta afora. Atualmente, \u00e9 conhecido internacionalmente pela sigla BRT, de Bus Rapid Transit; ou Tr\u00e2nsito Livre para \u00d4nibus<\/figcaption><\/figure>\n<p>&nbsp;<\/p>\n<h3><strong>Cidade de Curitiba: nova iniciativa de grande pioneirismo<\/strong><\/h3>\n<p>&nbsp;<\/p>\n<p>Agora, a Cidade de Curitiba inova mais uma vez, com solu\u00e7\u00e3o merecedora de ser copiada por in\u00fameros outros Munic\u00edpios do <a href=\"https:\/\/pt.wikipedia.org\/wiki\/Brasil\" target=\"_blank\" rel=\"noopener noreferrer\">Brasil<\/a> e at\u00e9 mesmo fora do Pa\u00eds. Dentro do processo de recupera\u00e7\u00e3o do seu Passeio P\u00fablico, aplicou um up grade tecnol\u00f3gico num antigo coreto.<\/p>\n<p>Constru\u00e7\u00e3o quase sem utilidade, preservada mais pelos valores culturais e hist\u00f3ricos, sofre completa transforma\u00e7\u00e3o, em retrofit, sendo atualizada para o s\u00e9culo XXI, ap\u00f3s ter instalada, no contorno externo, formado por estrutura vertical e circular, modern\u00edssima tela digital.<\/p>\n<p>O resultado traduz com perfei\u00e7\u00e3o o encontro de tradi\u00e7\u00e3o com modernidade. O parque mais antigo integra-se \u00e0 proposta mais atual da Cidade de Curitiba, buscando tornar-se um dos polos de tecnologia da nossa Na\u00e7\u00e3o, buscando incorporar inova\u00e7\u00f5es a servi\u00e7o dos cidad\u00e3os.<\/p>\n<p>&nbsp;<\/p>\n<figure id=\"attachment_14040\" aria-describedby=\"caption-attachment-14040\" style=\"width: 936px\" class=\"wp-caption alignnone\"><img decoding=\"async\" loading=\"lazy\" class=\"size-full wp-image-14040\" src=\"https:\/\/www.turismoria.com.br\/wp-content\/uploads\/2020\/07\/estado_do_parana_cidade_de_curitiba_coreto_digital_02_retrofit.jpg\" alt=\"\" width=\"936\" height=\"550\" \/><figcaption id=\"caption-attachment-14040\" class=\"wp-caption-text\">Constru\u00e7\u00e3o quase sem utilidade, preservada mais pelos valores culturais e hist\u00f3ricos, sofre completa transforma\u00e7\u00e3o, em retrofit, sendo atualizada para o s\u00e9culo XXI, ap\u00f3s ter instalada, no contorno externo, formado por estrutura vertical e circular, modern\u00edssima tela digital<\/figcaption><\/figure>\n<p>&nbsp;<\/p>\n<h3><strong>Cidade de Curitiba: surge o primeiro Coreto Digital do mundo<\/strong><\/h3>\n<p>&nbsp;<\/p>\n<p>A interven\u00e7\u00e3o, recentemente conclu\u00edda, transformou uma \u00e1rea at\u00e9 ent\u00e3o de atra\u00e7\u00e3o pr\u00f3xima a zero em ponto de surpresas insuper\u00e1veis. Muito bem identificado pela denomina\u00e7\u00e3o de Coreto Digital permitir\u00e1 um sem n\u00famero de a\u00e7\u00f5es ao ar livre, no amplo espa\u00e7o ao redor.<\/p>\n<p>A edifica\u00e7\u00e3o ent\u00e3o existente, pouqu\u00edssima aproveitada pela popula\u00e7\u00e3o, foi envelopada por um monitor <a href=\"https:\/\/pt.wikipedia.org\/wiki\/Diodo_emissor_de_luz\" target=\"_blank\" rel=\"noopener noreferrer\">LED<\/a> curvo, ocupando quase 360 graus. S\u00e3o 25 metros de extens\u00e3o por dois de altura, com sistema de som tamb\u00e9m digital, capazes de transmitir imagens de alta defini\u00e7\u00e3o.<\/p>\n<p>&nbsp;<\/p>\n<figure id=\"attachment_14041\" aria-describedby=\"caption-attachment-14041\" style=\"width: 936px\" class=\"wp-caption alignnone\"><img decoding=\"async\" loading=\"lazy\" class=\"size-full wp-image-14041\" src=\"https:\/\/www.turismoria.com.br\/wp-content\/uploads\/2020\/07\/estado_do_parana_cidade_de_curitiba_coreto_digital_03_envelopamento.jpg\" alt=\"\" width=\"936\" height=\"550\" \/><figcaption id=\"caption-attachment-14041\" class=\"wp-caption-text\">A edifica\u00e7\u00e3o ent\u00e3o existente, pouqu\u00edssima aproveitada pela popula\u00e7\u00e3o, foi envelopada por um monitor LED curvo, ocupando quase 360 graus. S\u00e3o 25 metros de extens\u00e3o por dois de altura, com sistema de som tamb\u00e9m digital, capazes de transmitir imagens de alta defini\u00e7\u00e3o<\/figcaption><\/figure>\n<p>&nbsp;<\/p>\n<h3><strong>Cidade de Curitiba: Coreto Digital, momentos ao vivo<\/strong><\/h3>\n<p>&nbsp;<\/p>\n<p>Junto a conte\u00fados gravados, o Coreto Digital tamb\u00e9m oferecer\u00e1 op\u00e7\u00f5es on-line, atrav\u00e9s da Internet: apresenta\u00e7\u00f5es de orquestras, espet\u00e1culos de dan\u00e7a, filmes cl\u00e1ssicos, grandes bal\u00e9s e shows musicais \u2014 ao lado de aulas, conta\u00e7\u00e3o de hist\u00f3ria e institucionais da Prefeitura.<\/p>\n<p>De forma permanente, quando n\u00e3o houver qualquer outra atividade, as diversas posi\u00e7\u00f5es de telas ali permitidas v\u00e3o divulgar imagens da exposi\u00e7\u00e3o \u201cCuritiba: Tempo e Mem\u00f3ria\u201d. Elas se intercalar\u00e3o com programas do projeto digital da <a href=\"https:\/\/pt.wikipedia.org\/wiki\/Funda%C3%A7%C3%A3o_Cultural_de_Curitiba\" target=\"_blank\" rel=\"noopener noreferrer\">Funda\u00e7\u00e3o Cultural de Curitiba \u2014 FCC<\/a>.<\/p>\n<p>Toda a programa\u00e7\u00e3o do Coreto Digital ficar\u00e1 a cargo da FCC, a ser desenvolvida pelo seu Instituto Curitiba de Arte e Cultura. O planejamento das atividades seguir\u00e1 um calend\u00e1rio elaborado para cobrir per\u00edodos de dois meses \u2014 mas poder\u00e1 acontecer interven\u00e7\u00f5es extras.<\/p>\n<p>A FCC quer aproveitar a tela do Coreto Digital como um complemento da programa\u00e7\u00e3o de outro equipamento hist\u00f3rico tamb\u00e9m recuperado, o Cine Passeio, situado ali bem pr\u00f3ximo. Tudo somado, haver\u00e1 maior democratiza\u00e7\u00e3o da distribui\u00e7\u00e3o cultural na Cidade de Curitiba.<\/p>\n<p>&nbsp;<\/p>\n<figure id=\"attachment_14042\" aria-describedby=\"caption-attachment-14042\" style=\"width: 936px\" class=\"wp-caption alignnone\"><img decoding=\"async\" loading=\"lazy\" class=\"size-full wp-image-14042\" src=\"https:\/\/www.turismoria.com.br\/wp-content\/uploads\/2020\/07\/estado_do_parana_cidade_de_curitiba_coreto_digital_04_cine_passeio.jpg\" alt=\"\" width=\"936\" height=\"550\" \/><figcaption id=\"caption-attachment-14042\" class=\"wp-caption-text\">A tela do Coreto Digital ser\u00e1 aproveitada como um complemento da programa\u00e7\u00e3o de outro equipamento hist\u00f3rico tamb\u00e9m recuperado, o Cine Passeio, situado ali bem pr\u00f3ximo. Tudo somado, haver\u00e1 uma maior democratiza\u00e7\u00e3o da distribui\u00e7\u00e3o cultural na Cidade de Curitiba<\/figcaption><\/figure>\n<p>&nbsp;<\/p>\n<h3><strong>Cidade de Curitiba: coreto original inaugurado em 1915<\/strong><\/h3>\n<p>&nbsp;<\/p>\n<p>O Coreto Digital ocupa a estrutura erguida pelo prefeito <a href=\"https:\/\/pt.wikipedia.org\/wiki\/C%C3%A2ndido_Ferreira_de_Abreu\" target=\"_blank\" rel=\"noopener noreferrer\">C\u00e2ndido Ferreira de Abreu<\/a>, em 1915. A reforma est\u00e1 no programa Rosto da Cidade, de recupera\u00e7\u00e3o do Centro Hist\u00f3rico da Cidade de Curitiba, cuja primeira etapa foi entregue nas comemora\u00e7\u00f5es do Natal de 2019.<\/p>\n<p>O Passeio P\u00fablico, mais antigo e dos principais atrativos tur\u00edsticos da Cidade de Curitiba, estava abandonado, n\u00e3o sendo mais frequentado pela popula\u00e7\u00e3o. Al\u00e9m de passar por uma grande reforma, est\u00e1 se transformando no ponto mais central de novas a\u00e7\u00f5es tecnol\u00f3gicas.<\/p>\n<p>A revitaliza\u00e7\u00e3o daquela ampla \u00e1rea inclui atualiza\u00e7\u00e3o do paisagismo, com plantio de novas esp\u00e9cies de \u00e1rvores, flores e vegeta\u00e7\u00e3o; dragagem e limpeza dos lagos; recomposi\u00e7\u00e3o do cal\u00e7amento em pedriscos; e, recupera\u00e7\u00e3o do playground, dentre muitas outras interven\u00e7\u00f5es.<\/p>\n<p>&nbsp;<\/p>\n<figure id=\"attachment_14043\" aria-describedby=\"caption-attachment-14043\" style=\"width: 936px\" class=\"wp-caption alignnone\"><img decoding=\"async\" loading=\"lazy\" class=\"size-full wp-image-14043\" src=\"https:\/\/www.turismoria.com.br\/wp-content\/uploads\/2020\/07\/estado_do_parana_cidade_de_curitiba_coreto_digital_05_edificacao_original.jpg\" alt=\"\" width=\"936\" height=\"550\" \/><figcaption id=\"caption-attachment-14043\" class=\"wp-caption-text\">O Coreto Digital ocupa a estrutura erguida pelo prefeito C\u00e2ndido Ferreira de Abreu, em 1915. A reforma est\u00e1 no programa Rosto da Cidade, de recupera\u00e7\u00e3o do Centro Hist\u00f3rico da Cidade de Curitiba, cuja primeira etapa foi entregue nas comemora\u00e7\u00f5es do Natal de 2019<\/figcaption><\/figure>\n<p>&nbsp;<\/p>\n<h3><strong>Cidade de Curitiba: Coreto Digital dedicado \u00e0 cultura<\/strong><\/h3>\n<p>&nbsp;<\/p>\n<p>\u2014 O Coreto Digital \u00e9 mais um espa\u00e7o dedicado \u00e0 cultura, com uma plataforma inovadora de conte\u00fados audiovisuais. Um palco virtual, no qual todas as linguagens art\u00edsticas poder\u00e3o conviver em completa harmonia \u2014 assegura Ana Cristina de Castro, a presidente da FCC.<\/p>\n<p>\u2014 Ele vem para completar o atual resgate hist\u00f3rico do Passeio P\u00fablico, como um dos principais roteiros de lazer das fam\u00edlias da nossa cidade, algo perdido ao longo das \u00faltimas d\u00e9cadas \u2014 acrescenta, entusiasmada, Marilza Oliveira Dias, secret\u00e1ria do Meio Ambiente.<\/p>\n<p>\u2014 Atualmente, nenhuma outra cidade em todo o mundo tem um instrumento de difus\u00e3o cultural t\u00e3o veemente e t\u00e3o no meio da pra\u00e7a quanto este \u2014 garantiu o prefeito da Cidade de Curitiba, Rafael Greca, ao assistir a uma transmiss\u00e3o de v\u00eddeos no ato da inaugura\u00e7\u00e3o.<\/p>\n<p>E concluiu: \u201cEm vez daquelas bandinhas antigas apresentando-se neste nosso coreto do Passeio P\u00fablico, temos agora a modernidade da m\u00eddia. E isso nos d\u00e1 imensas possibilidades de trazer arte, conhecimento, cultura, lazer a um espa\u00e7o at\u00e9 ent\u00e3o muito mal aproveitado.\u201d<\/p>\n<p>&nbsp;<\/p>\n<figure id=\"attachment_14044\" aria-describedby=\"caption-attachment-14044\" style=\"width: 936px\" class=\"wp-caption alignnone\"><img decoding=\"async\" loading=\"lazy\" class=\"size-full wp-image-14044\" src=\"https:\/\/www.turismoria.com.br\/wp-content\/uploads\/2020\/07\/estado_do_parana_cidade_de_curitiba_coreto_digital_06_rafael_grecca.jpg\" alt=\"\" width=\"936\" height=\"550\" \/><figcaption id=\"caption-attachment-14044\" class=\"wp-caption-text\">Rafael Greca, prefeito da Cidade de Curitiba: \u201cNenhuma outra cidade no mundo tem um instrumento de difus\u00e3o cultural t\u00e3o veemente. Em vez das bandinhas antigas, modernidade da m\u00eddia. S\u00e3o imensas as possibilidades para se trazer arte, conhecimento, cultura, lazer\u201d<\/figcaption><\/figure>\n<p>&nbsp;<\/p>\n<h3><strong>Cidade de Curitiba: mais imagens do Coreto Digital<\/strong><\/h3>\n<p>&nbsp;<\/p>\n<p><img decoding=\"async\" loading=\"lazy\" class=\"alignnone size-full wp-image-14045\" src=\"https:\/\/www.turismoria.com.br\/wp-content\/uploads\/2020\/07\/estado_do_parana_cidade_de_curitiba_coreto_digital_07.jpg\" alt=\"\" width=\"936\" height=\"550\" \/><\/p>\n<p>&nbsp;<\/p>\n<p><img decoding=\"async\" loading=\"lazy\" class=\"alignnone size-full wp-image-14046\" src=\"https:\/\/www.turismoria.com.br\/wp-content\/uploads\/2020\/07\/estado_do_parana_cidade_de_curitiba_coreto_digital_08.jpg\" alt=\"\" width=\"936\" height=\"550\" \/><\/p>\n<p>&nbsp;<\/p>\n<p><img decoding=\"async\" loading=\"lazy\" class=\"alignnone size-full wp-image-14047\" src=\"https:\/\/www.turismoria.com.br\/wp-content\/uploads\/2020\/07\/estado_do_parana_cidade_de_curitiba_coreto_digital_09.jpg\" alt=\"\" width=\"936\" height=\"550\" \/><\/p>\n<p>&nbsp;<\/p>\n<hr \/>\n<p>&nbsp;<\/p>\n<p><em>O post \u201cCoreto Digital \u00e9 exemplo de criatividade nas inova\u00e7\u00f5es urbanas da Cidade de Curitiba\u201d foi produzido<\/em><em>\u00a0por Jo\u00e3o Zuccaratto, jornalista especializado em Turismo, baseado na <a href=\"https:\/\/pt.wikipedia.org\/wiki\/Vit%C3%B3ria_(Esp%C3%ADrito_Santo)\" target=\"_blank\" rel=\"noopener noreferrer\">Cidade de Vit\u00f3ria<\/a>, a capital do <a href=\"https:\/\/pt.wikipedia.org\/wiki\/Esp%C3%ADrito_Santo_(estado)\" target=\"_blank\" rel=\"noopener noreferrer\">Estado do Esp\u00edrito Santo<\/a>.<\/em><\/p>\n<p><em>Clique nos trechos em colorido ao longo do post \u201cCoreto Digital \u00e9 exemplo de criatividade nas inova\u00e7\u00f5es urbanas da Cidade de Curitiba\u201d para abrir novas guias, com informa\u00e7\u00f5es complementares ao aqui sendo tratado. Eles guardam links levando a conte\u00fados do pr\u00f3prio Turismoria, verbetes da <a href=\"https:\/\/www.wikipedia.org\/\" target=\"_blank\" rel=\"noopener noreferrer\">Wikipedia<\/a>\u00a0e sites de empresas, entidades, Governos estaduais, Prefeituras etc.<\/em><\/p>\n<p><em>O post \u201cCoreto Digital \u00e9 exemplo de criatividade nas inova\u00e7\u00f5es urbanas da Cidade de Curitiba\u201d pode apresentar erros. Se forem apontados, reeditarei o material com as corre\u00e7\u00f5es.<\/em><\/p>\n<p><em>Todas as fotos e imagens presentes no post \u201cCoreto Digital \u00e9 exemplo de criatividade nas inova\u00e7\u00f5es urbanas da Cidade de Curitiba\u201d t\u00eam origem identificada. Se o autor de algumas delas discordar do seu uso, basta avisar para ser substitu\u00edda.<\/em><\/p>\n<p><em>No post \u201cCoreto Digital \u00e9 exemplo de criatividade nas inova\u00e7\u00f5es urbanas da Cidade de Curitiba\u201d, a repeti\u00e7\u00e3o de algumas express\u00f5es, como \u201cCarnaval de Congo de M\u00e1scaras\u201d e outras mais, \u00e9 intencional. Elas s\u00e3o as principais palavras-chave dos conte\u00fados. Coloc\u00e1-las v\u00e1rias vezes na postagem faz parte das t\u00e9cnicas de <a href=\"https:\/\/pt.wikipedia.org\/wiki\/Otimiza%C3%A7%C3%A3o_para_motores_de_busca\" target=\"_blank\" rel=\"noopener noreferrer\">Search Engine Optimization \u2014 SEO<\/a>, ou otimiza\u00e7\u00e3o para ferramentas de busca. Ajuda a destacar o trabalho na lista apresentada quando se pesquisa com\u00a0<a href=\"http:\/\/www.bing.com.br\/\" target=\"_blank\" rel=\"noopener noreferrer\">Bing<\/a>,\u00a0<a href=\"https:\/\/www.google.com\/\" target=\"_blank\" rel=\"noopener noreferrer\">Google<\/a>\u00a0ou\u00a0<a href=\"http:\/\/www.yahoo.com.br\/\" target=\"_blank\" rel=\"noopener noreferrer\">Yahoo!<\/a>.<\/em><\/p>\n","protected":false},"excerpt":{"rendered":"<p>A Cidade de Curitiba inova mais uma vez, dando vida a um antigo equipamento de lazer, muito pouco aproveitado nos dias atuais. Tradicional coreto do Passeio P\u00fablico, recebendo envelopamento de um monitor LED, capaz de transmitir imagem e som digitais, agora rebatizado como Coreto Digital. Ideia a ser copiada por outras cidades.<\/p>\n","protected":false},"author":1,"featured_media":1232,"comment_status":"open","ping_status":"open","sticky":false,"template":"","format":"standard","meta":[],"categories":[45],"tags":[],"_links":{"self":[{"href":"https:\/\/revistamaranhaoturismo.com\/index.php?rest_route=\/wp\/v2\/posts\/1233"}],"collection":[{"href":"https:\/\/revistamaranhaoturismo.com\/index.php?rest_route=\/wp\/v2\/posts"}],"about":[{"href":"https:\/\/revistamaranhaoturismo.com\/index.php?rest_route=\/wp\/v2\/types\/post"}],"author":[{"embeddable":true,"href":"https:\/\/revistamaranhaoturismo.com\/index.php?rest_route=\/wp\/v2\/users\/1"}],"replies":[{"embeddable":true,"href":"https:\/\/revistamaranhaoturismo.com\/index.php?rest_route=%2Fwp%2Fv2%2Fcomments&post=1233"}],"version-history":[{"count":2,"href":"https:\/\/revistamaranhaoturismo.com\/index.php?rest_route=\/wp\/v2\/posts\/1233\/revisions"}],"predecessor-version":[{"id":1235,"href":"https:\/\/revistamaranhaoturismo.com\/index.php?rest_route=\/wp\/v2\/posts\/1233\/revisions\/1235"}],"wp:featuredmedia":[{"embeddable":true,"href":"https:\/\/revistamaranhaoturismo.com\/index.php?rest_route=\/wp\/v2\/media\/1232"}],"wp:attachment":[{"href":"https:\/\/revistamaranhaoturismo.com\/index.php?rest_route=%2Fwp%2Fv2%2Fmedia&parent=1233"}],"wp:term":[{"taxonomy":"category","embeddable":true,"href":"https:\/\/revistamaranhaoturismo.com\/index.php?rest_route=%2Fwp%2Fv2%2Fcategories&post=1233"},{"taxonomy":"post_tag","embeddable":true,"href":"https:\/\/revistamaranhaoturismo.com\/index.php?rest_route=%2Fwp%2Fv2%2Ftags&post=1233"}],"curies":[{"name":"wp","href":"https:\/\/api.w.org\/{rel}","templated":true}]}}