{"id":1329,"date":"2020-08-11T17:10:55","date_gmt":"2020-08-11T20:10:55","guid":{"rendered":"https:\/\/revistamaranhaoturismo.com\/?p=1329"},"modified":"2020-08-11T17:10:55","modified_gmt":"2020-08-11T20:10:55","slug":"ministro-do-turismo-vai-a-bahia-debater-retomada-do-setor","status":"publish","type":"post","link":"https:\/\/revistamaranhaoturismo.com\/?p=1329","title":{"rendered":"Ministro do Turismo vai a Bahia debater retomada do setor"},"content":{"rendered":"<p><span style=\"color: #000000;\">Porto Seguro (BA) recebe nesta quinta-feira, 13, as visitas do ministro do Turismo, Marcelo \u00c1lvaro Ant\u00f4nio, do presidente da Embratur, Gilson Machado Neto, e do presidente do Banco do Nordeste, Romildo Rolim. Eles v\u00e3o debater, no munic\u00edpio do extremo-sul baiano, a retomada do turismo ap\u00f3s a pandemia do coronav\u00edrus &#8211; num evento que est\u00e1 sendo promovido pelos deputados baianos do PL, Jonga Bacelar (federal) e J\u00e2nio Natal (estadual).<\/span><\/p>\n<p><span style=\"color: #000000;\">Ao destacar a import\u00e2ncia da retomada do turismo para a economia do estado e do\u00a0<b class=\"plChave\">pa<\/b>\u00eds, Bacelar lembrou que o segmento foi o primeiro a parar por causa da pandemia e ser\u00e1 o \u00faltimo a retomar suas atividades. &#8220;Porto Seguro, onde o\u00a0<b class=\"plChave\">pa<\/b>\u00eds come\u00e7ou, \u00e9 um bom exemplo disso. A cidade que recebia cerca de 30 v\u00f4os por m\u00eas passou os tr\u00eas meses da quarentena sem receber um v\u00f4o sequer&#8221;, pontuou o deputado.<\/span><\/p>\n<p><span style=\"color: #000000;\">Ele contou que Porto Seguro come\u00e7a a agora a retomar as atividades, mas ainda forma de forma gradativa. &#8220;Os hot\u00e9is, bares e restaurantes, que ficaram fechados durante todo esse tempo, est\u00e3o come\u00e7ando a reabrir&#8221;, explicou ele.<\/span><\/p>\n<p><span style=\"color: #000000;\">A id\u00e9ia dos deputados \u00e9 que representantes do trade tur\u00edstico n\u00e3o s\u00f3 do estado, mas tamb\u00e9m de outras regi\u00f5es do\u00a0<b class=\"plChave\">pa<\/b>\u00eds, participem do evento. De acordo com Bacelar, os convites j\u00e1 foram feitos aos representantes do segmento, a exemplo da Associa\u00e7\u00e3o Brasileira da Ind\u00fastria de Hot\u00e9is (ABIH) e da\u00a0<b class=\"plChave\">Associa\u00e7\u00e3o Brasileira de Ag\u00eancias de Viagens<\/b>\u00a0(<b class=\"plChave\">Abav<\/b>), entre outras entidades representativas do setor.<\/span><\/p>\n<p><span style=\"color: #000000;\">&#8220;Pretendemos discutir, inclusive, a abertura de linhas de financiamento para os pequenos e m\u00e9dios empres\u00e1rios do turismo que, durante essa pandemia, t\u00eam encontrado muitas dificuldades para obter cr\u00e9dito&#8221;, observou Bacelar, explicando o motivo da presen\u00e7a do presidente do Banco do Nordeste. &#8220;Nada como discutir a retomada e redescoberta do Turismo no Brasil no lugar onde o\u00a0<b class=\"plChave\">pa<\/b>\u00eds come\u00e7ou&#8221;, acrescentou.<\/span><\/p>\n","protected":false},"excerpt":{"rendered":"<p>Porto Seguro (BA) recebe nesta quinta-feira, 13, as visitas do ministro do Turismo, Marcelo \u00c1lvaro Ant\u00f4nio, do presidente da Embratur, Gilson Machado Neto, e do presidente do Banco do Nordeste, Romildo Rolim. Eles v\u00e3o debater, no munic\u00edpio do extremo-sul baiano, a retomada do turismo ap\u00f3s a pandemia do coronav\u00edrus &#8211; num evento que est\u00e1 sendo [&hellip;]<\/p>\n","protected":false},"author":1,"featured_media":1330,"comment_status":"open","ping_status":"open","sticky":false,"template":"","format":"standard","meta":[],"categories":[45],"tags":[288,287,286,189],"_links":{"self":[{"href":"https:\/\/revistamaranhaoturismo.com\/index.php?rest_route=\/wp\/v2\/posts\/1329"}],"collection":[{"href":"https:\/\/revistamaranhaoturismo.com\/index.php?rest_route=\/wp\/v2\/posts"}],"about":[{"href":"https:\/\/revistamaranhaoturismo.com\/index.php?rest_route=\/wp\/v2\/types\/post"}],"author":[{"embeddable":true,"href":"https:\/\/revistamaranhaoturismo.com\/index.php?rest_route=\/wp\/v2\/users\/1"}],"replies":[{"embeddable":true,"href":"https:\/\/revistamaranhaoturismo.com\/index.php?rest_route=%2Fwp%2Fv2%2Fcomments&post=1329"}],"version-history":[{"count":1,"href":"https:\/\/revistamaranhaoturismo.com\/index.php?rest_route=\/wp\/v2\/posts\/1329\/revisions"}],"predecessor-version":[{"id":1331,"href":"https:\/\/revistamaranhaoturismo.com\/index.php?rest_route=\/wp\/v2\/posts\/1329\/revisions\/1331"}],"wp:featuredmedia":[{"embeddable":true,"href":"https:\/\/revistamaranhaoturismo.com\/index.php?rest_route=\/wp\/v2\/media\/1330"}],"wp:attachment":[{"href":"https:\/\/revistamaranhaoturismo.com\/index.php?rest_route=%2Fwp%2Fv2%2Fmedia&parent=1329"}],"wp:term":[{"taxonomy":"category","embeddable":true,"href":"https:\/\/revistamaranhaoturismo.com\/index.php?rest_route=%2Fwp%2Fv2%2Fcategories&post=1329"},{"taxonomy":"post_tag","embeddable":true,"href":"https:\/\/revistamaranhaoturismo.com\/index.php?rest_route=%2Fwp%2Fv2%2Ftags&post=1329"}],"curies":[{"name":"wp","href":"https:\/\/api.w.org\/{rel}","templated":true}]}}