{"id":1340,"date":"2020-08-12T19:25:54","date_gmt":"2020-08-12T22:25:54","guid":{"rendered":"https:\/\/revistamaranhaoturismo.com\/?p=1340"},"modified":"2020-08-12T19:25:54","modified_gmt":"2020-08-12T22:25:54","slug":"prefeitura-de-sao-luis-aborda-importancia-das-obras-de-revitalizacao-do-centro-historico-para-o-turismo","status":"publish","type":"post","link":"https:\/\/revistamaranhaoturismo.com\/?p=1340","title":{"rendered":"Prefeitura de S\u00e3o Lu\u00eds aborda import\u00e2ncia das obras de revitaliza\u00e7\u00e3o do Centro Hist\u00f3rico para o turismo"},"content":{"rendered":"<p><span style=\"color: #000000;\">Nesta quarta-feira (12), a Prefeitura de S\u00e3o Lu\u00eds, por meio da Secretaria Municipal de Turismo (Setur), reuniu, de forma virtual, o presidente da Funda\u00e7\u00e3o Municipal de Patrim\u00f4nio Hist\u00f3rico (Fumph), Aquiles Andrade e o superintendente do Instituto do Patrim\u00f4nio Hist\u00f3rico e Art\u00edstico Nacional (IPHAN), Maur\u00edcio Itapary, para dialogar sobre o tema \u201cRequalifica\u00e7\u00e3o do Patrim\u00f4nio Cultural em S\u00e3o Lu\u00eds\u201d. O evento foi feito por meio de uma live.<\/span><\/p>\n<p><span style=\"color: #000000;\">A secret\u00e1ria municipal de Turismo, Socorro Ara\u00fajo, participou do debate e destacou a import\u00e2ncia de falar sobre as mudan\u00e7as no Centro Hist\u00f3rico. \u201cPara o turismo, tudo isto que est\u00e1 acontecendo no Centro \u00e9 de uma import\u00e2ncia sem dimens\u00f5es. Revitaliza\u00e7\u00f5es de pra\u00e7as, ruas e pr\u00e9dios hist\u00f3ricos \u00e9 extremamente positivo para atrair ainda mais visitantes para nossa cidade e tamb\u00e9m movimentar a economia local por meio do turismo\u201d, explicou. \u201cAl\u00e9m da revitaliza\u00e7\u00e3o do patrim\u00f4nio material, a gest\u00e3o do prefeito Edivaldo preza pela revitaliza\u00e7\u00e3o do patrim\u00f4nio imaterial. Os eventos e a\u00e7\u00f5es realizadas pelas secretarias ressaltam a cultura e relembram a nossa hist\u00f3ria para exaltar nossas riquezas na mente e imagin\u00e1rio das pessoas\u201d, completou Socorro Ara\u00fajo.<\/span><\/p>\n<p><span style=\"color: #000000;\">Esse \u00e9 um pensamento compartilhado por todos que estavam presentes. \u201cN\u00f3s temos diversas obras realizadas em parceria com \u00f3rg\u00e3os p\u00fablicos, como a Prefeitura e o Governo do Estado. \u00c9 o maior investimento dos \u00faltimos 30 anos no nosso Centro Hist\u00f3rico, temos que reconhecer e valorizar todos esses produtos que est\u00e3o sendo revitalizados\u201d, destacou Maur\u00edcio Itapary.<\/span><\/p>\n<p><span style=\"color: #000000;\">\u201cAs mudan\u00e7as no Centro Hist\u00f3rico s\u00e3o feitas pensadas n\u00e3o apenas na reforma f\u00edsica dos espa\u00e7os, mas tamb\u00e9m nos usos atuais para aqueles espa\u00e7os &#8211; isso inclui a reformula\u00e7\u00e3o do tr\u00e1fego no local, por exemplo, al\u00e9m de diversos outros aspectos\u201d, apontou Aquiles Andrade.\u00a0<\/span><\/p>\n<p><span style=\"color: #000000;\">Tamb\u00e9m fazem parte das a\u00e7\u00f5es de promo\u00e7\u00e3o da cidade realizadas pela Prefeitura o site (www.turismosaoluis.com.br) e os perfis nas redes sociais Facebook (Turismo S\u00e3o Lu\u00eds), Instagram (@turismo.saoluis) e Twitter (@turismosaoluis). Nas redes sociais, os seguidores podem acompanhar fotos e v\u00eddeos sobre S\u00e3o Lu\u00eds, tornando a cidade ainda mais procurada para viagens.<\/span><\/p>\n","protected":false},"excerpt":{"rendered":"<p>Nesta quarta-feira (12), a Prefeitura de S\u00e3o Lu\u00eds, por meio da Secretaria Municipal de Turismo (Setur), reuniu, de forma virtual, o presidente da Funda\u00e7\u00e3o Municipal de Patrim\u00f4nio Hist\u00f3rico (Fumph), Aquiles Andrade e o superintendente do Instituto do Patrim\u00f4nio Hist\u00f3rico e Art\u00edstico Nacional (IPHAN), Maur\u00edcio Itapary, para dialogar sobre o tema \u201cRequalifica\u00e7\u00e3o do Patrim\u00f4nio Cultural em [&hellip;]<\/p>\n","protected":false},"author":1,"featured_media":1341,"comment_status":"open","ping_status":"open","sticky":false,"template":"","format":"standard","meta":[],"categories":[45],"tags":[292,290,291,293,49,47,277],"_links":{"self":[{"href":"https:\/\/revistamaranhaoturismo.com\/index.php?rest_route=\/wp\/v2\/posts\/1340"}],"collection":[{"href":"https:\/\/revistamaranhaoturismo.com\/index.php?rest_route=\/wp\/v2\/posts"}],"about":[{"href":"https:\/\/revistamaranhaoturismo.com\/index.php?rest_route=\/wp\/v2\/types\/post"}],"author":[{"embeddable":true,"href":"https:\/\/revistamaranhaoturismo.com\/index.php?rest_route=\/wp\/v2\/users\/1"}],"replies":[{"embeddable":true,"href":"https:\/\/revistamaranhaoturismo.com\/index.php?rest_route=%2Fwp%2Fv2%2Fcomments&post=1340"}],"version-history":[{"count":1,"href":"https:\/\/revistamaranhaoturismo.com\/index.php?rest_route=\/wp\/v2\/posts\/1340\/revisions"}],"predecessor-version":[{"id":1342,"href":"https:\/\/revistamaranhaoturismo.com\/index.php?rest_route=\/wp\/v2\/posts\/1340\/revisions\/1342"}],"wp:featuredmedia":[{"embeddable":true,"href":"https:\/\/revistamaranhaoturismo.com\/index.php?rest_route=\/wp\/v2\/media\/1341"}],"wp:attachment":[{"href":"https:\/\/revistamaranhaoturismo.com\/index.php?rest_route=%2Fwp%2Fv2%2Fmedia&parent=1340"}],"wp:term":[{"taxonomy":"category","embeddable":true,"href":"https:\/\/revistamaranhaoturismo.com\/index.php?rest_route=%2Fwp%2Fv2%2Fcategories&post=1340"},{"taxonomy":"post_tag","embeddable":true,"href":"https:\/\/revistamaranhaoturismo.com\/index.php?rest_route=%2Fwp%2Fv2%2Ftags&post=1340"}],"curies":[{"name":"wp","href":"https:\/\/api.w.org\/{rel}","templated":true}]}}