{"id":1349,"date":"2020-08-17T10:15:28","date_gmt":"2020-08-17T13:15:28","guid":{"rendered":"https:\/\/revistamaranhaoturismo.com\/?p=1349"},"modified":"2020-08-17T10:24:32","modified_gmt":"2020-08-17T13:24:32","slug":"presidente-da-azul-participa-de-live-ao-vivo-em-casa-nesta-segunda","status":"publish","type":"post","link":"https:\/\/revistamaranhaoturismo.com\/?p=1349","title":{"rendered":"Presidente da Azul participa de live Ao Vivo em Casa nesta segunda"},"content":{"rendered":"<div class=\"c-news__body\" data-share-text=\"\" data-news-content-text=\"\" data-disable-copy=\"\" data-continue-reading=\"\" data-continue-reading-hide-others=\".js-continue-reading-hidden\">\n<p><span style=\"color: #000000;\">O presidente da Azul, John Rodgerson, \u00e9 o convidado do Ao Vivo em Casa, s\u00e9rie de lives da Folha, desta segunda-feira (17).<\/span><\/p>\n<p><span style=\"color: #000000;\">Nesta transmiss\u00e3o ao vivo, o executivo vai falar sobre a proje\u00e7\u00e3o de retomada dos voos parados por causa do coronav\u00edrus, as negocia\u00e7\u00f5es com o BNDES e os protocolos de seguran\u00e7a contra a Covid-19.<\/span><\/p>\n<p><span style=\"color: #000000;\">No bate-papo, mediado pela colunista da Folha Joana Cunha, que escreve o Painel S.A., do caderno Mercado, Rodgerson tamb\u00e9m abordar\u00e1 a nova opera\u00e7\u00e3o da Azul com 17 aeronaves do modelo Cessna Gran Caravan, turbo\u00e9lice monomotor com capacidade para at\u00e9 nove assentos.<\/span><\/p>\n<p><span style=\"color: #000000;\">Neste m\u00eas, a companhia anunciou a cria\u00e7\u00e3o da Azul Conecta, subsidi\u00e1ria resultante da compra da empresa de t\u00e1xi a\u00e9reo Two Flex, em janeiro. Pensada, antes da pandemia, para desenvolver a avia\u00e7\u00e3o sub-regional, hoje a aquisi\u00e7\u00e3o \u00e9 vista no mercado como alternativa para a retomada econ\u00f4mica porque a frota de avi\u00f5es de diferentes portes pode ajudar a Azul a adequar seus voos a demandas inferiores.<\/span><\/p>\n<p><span style=\"color: #000000;\">A empresa trabalha com uma proje\u00e7\u00e3o de retomar 400 voos di\u00e1rios em setembro para 88 destinos. Como base de compara\u00e7\u00e3o, a Azul tinha quase mil voos por dia.<\/span><\/p>\n<p><span style=\"color: #000000;\">A live tem exibi\u00e7\u00e3o \u00e0s 17h, tanto no site da Folha quanto no canal do jornal no YouTube. O Ao Vivo em Casa traz entrevistas, servi\u00e7os, dicas e apresenta\u00e7\u00f5es musicais, entre outros conte\u00fados na internet.<\/span><\/p>\n<\/div>\n","protected":false},"excerpt":{"rendered":"<p>O presidente da Azul, John Rodgerson, \u00e9 o convidado do Ao Vivo em Casa, s\u00e9rie de lives da Folha, desta segunda-feira (17). Nesta transmiss\u00e3o ao vivo, o executivo vai falar sobre a proje\u00e7\u00e3o de retomada dos voos parados por causa do coronav\u00edrus, as negocia\u00e7\u00f5es com o BNDES e os protocolos de seguran\u00e7a contra a Covid-19. [&hellip;]<\/p>\n","protected":false},"author":1,"featured_media":1350,"comment_status":"open","ping_status":"open","sticky":false,"template":"","format":"standard","meta":[],"categories":[45],"tags":[170,294],"_links":{"self":[{"href":"https:\/\/revistamaranhaoturismo.com\/index.php?rest_route=\/wp\/v2\/posts\/1349"}],"collection":[{"href":"https:\/\/revistamaranhaoturismo.com\/index.php?rest_route=\/wp\/v2\/posts"}],"about":[{"href":"https:\/\/revistamaranhaoturismo.com\/index.php?rest_route=\/wp\/v2\/types\/post"}],"author":[{"embeddable":true,"href":"https:\/\/revistamaranhaoturismo.com\/index.php?rest_route=\/wp\/v2\/users\/1"}],"replies":[{"embeddable":true,"href":"https:\/\/revistamaranhaoturismo.com\/index.php?rest_route=%2Fwp%2Fv2%2Fcomments&post=1349"}],"version-history":[{"count":1,"href":"https:\/\/revistamaranhaoturismo.com\/index.php?rest_route=\/wp\/v2\/posts\/1349\/revisions"}],"predecessor-version":[{"id":1351,"href":"https:\/\/revistamaranhaoturismo.com\/index.php?rest_route=\/wp\/v2\/posts\/1349\/revisions\/1351"}],"wp:featuredmedia":[{"embeddable":true,"href":"https:\/\/revistamaranhaoturismo.com\/index.php?rest_route=\/wp\/v2\/media\/1350"}],"wp:attachment":[{"href":"https:\/\/revistamaranhaoturismo.com\/index.php?rest_route=%2Fwp%2Fv2%2Fmedia&parent=1349"}],"wp:term":[{"taxonomy":"category","embeddable":true,"href":"https:\/\/revistamaranhaoturismo.com\/index.php?rest_route=%2Fwp%2Fv2%2Fcategories&post=1349"},{"taxonomy":"post_tag","embeddable":true,"href":"https:\/\/revistamaranhaoturismo.com\/index.php?rest_route=%2Fwp%2Fv2%2Ftags&post=1349"}],"curies":[{"name":"wp","href":"https:\/\/api.w.org\/{rel}","templated":true}]}}