{"id":1397,"date":"2020-09-07T19:36:42","date_gmt":"2020-09-07T22:36:42","guid":{"rendered":"https:\/\/revistamaranhaoturismo.com\/?p=1397"},"modified":"2020-09-07T19:38:12","modified_gmt":"2020-09-07T22:38:12","slug":"1397-2","status":"publish","type":"post","link":"https:\/\/revistamaranhaoturismo.com\/?p=1397","title":{"rendered":"Algumas curiosidades interessantes sobre origem hist\u00f3rica do moderno idioma Italiano"},"content":{"rendered":"<p><em>A forma de se escrever, o modo de falar e a estrutura gramatical da moderna l\u00edngua italiana foi baseada na obra prima de um dos grandes nomes da literatura mundial. Isso foi feito para buscar um padr\u00e3o de linguagem oficial em todo o pa\u00eds. Antes, cada regi\u00e3o tinha seu dialeto, gerando dificuldades na comunica\u00e7\u00e3o entre os habitantes.<\/em><\/p>\n<p><!--more--><\/p>\n<p>&nbsp;<\/p>\n<h3><strong>Moderno idioma Italiano: origens no Latim do Imp\u00e9rio Romano<\/strong><\/h3>\n<p>&nbsp;<\/p>\n<p>Durante cerca de mil anos, a regi\u00e3o hoje ocupada pela <a href=\"https:\/\/pt.wikipedia.org\/wiki\/It%C3%A1lia\" target=\"_blank\" rel=\"noopener noreferrer\">It\u00e1lia<\/a> abrigou o centro do <a href=\"https:\/\/pt.wikipedia.org\/wiki\/Imp%C3%A9rio_Romano\" target=\"_blank\" rel=\"noopener noreferrer\">Imp\u00e9rio Romano<\/a>. Surgido a partir da <a href=\"https:\/\/pt.wikipedia.org\/wiki\/Roma\" target=\"_blank\" rel=\"noopener noreferrer\">Cidade de Roma<\/a>, fundada em 753 antes de Cristo e chegou ao t\u00e9rmino em 476, com o \u00faltimo imperador deposto por invasores do Norte da Europa.<\/p>\n<p>O fim do Imp\u00e9rio Romano foi resultado das cont\u00ednuas invas\u00f5es daquele territ\u00f3rio, antes protegido pelo melhor ex\u00e9rcito daquele longo per\u00edodo, as <a href=\"https:\/\/pt.wikipedia.org\/wiki\/Legi%C3%A3o_romana\" target=\"_blank\" rel=\"noopener noreferrer\">Legi\u00f5es Romanas<\/a>. O decl\u00ednio dessa for\u00e7a militar permitiu vit\u00f3rias de <a href=\"https:\/\/pt.wikipedia.org\/wiki\/Imp%C3%A9rio_Bizantino\" target=\"_blank\" rel=\"noopener noreferrer\">bizantinos<\/a>, <a href=\"https:\/\/pt.wikipedia.org\/wiki\/Lombardos\" target=\"_blank\" rel=\"noopener noreferrer\">lombardos<\/a>, <a href=\"https:\/\/pt.wikipedia.org\/wiki\/Normandos\" target=\"_blank\" rel=\"noopener noreferrer\">normandos<\/a>, <a href=\"https:\/\/pt.wikipedia.org\/wiki\/Ostrogodos\" target=\"_blank\" rel=\"noopener noreferrer\">ostrogodos<\/a>&#8230;<\/p>\n<p>&nbsp;<\/p>\n<figure id=\"attachment_14084\" aria-describedby=\"caption-attachment-14084\" style=\"width: 936px\" class=\"wp-caption alignnone\"><img decoding=\"async\" loading=\"lazy\" class=\"size-full wp-image-14084\" src=\"https:\/\/www.turismoria.com.br\/wp-content\/uploads\/2020\/09\/italiano_moderno_01_imperio_romano.jpg\" alt=\"\" width=\"936\" height=\"596\" \/><figcaption id=\"caption-attachment-14084\" class=\"wp-caption-text\">A extens\u00e3o dos dom\u00ednios do Imp\u00e9rio Romano, quando em seu auge, no ano 117 depois de Cristo. Ele ocupou todas as extens\u00f5es de terras ao redor do atual Mar Mediterr\u00e2neo, ao qual, muito apropriadamente, denominaram \u201cMar Interno\u201d e tamb\u00e9m \u201cNosso Mar&#8221;<\/figcaption><\/figure>\n<p>&nbsp;<\/p>\n<h3><strong>Moderno idioma Italiano: territ\u00f3rio totalmente fragmentado<\/strong><\/h3>\n<p>&nbsp;<\/p>\n<p>Invadida a todo momento, por todo lado e por povos variados, aos poucos, a pen\u00ednsula, cujo per\u00edmetro lembra uma bota, viu-se fragmentada em mir\u00edade de diminutos reinos e <a href=\"https:\/\/pt.wikipedia.org\/wiki\/Cidade-Estado\" target=\"_blank\" rel=\"noopener noreferrer\">Cidades-Estado<\/a>. Muitos, de extrema import\u00e2ncia para a moderna Hist\u00f3ria do mundo.<\/p>\n<p>Viviam guerreando umas \u00e0s outras, devido a serem dominadas por orgulhosos pr\u00edncipes locais ou pot\u00eancias europeias. Partes do atual territ\u00f3rio da It\u00e1lia pertenciam \u00e0 <a href=\"https:\/\/pt.wikipedia.org\/wiki\/Espanha\" target=\"_blank\" rel=\"noopener noreferrer\">Espanha<\/a>, \u00e0 <a href=\"https:\/\/pt.wikipedia.org\/wiki\/Fran%C3%A7a\" target=\"_blank\" rel=\"noopener noreferrer\">Fran\u00e7a<\/a>, \u00e0 <a href=\"https:\/\/pt.wikipedia.org\/wiki\/Igreja_Cat%C3%B3lica\" target=\"_blank\" rel=\"noopener noreferrer\">Igreja<\/a> ou a qualquer um capaz de conquistar a fortaleza ou o pal\u00e1cio local.<\/p>\n<p>O povo mostrava-se conformado. Apesar de detestar os d\u00e9spotas nativos \u2014 e muito mais os estrangeiros \u2014, ap\u00e1ticos por n\u00e3o conseguir sair daquela vida, expressavam-se assim, em um dos muitos dialetos por l\u00e1 falados: \u201cFranza o Spagna, purch\u00e8 se magna.\u201d<\/p>\n<p>Em Portugu\u00eas, \u201cFran\u00e7a ou Espanha, contanto que eu possa comer.\u201d A aus\u00eancia de um linguajar comum era outra forte caracter\u00edstica da aus\u00eancia de uni\u00e3o. Durante s\u00e9culos, em cada regi\u00e3o, desenvolveram-se falares incompreens\u00edveis at\u00e9 mesmo para seus vizinhos.<\/p>\n<p>&nbsp;<\/p>\n<figure id=\"attachment_14086\" aria-describedby=\"caption-attachment-14086\" style=\"width: 936px\" class=\"wp-caption alignnone\"><img decoding=\"async\" loading=\"lazy\" class=\"size-full wp-image-14086\" src=\"https:\/\/www.turismoria.com.br\/wp-content\/uploads\/2020\/09\/italiano_moderno_02_cidades_estado.jpg\" alt=\"\" width=\"936\" height=\"1121\" \/><figcaption id=\"caption-attachment-14086\" class=\"wp-caption-text\">As cidades-estado viviam guerreando umas \u00e0s outras, devido a serem dominadas por orgulhosos pr\u00edncipes locais ou pot\u00eancias europeias. Partes pertenciam \u00e0 Espanha, \u00e0 Fran\u00e7a, \u00e0 Igreja ou a qualquer um capaz de conquistar a fortaleza ou o pal\u00e1cio local<\/figcaption><\/figure>\n<p>&nbsp;<\/p>\n<h3><strong>Moderno idioma Italiano: dezenas de dialetos e o elitista Latim<\/strong><\/h3>\n<p>&nbsp;<\/p>\n<p>Florentinos, milaneses, venezianos, trentinos, sicilianos e outros mais s\u00f3 conseguiam se comunicar se aprendessem os idiomas de cada comunidade. Ou usando o velho <a href=\"https:\/\/pt.wikipedia.org\/wiki\/Latim\" target=\"_blank\" rel=\"noopener noreferrer\">Latim<\/a> herdado do Imp\u00e9rio Romano \u2014 na verdade, a base daquele rico linguajar j\u00e1 existente.<\/p>\n<p>Em meados do s\u00e9culo XVI, anos 1500 a 1599, intelectuais oriundos diversos pontos da pen\u00ednsula italiana se uniram para dar fim \u00e0quele absurdo. Era chegado o momento de se buscar um idioma comum a todos, pelos menos na forma escrita, respeitando sotaques.<\/p>\n<p>Em atitude in\u00e9dita na Europa \u2014 talvez, at\u00e9 mesmo nos dias atuais \u2014, escolheram a mais bela forma de se expressar entre as existentes e a batizaram de Italiano. Para isso, recuaram 200 anos, at\u00e9 \u00e0 <a href=\"https:\/\/pt.wikipedia.org\/wiki\/Ducado_de_Floren%C3%A7a\" target=\"_blank\" rel=\"noopener noreferrer\">Cidade-Estado de Floren\u00e7a<\/a>, quando ela vivia seu esplendor.<\/p>\n<p>&nbsp;<\/p>\n<figure id=\"attachment_14087\" aria-describedby=\"caption-attachment-14087\" style=\"width: 936px\" class=\"wp-caption alignnone\"><img decoding=\"async\" loading=\"lazy\" class=\"size-full wp-image-14087\" src=\"https:\/\/www.turismoria.com.br\/wp-content\/uploads\/2020\/09\/italiano_moderno_03_cidade_estado_de_florenca.jpg\" alt=\"\" width=\"936\" height=\"550\" \/><figcaption id=\"caption-attachment-14087\" class=\"wp-caption-text\">Para se criar o idioma nacional, foi escolhida a mais bela forma de se expressar entre as dezenas de dialetos ent\u00e3o existentes. Ela se formou na bela Cidade-Estado de Floren\u00e7a, desde h\u00e1 muito tempo vivendo seu esplendor. E a l\u00edngua ent\u00e3o foi batizada de Italiano<\/figcaption><\/figure>\n<p>&nbsp;<\/p>\n<h3><strong>Moderno idioma Italiano: Dante Alighieri e \u201cA Divina Com\u00e9dia\u201d<\/strong><\/h3>\n<p>&nbsp;<\/p>\n<p>Assim, bateram o martelo: dali em diante, seria considerada a l\u00edngua italiana correta a linguagem pessoal de um dos maiores nomes da Literatura mundial: o escritor e poeta florentino <a href=\"https:\/\/pt.wikipedia.org\/wiki\/Dante_Alighieri\" target=\"_blank\" rel=\"noopener noreferrer\">Dante Alighieri<\/a>, expressa na sua mais conhecida obra,\u00a0 \u201c<a href=\"https:\/\/pt.wikipedia.org\/wiki\/Divina_Com%C3%A9dia\" target=\"_blank\" rel=\"noopener noreferrer\">A Divina Com\u00e9dia<\/a>\u201d.<\/p>\n<p>Ao public\u00e1-la, em 1321, chocou o mundo letrado, por n\u00e3o ter utilizado o Latim, como era comum \u00e0 \u00e9poca. Ele pautava o idioma dos C\u00e9sares como elitista, s\u00f3 sendo acess\u00edvel \u00e0queles com recursos capazes de bancar seu aprendizado, numa educa\u00e7\u00e3o aristocr\u00e1tica.<\/p>\n<p>Para compor seu trabalho, Dante Alighieri garimpou pelas ruas da sua cidade-estado o florentino falado de modo direto, natural, simples, pelos habitantes locais. Entre esses, ilustres contempor\u00e2neos, como <a href=\"https:\/\/pt.wikipedia.org\/wiki\/Francisco_Petrarca\" target=\"_blank\" rel=\"noopener noreferrer\">Francisco Petrarca<\/a> e <a href=\"https:\/\/pt.wikipedia.org\/wiki\/Giovanni_Boccaccio\" target=\"_blank\" rel=\"noopener noreferrer\">Giovanni Boccaccio<\/a>, por exemplo.<\/p>\n<p>&nbsp;<\/p>\n<figure id=\"attachment_14088\" aria-describedby=\"caption-attachment-14088\" style=\"width: 936px\" class=\"wp-caption alignnone\"><img decoding=\"async\" loading=\"lazy\" class=\"size-full wp-image-14088\" src=\"https:\/\/www.turismoria.com.br\/wp-content\/uploads\/2020\/09\/italiano_moderno_04_dante_aleghieri.jpg\" alt=\"\" width=\"936\" height=\"550\" \/><figcaption id=\"caption-attachment-14088\" class=\"wp-caption-text\">A l\u00edngua italiana correta foi baseada na linguagem pessoal de um dos maiores nomes da Literatura mundial: o escritor e poeta florentino Dante Alighieri. Ap\u00f3s busc\u00e1-la pelas ruas e com as pessoas comuns, a expressou na sua obra-prima:\u00a0 \u201cA Divina Com\u00e9dia\u201d<\/figcaption><\/figure>\n<p>&nbsp;<\/p>\n<h3><strong>Moderno idioma Italiano: poema com versos em terceira rima<\/strong><\/h3>\n<p>&nbsp;<\/p>\n<p>Produzindo sua obra-prima no \u201cdolce stil nuovo\u201d \u2014 o \u201cdoce estilo novo\u201d \u2014, moldou o vern\u00e1culo com seu escrever primoroso, atribuindo-lhe forma extremamente pessoal. Foi imitado por <a href=\"https:\/\/pt.wikipedia.org\/wiki\/William_Shakespeare\" target=\"_blank\" rel=\"noopener noreferrer\">William Shakespeare<\/a>, definindo o Ingl\u00eas, durante a primeira era elisabetana.<\/p>\n<p>Talvez se possa dizer os mesmo para o <a href=\"https:\/\/pt.wikipedia.org\/wiki\/L%C3%ADngua_portuguesa\" target=\"_blank\" rel=\"noopener noreferrer\">idioma Portugu\u00eas<\/a> com \u201c<a href=\"https:\/\/pt.wikipedia.org\/wiki\/Os_Lus%C3%ADadas\" target=\"_blank\" rel=\"noopener noreferrer\">Os Lus\u00edadas<\/a>\u201d, de <a href=\"https:\/\/pt.wikipedia.org\/wiki\/Lu%C3%ADs_de_Cam%C3%B5es\" target=\"_blank\" rel=\"noopener noreferrer\">Lu\u00eds Vaz de Cam\u00f5es<\/a>, narrando a epopeia portuguesa em poesia: 10 cantos, 1,102 estrofes e 8.816 versos em oitavas decass\u00edlabas \u2014 com as rimas num sistema fixo criado por ele.<\/p>\n<p>Denominado Rima Camoniana, a primeira linha de verso rima com a terceira e com a quinta; a segunda, com a quarta e a sexta; e, as duas \u00faltimas, s\u00e9tima e oitava, entre si. A a\u00e7\u00e3o central narra a descoberta do <a href=\"https:\/\/pt.wikipedia.org\/wiki\/Descoberta_do_caminho_mar%C3%ADtimo_para_a_%C3%8Dndia\" target=\"_blank\" rel=\"noopener noreferrer\">caminho mar\u00edtimo para a \u00cdndia<\/a>, por <a href=\"https:\/\/pt.wikipedia.org\/wiki\/Vasco_da_Gama\" target=\"_blank\" rel=\"noopener noreferrer\">Vasco da Gama<\/a>.<\/p>\n<p>&nbsp;<\/p>\n<figure id=\"attachment_14102\" aria-describedby=\"caption-attachment-14102\" style=\"width: 936px\" class=\"wp-caption alignnone\"><img decoding=\"async\" loading=\"lazy\" class=\"size-full wp-image-14102\" src=\"https:\/\/www.turismoria.com.br\/wp-content\/uploads\/2020\/09\/italiano_moderno_05_camoes_luziadas.jpg\" alt=\"\" width=\"936\" height=\"550\" \/><figcaption id=\"caption-attachment-14102\" class=\"wp-caption-text\">Talvez se possa dizer os mesmo para o idioma Portugu\u00eas com \u201cOs Lus\u00edadas\u201d, de Lu\u00eds Vaz de Cam\u00f5es, narrando a epopeia portuguesa em poesia: 10 cantos, 1,102 estrofes e 8.816 versos em oitavas decass\u00edlabas \u2014 com as rimas num sistema fixo criado por ele<\/figcaption><\/figure>\n<p>&nbsp;<\/p>\n<h3><strong>Moderno idioma Italiano: \u00fanico no mundo com pai definido<\/strong><\/h3>\n<p>&nbsp;<\/p>\n<p>A manobra funcionou. O italiano falado hoje n\u00e3o \u00e9 o oriundo da Cidade de Roma ou da <a href=\"https:\/\/pt.wikipedia.org\/wiki\/Veneza\" target=\"_blank\" rel=\"noopener noreferrer\">Cidade de Veneza<\/a>, por exemplo \u2014 embora as duas, e outras, tivessem atua\u00e7\u00e3o pol\u00edtica, influ\u00eancia comercial, poder militar e outros atributos superiores \u00e0 Cidade de Floren\u00e7a.<\/p>\n<p>O idioma italiano tem pai: Dante Alighieri \u2014 caracter\u00edstica de nenhum outro no planeta. E ele embelezou o filho com uma capacidade inigual\u00e1vel para expressar os sentimentos humanos \u2014 tudo criado pelo talento de um dos maiores poetas da civiliza\u00e7\u00e3o ocidental.<\/p>\n<p>O caminho para alcan\u00e7ar essa gl\u00f3ria n\u00e3o foi dos mais f\u00e1ceis. Ao construir os milhares de versos para compor \u201cA Divina Com\u00e9dia\u201d, ele tamb\u00e9m desenvolveu uma nova maneira para se estruturar poesias, conhecida como \u201cterza rima\u201d \u2014 em Portugu\u00eas, \u201cter\u00e7a rima\u201d.<\/p>\n<p>Em \u201cA Divina Com\u00e9dia\u201d, as estrofes t\u00eam tr\u00eas linhas de versos, com o termo final da terceira linha rimando com o termo final da primeira. Se fossem cinco, seriam ao final da terceira e da quinta; e assim por diante, segundo criatividade e esfor\u00e7o de cada poeta.<\/p>\n<p>&nbsp;<\/p>\n<figure id=\"attachment_14089\" aria-describedby=\"caption-attachment-14089\" style=\"width: 936px\" class=\"wp-caption alignnone\"><img decoding=\"async\" loading=\"lazy\" class=\"size-full wp-image-14089\" src=\"https:\/\/www.turismoria.com.br\/wp-content\/uploads\/2020\/09\/italiano_moderno_05_terca_rima.jpg\" alt=\"\" width=\"936\" height=\"550\" \/><figcaption id=\"caption-attachment-14089\" class=\"wp-caption-text\">Em \u201cA Divina Com\u00e9dia\u201d, as estrofes t\u00eam tr\u00eas linhas de versos, com o termo final da terceira linha rimando com o termo final da primeira. Se fossem cinco, seriam ao final da terceira e da quinta; e assim por diante, segundo criatividade e esfor\u00e7o de cada poeta<\/figcaption><\/figure>\n<p>&nbsp;<\/p>\n<h3><strong>Moderno idioma Italiano: modo de falar expressa \u201critmo em cascata\u201d<\/strong><\/h3>\n<p>&nbsp;<\/p>\n<p>Isso gera o efeito identificado pelos estudiosos como \u201critmo em cascata\u201d. O sucesso das cria\u00e7\u00f5es de Dante Alighieri \u2014 \u201cA Divina Com\u00e9dia\u201d e \u201cterza rima\u201d \u2014 alcan\u00e7ou pessoas comuns, em sua maioria, desconhecedoras da exist\u00eancia do grande artista e da sua obra.<\/p>\n<p>Com o passar dos s\u00e9culos, o \u201critmo em cascata\u201d foi incorporando-se ao viver do italiano em geral. Hoje em dia, sua express\u00e3o se d\u00e1 na simp\u00e1tica forma cadenciada, at\u00e9 mesmo po\u00e9tica, do falar de a\u00e7ougueiros, comerciantes, feirantes, padeiros, taxistas e bem mais.<\/p>\n<p>A linha final de \u201cA Divina Com\u00e9dia\u201d, com Dante Alighieri descrevendo Deus, traduz sentimento compreendido mesmo por aqueles sem dom\u00ednio maior do Italiano: \u201cL\u2019amor che move Il sole e l\u2019altre stelle.\u201d Ou: \u201cO amor que move o Sol e as outras estrelas.\u201d<\/p>\n<p>Ah! Em tempo: a It\u00e1lia tornou-se a na\u00e7\u00e3o como \u00e9 conhecida por todos n\u00f3s hoje em dia, unificando os diversos pequenos reinos, em 1861. Numa compara\u00e7\u00e3o com o <a href=\"https:\/\/pt.wikipedia.org\/wiki\/Brasil\">Brasil<\/a>, 39 anos depois da nossa <a href=\"https:\/\/pt.wikipedia.org\/wiki\/Independ%C3%AAncia_do_Brasil\">Independ\u00eancia<\/a> e apenas 28 antes de transformar-se em <a href=\"https:\/\/pt.wikipedia.org\/wiki\/Proclama%C3%A7%C3%A3o_da_Rep%C3%BAblica_do_Brasil\">Rep\u00fablica<\/a>.<\/p>\n<p>Outra coisa: s\u00e9culos ap\u00f3s a padroniza\u00e7\u00e3o, antigos dialetos sobrevivem e, na maioria das vezes, continuam desconhecidos para aqueles de fora da regi\u00e3o. E, influenciado o modo de expressar de cada local, geram pron\u00fancias incompreens\u00edveis para o Italiano moderno.<\/p>\n<p>&nbsp;<\/p>\n<figure id=\"attachment_14103\" aria-describedby=\"caption-attachment-14103\" style=\"width: 936px\" class=\"wp-caption alignnone\"><img decoding=\"async\" loading=\"lazy\" class=\"size-full wp-image-14103\" src=\"https:\/\/www.turismoria.com.br\/wp-content\/uploads\/2020\/09\/italiano_moderno_07_italia.jpg\" alt=\"\" width=\"936\" height=\"550\" \/><figcaption id=\"caption-attachment-14103\" class=\"wp-caption-text\">Mesmo ap\u00f3s s\u00e9culos ap\u00f3s a padroniza\u00e7\u00e3o, antigos dialetos sobrevivem e, na maioria das vezes, continuam desconhecidos para aqueles de fora da regi\u00e3o. E, influenciado o modo de expressar de cada local, geram pron\u00fancias incompreens\u00edveis para o Italiano moderno<\/figcaption><\/figure>\n<p>&nbsp;<\/p>\n<p>\u2022 \u2022 \u2022<\/p>\n<p>&nbsp;<\/p>\n<p><em>Nota do Redator<\/em><\/p>\n<p><em>Texto produzido a partir de mensagem enviada por um conhecido, via WhatsApp. Ele \u00e9 apaixonado pela hist\u00f3ria da imigra\u00e7\u00e3o italiana para o Estado do Esp\u00edrito Santo. Como tamb\u00e9m sou interessado pelo tema, o autorizei a me repassar esses tipos de conte\u00fados.<\/em><\/p>\n<p><em>\u00a0Gostei do original, mesmo sem os fundamentos acad\u00eamicos capazes de comprovar a autenticidade do exposto. Mas notei de ele precisar de ajustes na reda\u00e7\u00e3o, apresentar explica\u00e7\u00f5es mais detalhadas, ter par\u00e1grafos reorganizados etc. Ent\u00e3o, fiz as melhorias.<\/em><\/p>\n<p>&nbsp;<\/p>\n<hr \/>\n<p>&nbsp;<\/p>\n<p><em>O post \u201cAlgumas curiosidades interessantes sobre origem hist\u00f3rica do moderno idioma Italiano\u201d foi produzido<\/em><em>\u00a0por Jo\u00e3o Zuccaratto, jornalista especializado em Turismo, baseado na\u00a0<a href=\"https:\/\/pt.wikipedia.org\/wiki\/Vit%C3%B3ria_(Esp%C3%ADrito_Santo)\" target=\"_blank\" rel=\"noopener noreferrer\">Cidade de Vit\u00f3ria<\/a>, a capital do\u00a0<a href=\"https:\/\/pt.wikipedia.org\/wiki\/Esp%C3%ADrito_Santo_(estado)\" target=\"_blank\" rel=\"noopener noreferrer\">Estado do Esp\u00edrito Santo<\/a>.<\/em><\/p>\n<p><em>Clique nos trechos em colorido ao longo do post \u201cAlgumas curiosidades interessantes sobre origem hist\u00f3rica do moderno idioma Italiano\u201d para abrir novas guias, com informa\u00e7\u00f5es complementares ao aqui sendo tratado. Eles guardam links levando a conte\u00fados do pr\u00f3prio Turismoria, verbetes da <a href=\"https:\/\/www.wikipedia.org\/\" target=\"_blank\" rel=\"noopener noreferrer\">Wikipedia<\/a>\u00a0e sites de empresas, entidades, Governos estaduais, Prefeituras etc.<\/em><\/p>\n<p><em>O post \u201cAlgumas curiosidades interessantes sobre origem hist\u00f3rica do moderno idioma Italiano\u201d pode apresentar erros. Se forem apontados, reeditarei o material com as corre\u00e7\u00f5es.<\/em><\/p>\n<p><em>Todas as fotos e imagens presentes no post \u201cAlgumas curiosidades interessantes sobre origem hist\u00f3rica do moderno idioma Italiano\u201d t\u00eam origem identificada. Se o autor de algumas delas discordar do seu uso, basta avisar para ser substitu\u00edda.<\/em><\/p>\n<p><em>No post \u201cAlgumas curiosidades interessantes sobre origem hist\u00f3rica do moderno idioma Italiano\u201d, a repeti\u00e7\u00e3o de algumas express\u00f5es, como \u201cModerno idioma Italiano&#8221;, e outras mais, \u00e9 intencional. Elas s\u00e3o as principais palavras-chave dos conte\u00fados. Coloc\u00e1-las v\u00e1rias vezes na postagem faz parte das t\u00e9cnicas de <a href=\"https:\/\/pt.wikipedia.org\/wiki\/Otimiza%C3%A7%C3%A3o_para_motores_de_busca\" target=\"_blank\" rel=\"noopener noreferrer\">Search Engine Optimization \u2014 SEO<\/a>, ou otimiza\u00e7\u00e3o para ferramentas de busca. Ajuda a destacar o trabalho na lista apresentada quando se pesquisa com\u00a0<a href=\"http:\/\/www.bing.com.br\/\" target=\"_blank\" rel=\"noopener noreferrer\">Bing<\/a>,\u00a0<a href=\"https:\/\/www.google.com\/\" target=\"_blank\" rel=\"noopener noreferrer\">Google<\/a>\u00a0ou\u00a0<a href=\"http:\/\/www.yahoo.com.br\/\" target=\"_blank\" rel=\"noopener noreferrer\">Yahoo!<\/a>.<\/em><\/p>\n","protected":false},"excerpt":{"rendered":"<p>A forma de se escrever, o modo de falar e a estrutura gramatical da moderna l\u00edngua italiana foi baseada na obra prima de um dos grandes nomes da literatura mundial. Isso foi feito para buscar um padr\u00e3o de linguagem oficial em todo o pa\u00eds. Antes, cada regi\u00e3o tinha seu dialeto, gerando dificuldades na comunica\u00e7\u00e3o entre [&hellip;]<\/p>\n","protected":false},"author":1,"featured_media":1396,"comment_status":"open","ping_status":"open","sticky":false,"template":"","format":"standard","meta":[],"categories":[1],"tags":[],"_links":{"self":[{"href":"https:\/\/revistamaranhaoturismo.com\/index.php?rest_route=\/wp\/v2\/posts\/1397"}],"collection":[{"href":"https:\/\/revistamaranhaoturismo.com\/index.php?rest_route=\/wp\/v2\/posts"}],"about":[{"href":"https:\/\/revistamaranhaoturismo.com\/index.php?rest_route=\/wp\/v2\/types\/post"}],"author":[{"embeddable":true,"href":"https:\/\/revistamaranhaoturismo.com\/index.php?rest_route=\/wp\/v2\/users\/1"}],"replies":[{"embeddable":true,"href":"https:\/\/revistamaranhaoturismo.com\/index.php?rest_route=%2Fwp%2Fv2%2Fcomments&post=1397"}],"version-history":[{"count":3,"href":"https:\/\/revistamaranhaoturismo.com\/index.php?rest_route=\/wp\/v2\/posts\/1397\/revisions"}],"predecessor-version":[{"id":1400,"href":"https:\/\/revistamaranhaoturismo.com\/index.php?rest_route=\/wp\/v2\/posts\/1397\/revisions\/1400"}],"wp:featuredmedia":[{"embeddable":true,"href":"https:\/\/revistamaranhaoturismo.com\/index.php?rest_route=\/wp\/v2\/media\/1396"}],"wp:attachment":[{"href":"https:\/\/revistamaranhaoturismo.com\/index.php?rest_route=%2Fwp%2Fv2%2Fmedia&parent=1397"}],"wp:term":[{"taxonomy":"category","embeddable":true,"href":"https:\/\/revistamaranhaoturismo.com\/index.php?rest_route=%2Fwp%2Fv2%2Fcategories&post=1397"},{"taxonomy":"post_tag","embeddable":true,"href":"https:\/\/revistamaranhaoturismo.com\/index.php?rest_route=%2Fwp%2Fv2%2Ftags&post=1397"}],"curies":[{"name":"wp","href":"https:\/\/api.w.org\/{rel}","templated":true}]}}