{"id":1422,"date":"2020-10-06T18:56:47","date_gmt":"2020-10-06T21:56:47","guid":{"rendered":"https:\/\/revistamaranhaoturismo.com\/?p=1422"},"modified":"2020-10-06T18:56:47","modified_gmt":"2020-10-06T21:56:47","slug":"maranhao-presente-na-abav-collab-2020","status":"publish","type":"post","link":"https:\/\/revistamaranhaoturismo.com\/?p=1422","title":{"rendered":"Maranh\u00e3o presente na ABAV Collab 2020"},"content":{"rendered":"<p><span style=\"color: #000000;\">O Maranh\u00e3o esteve presente na ABAV Collab 2020 \u2013 Feira Virtual de Turismo que aconteceu entre os dias 27 de setembro a 02 de outubro. O evento, promovido pela Associa\u00e7\u00e3o Nacional das Ag\u00eancias de Viagem (ABAV), \u00e9 considerado a principal feira do segmento, por reunir agentes de viagens do Brasil e de v\u00e1rias partes do mundo.<\/span><\/p>\n<p><span style=\"color: #000000;\">Assim como nas edi\u00e7\u00f5es anteriores, o Governo do Estado, por meio da Secretaria de Turismo (Setur), teve um estande na feira onde foi apresentado os atrativos tur\u00edsticos, reunindo representantes das empresas do setor e apresentou a capacita\u00e7\u00e3o do destino Maranh\u00e3o de Encantos para agentes de viagem, sendo veiculada nos dias 30 de setembro e 01 de outubro, onde todo o conte\u00fado ficar\u00e1 dispon\u00edvel na plataforma durante um ano. Al\u00e9m disto, o destino Maranh\u00e3o esteve presente no espa\u00e7o do Minist\u00e9rio do Turismo, onde munic\u00edpios e representantes de regi\u00f5es tur\u00edsticas apresentaram suas potencialidades.<\/span><\/p>\n<p><span style=\"color: #000000;\">O secret\u00e1rio de Estado de Turismo, Catul\u00e9 J\u00fanior, enfatizou a import\u00e2ncia da participa\u00e7\u00e3o do Maranh\u00e3o no evento. \u201c\u00c9 fundamental para o trabalho de promo\u00e7\u00e3o do destino MA de Encantos, estar na ABAV. Neste tipo de evento que temos contato com a cadeia produtiva do turismo, momento que divulgamos nossos atrativos, as novidades, encantando os agentes de viagens para esses criarem pacotes diversificados para todo o p\u00fablico\u201d, explica Catul\u00e9 J\u00fanior.<\/span><\/p>\n<p><span style=\"color: #000000;\">A participa\u00e7\u00e3o no evento \u00e9 tamb\u00e9m uma das a\u00e7\u00f5es previstas dentro do Plano de Retomada do Turismo do Maranh\u00e3o. \u201cAl\u00e9m das a\u00e7\u00f5es referentes ao setor, as campanhas e adequa\u00e7\u00e3o nas empresas sobre \u00e0s normas sanit\u00e1rias de preven\u00e7\u00e3o \u00e0 Covid-19, nosso plano contempla a promo\u00e7\u00e3o do destino. Estar na ABAV \u00e9 uma dessas metas alcan\u00e7adas pela Setur\u201d, afirma a superintendente de promo\u00e7\u00e3o, marketing e eventos da Setur, Cristiane Muller.<\/span><\/p>\n<p><span style=\"color: #000000;\"><strong>Participa\u00e7\u00e3o do Maranh\u00e3o<\/strong><\/span><\/p>\n<p><span style=\"color: #000000;\">Assim como acontecia nas edi\u00e7\u00f5es presenciais da ABAV, no estande do Governo do Maranh\u00e3o, empres\u00e1rios do setor estiveram presentes apresentando seus produtos e servi\u00e7os. J\u00e1 no espa\u00e7o do Minist\u00e9rio do Turismo, o Estado esteve representado pelos Polos Tur\u00edsticos dos S\u00e3o Lu\u00eds, Len\u00e7\u00f3is maranhenses, Delta das Am\u00e9ricas e Chapada das Mesas.<\/span><\/p>\n<p><span style=\"color: #000000;\">Al\u00e9m disto, a plataforma do evento contou com uma biblioteca onde foram disponibilizados materiais de divulga\u00e7\u00e3o dos atrativos tur\u00edsticos do Estado, entre eles e-books de S\u00e3o Lu\u00eds, Len\u00e7\u00f3is Maranhenses, Delta das Am\u00e9ricas e Chapada das Mesas, al\u00e9m de v\u00eddeo promocional e demais materiais de divulga\u00e7\u00e3o produzido pela Setur. Mais informa\u00e7\u00f5es no site do evento \u00e9 https:\/\/www.abavcollab.com.br\/.<\/span><\/p>\n","protected":false},"excerpt":{"rendered":"<p>O Maranh\u00e3o esteve presente na ABAV Collab 2020 \u2013 Feira Virtual de Turismo que aconteceu entre os dias 27 de setembro a 02 de outubro. O evento, promovido pela Associa\u00e7\u00e3o Nacional das Ag\u00eancias de Viagem (ABAV), \u00e9 considerado a principal feira do segmento, por reunir agentes de viagens do Brasil e de v\u00e1rias partes do [&hellip;]<\/p>\n","protected":false},"author":1,"featured_media":1423,"comment_status":"open","ping_status":"open","sticky":false,"template":"","format":"standard","meta":[],"categories":[45],"tags":[280,47],"_links":{"self":[{"href":"https:\/\/revistamaranhaoturismo.com\/index.php?rest_route=\/wp\/v2\/posts\/1422"}],"collection":[{"href":"https:\/\/revistamaranhaoturismo.com\/index.php?rest_route=\/wp\/v2\/posts"}],"about":[{"href":"https:\/\/revistamaranhaoturismo.com\/index.php?rest_route=\/wp\/v2\/types\/post"}],"author":[{"embeddable":true,"href":"https:\/\/revistamaranhaoturismo.com\/index.php?rest_route=\/wp\/v2\/users\/1"}],"replies":[{"embeddable":true,"href":"https:\/\/revistamaranhaoturismo.com\/index.php?rest_route=%2Fwp%2Fv2%2Fcomments&post=1422"}],"version-history":[{"count":1,"href":"https:\/\/revistamaranhaoturismo.com\/index.php?rest_route=\/wp\/v2\/posts\/1422\/revisions"}],"predecessor-version":[{"id":1424,"href":"https:\/\/revistamaranhaoturismo.com\/index.php?rest_route=\/wp\/v2\/posts\/1422\/revisions\/1424"}],"wp:featuredmedia":[{"embeddable":true,"href":"https:\/\/revistamaranhaoturismo.com\/index.php?rest_route=\/wp\/v2\/media\/1423"}],"wp:attachment":[{"href":"https:\/\/revistamaranhaoturismo.com\/index.php?rest_route=%2Fwp%2Fv2%2Fmedia&parent=1422"}],"wp:term":[{"taxonomy":"category","embeddable":true,"href":"https:\/\/revistamaranhaoturismo.com\/index.php?rest_route=%2Fwp%2Fv2%2Fcategories&post=1422"},{"taxonomy":"post_tag","embeddable":true,"href":"https:\/\/revistamaranhaoturismo.com\/index.php?rest_route=%2Fwp%2Fv2%2Ftags&post=1422"}],"curies":[{"name":"wp","href":"https:\/\/api.w.org\/{rel}","templated":true}]}}