{"id":1513,"date":"2020-11-26T09:33:19","date_gmt":"2020-11-26T12:33:19","guid":{"rendered":"https:\/\/revistamaranhaoturismo.com\/?p=1513"},"modified":"2020-11-26T09:33:19","modified_gmt":"2020-11-26T12:33:19","slug":"companhia-aerea-australiana-so-permitira-passageiros-vacinados-contra-covid-19","status":"publish","type":"post","link":"https:\/\/revistamaranhaoturismo.com\/?p=1513","title":{"rendered":"Companhia a\u00e9rea australiana s\u00f3 permitir\u00e1 passageiros vacinados contra Covid-19"},"content":{"rendered":"<p><span style=\"color: #000000;\">Em muitos pa\u00edses, como o Brasil, o debate sobre a obrigatoriedade da vacina\u00e7\u00e3o contra a Covid-19 tem dividido opini\u00f5es. Para a companhia a\u00e9rea australiana Qantas Airways, no entanto, o assunto j\u00e1 est\u00e1 resolvido: apenas passageiros vacinados poder\u00e3o embarcar em seus avi\u00f5es para voos internacionais.<\/span><\/p>\n<div class=\"block__advertising block__advertising-in-text\">\n<div id=\"pub-in-text-1\" class=\"advertising advertising--teads outstream advertising--loaded\" data-oglobo-advertising-format=\"in-text\" data-oglobo-advertising-index=\"1\" data-google-query-id=\"COHeqaiboO0CFdIFuQYdVWsPQA\">\n<p><span style=\"color: #000000;\">A medida, \u00e9 claro, s\u00f3 come\u00e7a a valer quando as vacinas, que agora est\u00e3o sendo testadas e desenvolvidas, finalmente cheguem \u00e0 popula\u00e7\u00e3o em geral. A exig\u00eancia, na opini\u00e3o do presidente da Qantas, Alan Joyce, em breve ser\u00e1 comum em todo o setor a\u00e9reo global.<\/span><\/p>\n<p><span style=\"color: #000000;\">\u00c0 emissora de TV Channel Nine, Joyce afirmou:<\/span><\/p>\n<p><span style=\"color: #000000;\">&#8220;Estamos considerando mudar nossos termos de uso para viajantes internacionais, para dizer a eles que pediremos \u00e0s pessoas que se vacinem antes de embarcarem no avi\u00e3o. Para os viajantes internacionais que v\u00eam para a Austr\u00e1lia e para as pessoas que est\u00e3o deixando o pa\u00eds, achamos que \u00e9 uma necessidade&#8221;.<\/span><\/p>\n<p><span style=\"color: #000000;\">O presidente da Qantas previu que esse tipo de medida se generalizar\u00e1 no mundo do transporte a\u00e9reo, enquanto governos e companhias a\u00e9reas estudam, segundo ele, a possibilidade de estabelecer boletins eletr\u00f4nicos de vacina\u00e7\u00e3o.<\/span><\/p>\n<p><span style=\"color: #000000;\">A Austr\u00e1lia fechou suas fronteiras desde mar\u00e7o para combater a pandemia do coronav\u00edrus. Dezenas de milhares de australianos est\u00e3o bloqueados no exterior por causa disso, j\u00e1 que o governo s\u00f3 autoriza o retorno de um n\u00famero limitado de seus cidad\u00e3os a cada semana.<\/span><\/p>\n<p><span style=\"color: #000000;\">Essa pol\u00edtica de isolamento parece ter valido a pena, pois desde que a epidemia foi declarada, o pa\u00eds registrou apenas 907 mortes e pouco mais de 27,8 mil casos de Covid-19.<\/span><\/p>\n<p><span style=\"color: #000000;\">Por causa do impacto brutal que a pandemia teve no tr\u00e1fego a\u00e9reo, a Qantas cortou 8,5 mil empregos e tem mais de 200 aeronaves em solo.<\/span><\/p>\n<\/div>\n<\/div>\n","protected":false},"excerpt":{"rendered":"<p>Em muitos pa\u00edses, como o Brasil, o debate sobre a obrigatoriedade da vacina\u00e7\u00e3o contra a Covid-19 tem dividido opini\u00f5es. Para a companhia a\u00e9rea australiana Qantas Airways, no entanto, o assunto j\u00e1 est\u00e1 resolvido: apenas passageiros vacinados poder\u00e3o embarcar em seus avi\u00f5es para voos internacionais. A medida, \u00e9 claro, s\u00f3 come\u00e7a a valer quando as vacinas, [&hellip;]<\/p>\n","protected":false},"author":1,"featured_media":1514,"comment_status":"open","ping_status":"open","sticky":false,"template":"","format":"standard","meta":[],"categories":[45],"tags":[340,341],"_links":{"self":[{"href":"https:\/\/revistamaranhaoturismo.com\/index.php?rest_route=\/wp\/v2\/posts\/1513"}],"collection":[{"href":"https:\/\/revistamaranhaoturismo.com\/index.php?rest_route=\/wp\/v2\/posts"}],"about":[{"href":"https:\/\/revistamaranhaoturismo.com\/index.php?rest_route=\/wp\/v2\/types\/post"}],"author":[{"embeddable":true,"href":"https:\/\/revistamaranhaoturismo.com\/index.php?rest_route=\/wp\/v2\/users\/1"}],"replies":[{"embeddable":true,"href":"https:\/\/revistamaranhaoturismo.com\/index.php?rest_route=%2Fwp%2Fv2%2Fcomments&post=1513"}],"version-history":[{"count":1,"href":"https:\/\/revistamaranhaoturismo.com\/index.php?rest_route=\/wp\/v2\/posts\/1513\/revisions"}],"predecessor-version":[{"id":1515,"href":"https:\/\/revistamaranhaoturismo.com\/index.php?rest_route=\/wp\/v2\/posts\/1513\/revisions\/1515"}],"wp:featuredmedia":[{"embeddable":true,"href":"https:\/\/revistamaranhaoturismo.com\/index.php?rest_route=\/wp\/v2\/media\/1514"}],"wp:attachment":[{"href":"https:\/\/revistamaranhaoturismo.com\/index.php?rest_route=%2Fwp%2Fv2%2Fmedia&parent=1513"}],"wp:term":[{"taxonomy":"category","embeddable":true,"href":"https:\/\/revistamaranhaoturismo.com\/index.php?rest_route=%2Fwp%2Fv2%2Fcategories&post=1513"},{"taxonomy":"post_tag","embeddable":true,"href":"https:\/\/revistamaranhaoturismo.com\/index.php?rest_route=%2Fwp%2Fv2%2Ftags&post=1513"}],"curies":[{"name":"wp","href":"https:\/\/api.w.org\/{rel}","templated":true}]}}