{"id":1539,"date":"2020-12-01T11:40:05","date_gmt":"2020-12-01T14:40:05","guid":{"rendered":"https:\/\/revistamaranhaoturismo.com\/?p=1539"},"modified":"2020-12-01T11:40:05","modified_gmt":"2020-12-01T14:40:05","slug":"azul-encerra-reducao-de-jornada-de-aeronautas-um-ano-antes-e-dobra-aposta-na-retomada","status":"publish","type":"post","link":"https:\/\/revistamaranhaoturismo.com\/?p=1539","title":{"rendered":"Azul encerra redu\u00e7\u00e3o de jornada de aeronautas um ano antes e dobra aposta na retomada"},"content":{"rendered":"<p><span style=\"color: #000000;\">Com a aposta na retomada firme da demanda dom\u00e9stica, a a\u00e9rea\u00a0<a style=\"color: #000000;\" href=\"https:\/\/tudo-sobre.estadao.com.br\/azul-linhas-aereas-brasileiras\" target=\"_blank\" rel=\"noopener noreferrer\">Azul<\/a>\u00a0resolveu antecipar o fim do acordo de redu\u00e7\u00e3o de jornada com os seus tripulantes um ano antes do prazo.\u00a0<a style=\"color: #000000;\" href=\"https:\/\/economia.estadao.com.br\/noticias\/geral,azul-fecha-acordo-com-pilotos-e-comissarios-para-reduzir-jornada-e-salarios,70003344508\" target=\"_blank\" rel=\"noopener noreferrer\">O acordo havia sido firmado pela empresa com a categoria em 24 de junho e iria at\u00e9 dezembro de 2021<\/a>. O objetivo era preservar o caixa da a\u00e9rea durante no per\u00edodo de baixa demanda da pandemia. Al\u00e9m da retomada, a seguran\u00e7a da companhia em dar este passo veio ap\u00f3s o sucesso na emiss\u00e3o de deb\u00eantures convers\u00edveis de R$ 1,745 bilh\u00e3o, que levou o caixa da empresa para R$ 4 bilh\u00f5es.<\/span><\/p>\n<p><span style=\"color: #000000;\">A antecipa\u00e7\u00e3o foi aprovada pelos aeronautas, que votaram sobre o tema entre os dias 26 e 27 de novembro. &#8220;Desta forma, a redu\u00e7\u00e3o de jornadas e sal\u00e1rios que iria at\u00e9 o fim de 2021, com a contrapartida de manuten\u00e7\u00e3o dos empregos, fica revogada&#8221;, escreveu o\u00a0Sindicato Nacional dos Aeronautas (SNA), em nota. A proposta foi aprovada por mais de 85% dos copilotos e comandantes e por 72% dos comiss\u00e1rios.<\/span><\/p>\n<p><span style=\"color: #000000;\">Em v\u00eddeo interno aos funcion\u00e1rios obtido pelo\u00a0Estad\u00e3o\/Broadcast, o presidente da Azul,\u00a0<a style=\"color: #000000;\" href=\"https:\/\/tudo-sobre.estadao.com.br\/John-Rodgerson\" target=\"_blank\" rel=\"noopener noreferrer\">John Rodgerson<\/a>, disse que o fim do acordo mostra a confian\u00e7a da empresa em voar. &#8220;Sabemos que t\u00eam riscos. Mas estou vendo not\u00edcia boa sobre vacinas que d\u00e1 confian\u00e7a para n\u00f3s que talvez vamos ter um fim em breve do coronav\u00edrus&#8221;, disse. &#8220;Temos de focar na alta temporada. Vamos voar mais ou menos 80% do que voamos no ano passado.&#8221;<\/span><\/p>\n<p><span style=\"color: #000000;\">A Azul conseguiu o sinal verde dos aeronautas para reduzir sal\u00e1rios e jornada no dia 24 de junho. De forma bruta, a redu\u00e7\u00e3o de sal\u00e1rio era de 45% entre o terceiro trimestre de 2020 e o primeiro de 2021, quando o porcentual come\u00e7a a cair. No quarto trimestre de 2021, a redu\u00e7\u00e3o na remunera\u00e7\u00e3o seria de 25%. Com a ajuda de custo, as redu\u00e7\u00f5es l\u00edquidas v\u00e3o de 23% no terceiro trimestre de 2020 para 3% de queda na remunera\u00e7\u00e3o no quarto trimestre de 2021. Na mesma linha,\u00a0<a style=\"color: #000000;\" href=\"https:\/\/economia.estadao.com.br\/noticias\/geral,gol-anuncia-corte-de-35-de-jornada-e-salario-de-funcionarios,70003240274\" target=\"_blank\" rel=\"noopener noreferrer\">a Gol tamb\u00e9m conseguiu fechar a redu\u00e7\u00e3o de sal\u00e1rios<\/a>.<\/span><\/p>\n<p><span style=\"color: #000000;\">A\u00a0<a style=\"color: #000000;\" href=\"https:\/\/tudo-sobre.estadao.com.br\/latam\" target=\"_blank\" rel=\"noopener noreferrer\">Latam Brasil<\/a>, entretanto, trava um embate com a categoria desde junho por uma\u00a0<a style=\"color: #000000;\" href=\"https:\/\/economia.estadao.com.br\/noticias\/geral,pilotos-e-comissarios-da-latam-aceitam-negociar-reducao-permanente-de-salario,70003464039\" target=\"_blank\" rel=\"noopener noreferrer\">redu\u00e7\u00e3o permanente na remunera\u00e7\u00e3o<\/a>. A empresa diz que, por ser mais antiga, tem remunera\u00e7\u00e3o maior e que a equipara\u00e7\u00e3o dos pagamentos seria fundamental para a concorr\u00eancia e sua perman\u00eancia no\u00a0<a style=\"color: #000000;\" href=\"https:\/\/tudo-sobre.estadao.com.br\/brasil-america-do-sul\" target=\"_blank\" rel=\"noopener noreferrer\">Brasil<\/a>. O\u00a0<a style=\"color: #000000;\" href=\"https:\/\/economia.estadao.com.br\/noticias\/geral,latam-pede-recuperacao-judicial-nos-estados-unidos,70003314516\" target=\"_blank\" rel=\"noopener noreferrer\">grupo est\u00e1 em recupera\u00e7\u00e3o judicial nos Estados Unidos<\/a>. Depois de v\u00e1rias negativas, 2,7 mil tripulantes demitidos e da amea\u00e7a de dispensar outros 1,2 mil, os aeronautas aceitaram, no in\u00edcio do m\u00eas passado, conversar com a Latam Brasil sobre o corte definitivo. As negocia\u00e7\u00f5es continuam.<\/span><iframe width=\"1\" height=\"1\" frameborder=\"0\" marginwidth=\"0\" marginheight=\"0\" data-mce-fragment=\"1\"><\/iframe><\/p>\n<p><span style=\"color: #000000;\">A redu\u00e7\u00e3o de jornada foi fundamental para a Azul. No terceiro trimestre, a empresa conseguiu reduziu os custos e despesas operacionais em 40,4% ou R$ 1 bilh\u00e3o comparado com igual trimestre de 2019. O custo da empresa com sal\u00e1rios e benef\u00edcios caiu 36% no per\u00edodo, totalizando R$ 309,6 milh\u00f5es. Na mesma linha, o menor custo com combust\u00edvel de avia\u00e7\u00e3o, 72,1% inferior, colaborou com o menor custo operacional no trimestre. A queda veio principalmente devido \u00e0 diminui\u00e7\u00e3o de 67% na capacidade e a queda de 13% no pre\u00e7o do combust\u00edvel por litro.<\/span><\/p>\n<h3 class=\"intertitulo\"><span style=\"color: #000000;\">Incertezas<\/span><\/h3>\n<p><span style=\"color: #000000;\">O cen\u00e1rio est\u00e1 longe da normalidade. A demanda por voos no mercado dom\u00e9stico brasileiro apresentou queda de 44,7% em outubro na compara\u00e7\u00e3o com igual m\u00eas de 2019, segundo dados da\u00a0<a style=\"color: #000000;\" href=\"https:\/\/tudo-sobre.estadao.com.br\/anac-agencia-nacional-de-aviacao-civil\" target=\"_blank\" rel=\"noopener noreferrer\">Ag\u00eancia Nacional de Avia\u00e7\u00e3o Civil (Anac)<\/a>. Apesar de dram\u00e1tico, o cen\u00e1rio mostra avan\u00e7o na demanda m\u00eas a m\u00eas, o que tem trazido otimismo aos executivos de companhias a\u00e9reas.<\/span><\/p>\n<p><span style=\"color: #000000;\">Em meio \u00e0 extrema dificuldade no mundo e a incertezas sobre uma segunda onda por aqui, a Azul est\u00e1 com uma posi\u00e7\u00e3o de caixa privilegiada, na casa dos R$ 4 bilh\u00f5es, ap\u00f3s a emiss\u00e3o de deb\u00eantures. A\u00a0<a style=\"color: #000000;\" href=\"https:\/\/tudo-sobre.estadao.com.br\/gol-linhas-aereas-inteligentes\" target=\"_blank\" rel=\"noopener noreferrer\">Gol<\/a>, concorrente, fechou o terceiro trimestre com R$ 2,2 bilh\u00f5es. O recurso no caixa da Azul seria suficiente para sustentar a opera\u00e7\u00e3o da empresa por cinco anos &#8211; mantendo-se os n\u00edveis atuais de consumo de caixa.<\/span><\/p>\n<p><span style=\"color: #000000;\">Al\u00e9m desse recurso, a Azul deixou ainda espa\u00e7o para fazer uma emiss\u00e3o complementar de deb\u00eantures convers\u00edveis de mais US$ 100 milh\u00f5es, j\u00e1 garantida pelos mesmos investidores \u00e2ncoras (Knighthead Capital Management LLC\u00a0e a\u00a0Certares Management LLC), com as mesmas condi\u00e7\u00f5es e alterando apenas o pre\u00e7o da a\u00e7\u00e3o vigente. A empresa tem um ano para exercer esta op\u00e7\u00e3o.<\/span><\/p>\n<p><span style=\"color: #000000;\">&#8220;N\u00e3o vamos precisar t\u00e3o cedo. Temos poucos pagamentos de d\u00edvida at\u00e9 o final de 2021, ent\u00e3o vamos tomar essa decis\u00e3o (emiss\u00e3o complementar) quando ela tiver pr\u00f3xima de vencer. Vamos olhar a posi\u00e7\u00e3o de caixa e pre\u00e7o de a\u00e7\u00e3o e ver se faz sentido exercer essa posi\u00e7\u00e3o ou n\u00e3o&#8221;, comentou\u00a0Alexandre Wagner Malfitani,\u00a0diretor vice-presidente Financeiro e de Rela\u00e7\u00f5es com Investidores da Azul, em teleconfer\u00eancia no \u00faltimo dia 16. O cen\u00e1rio fez a empresa, inclusive, abrir m\u00e3o dos recursos prometidos pelo\u00a0<a style=\"color: #000000;\" href=\"https:\/\/tudo-sobre.estadao.com.br\/bndes-banco-nacional-de-desenvolvimento-economico-e-social\" target=\"_blank\" rel=\"noopener noreferrer\">BNDES<\/a>\u00a0para ajudar o setor &#8211; que nenhuma a\u00e9rea conseguiu acessar at\u00e9 agora.<\/span><\/p>\n","protected":false},"excerpt":{"rendered":"<p>Com a aposta na retomada firme da demanda dom\u00e9stica, a a\u00e9rea\u00a0Azul\u00a0resolveu antecipar o fim do acordo de redu\u00e7\u00e3o de jornada com os seus tripulantes um ano antes do prazo.\u00a0O acordo havia sido firmado pela empresa com a categoria em 24 de junho e iria at\u00e9 dezembro de 2021. O objetivo era preservar o caixa da [&hellip;]<\/p>\n","protected":false},"author":1,"featured_media":1540,"comment_status":"open","ping_status":"open","sticky":false,"template":"","format":"standard","meta":[],"categories":[45],"tags":[170],"_links":{"self":[{"href":"https:\/\/revistamaranhaoturismo.com\/index.php?rest_route=\/wp\/v2\/posts\/1539"}],"collection":[{"href":"https:\/\/revistamaranhaoturismo.com\/index.php?rest_route=\/wp\/v2\/posts"}],"about":[{"href":"https:\/\/revistamaranhaoturismo.com\/index.php?rest_route=\/wp\/v2\/types\/post"}],"author":[{"embeddable":true,"href":"https:\/\/revistamaranhaoturismo.com\/index.php?rest_route=\/wp\/v2\/users\/1"}],"replies":[{"embeddable":true,"href":"https:\/\/revistamaranhaoturismo.com\/index.php?rest_route=%2Fwp%2Fv2%2Fcomments&post=1539"}],"version-history":[{"count":1,"href":"https:\/\/revistamaranhaoturismo.com\/index.php?rest_route=\/wp\/v2\/posts\/1539\/revisions"}],"predecessor-version":[{"id":1541,"href":"https:\/\/revistamaranhaoturismo.com\/index.php?rest_route=\/wp\/v2\/posts\/1539\/revisions\/1541"}],"wp:featuredmedia":[{"embeddable":true,"href":"https:\/\/revistamaranhaoturismo.com\/index.php?rest_route=\/wp\/v2\/media\/1540"}],"wp:attachment":[{"href":"https:\/\/revistamaranhaoturismo.com\/index.php?rest_route=%2Fwp%2Fv2%2Fmedia&parent=1539"}],"wp:term":[{"taxonomy":"category","embeddable":true,"href":"https:\/\/revistamaranhaoturismo.com\/index.php?rest_route=%2Fwp%2Fv2%2Fcategories&post=1539"},{"taxonomy":"post_tag","embeddable":true,"href":"https:\/\/revistamaranhaoturismo.com\/index.php?rest_route=%2Fwp%2Fv2%2Ftags&post=1539"}],"curies":[{"name":"wp","href":"https:\/\/api.w.org\/{rel}","templated":true}]}}