{"id":2470,"date":"2024-06-20T09:22:54","date_gmt":"2024-06-20T12:22:54","guid":{"rendered":"https:\/\/revistamaranhaoturismo.com\/?p=2470"},"modified":"2024-06-20T09:22:54","modified_gmt":"2024-06-20T12:22:54","slug":"exposicao-de-artes-plasticas-em-sao-paulo","status":"publish","type":"post","link":"https:\/\/revistamaranhaoturismo.com\/?p=2470","title":{"rendered":"Exposi\u00e7\u00e3o de Artes Pl\u00e1sticas em S\u00e3o Paulo"},"content":{"rendered":"<p style=\"text-align: justify;\"><span style=\"font-size: 14pt;\">Fransoufer representar\u00e1 o Estado do Maranh\u00e3o.<\/span><\/p>\n<p style=\"text-align: justify;\"><span style=\"font-size: 14pt;\">A Supimpa Cultural realizar\u00e1 a exposi\u00e7\u00e3o \u201cPanorama Geral das Artes Pl\u00e1sticas no Brasil\u201d, por meio da Lei Federal de Incentivo \u00e0 Cultura (Lei Rouanet), com a Curadoria de F\u00e1bio Porchat, presidente da Academia Latino-Americana de Arte, e Coordena\u00e7\u00e3o de Debora Vettorazo Veiga.<\/span><br \/>\n<span style=\"font-size: 14pt;\">A Exposi\u00e7\u00e3o ser\u00e1 aberta dia 24 de junho, \u00e0s 19 horas, no Edif\u00edcio Arias Villanueva, av.Ruth Cardoso, N\u00ba 7003, em S\u00e3o Paulo-SP, onde ser\u00e1 servido coquetel inaugural. A exposi\u00e7\u00e3o ser\u00e1 composta por mais de 40 artistas pl\u00e1sticos de diversos estados brasileiros, e, representando o Estado do Maranh\u00e3o, est\u00e1 o renomado artista pl\u00e1stico e escultor maranhense Fransoufer, representando seu Estado natal. As obras ficar\u00e3o expostas de 24 de Junho a 24 de Julho de 2024, com visita\u00e7\u00e3o de ter\u00e7as \u00e0s sextas-feiras, das 13 h \u00e0s 18h. Vale a pena conferir e contemplar as mais belas obras de arte, traduzidas com muita inspira\u00e7\u00e3o e amor de cada artista pl\u00e1stico que expor\u00e1 seus trabalhos art\u00edsticos.<\/span><\/p>\n<p style=\"text-align: justify;\"><span style=\"font-size: 14pt;\">Assessoria de Comunica\u00e7\u00e3o do Instituto Fransoufer.<\/span><\/p>\n","protected":false},"excerpt":{"rendered":"<p>Fransoufer representar\u00e1 o Estado do Maranh\u00e3o. A Supimpa Cultural realizar\u00e1 a exposi\u00e7\u00e3o \u201cPanorama Geral das Artes Pl\u00e1sticas no Brasil\u201d, por meio da Lei Federal de Incentivo \u00e0 Cultura (Lei Rouanet), com a Curadoria de F\u00e1bio Porchat, presidente da Academia Latino-Americana de Arte, e Coordena\u00e7\u00e3o de Debora Vettorazo Veiga. A Exposi\u00e7\u00e3o ser\u00e1 aberta dia 24 de [&hellip;]<\/p>\n","protected":false},"author":1,"featured_media":2471,"comment_status":"open","ping_status":"open","sticky":false,"template":"","format":"standard","meta":[],"categories":[1],"tags":[],"_links":{"self":[{"href":"https:\/\/revistamaranhaoturismo.com\/index.php?rest_route=\/wp\/v2\/posts\/2470"}],"collection":[{"href":"https:\/\/revistamaranhaoturismo.com\/index.php?rest_route=\/wp\/v2\/posts"}],"about":[{"href":"https:\/\/revistamaranhaoturismo.com\/index.php?rest_route=\/wp\/v2\/types\/post"}],"author":[{"embeddable":true,"href":"https:\/\/revistamaranhaoturismo.com\/index.php?rest_route=\/wp\/v2\/users\/1"}],"replies":[{"embeddable":true,"href":"https:\/\/revistamaranhaoturismo.com\/index.php?rest_route=%2Fwp%2Fv2%2Fcomments&post=2470"}],"version-history":[{"count":1,"href":"https:\/\/revistamaranhaoturismo.com\/index.php?rest_route=\/wp\/v2\/posts\/2470\/revisions"}],"predecessor-version":[{"id":2472,"href":"https:\/\/revistamaranhaoturismo.com\/index.php?rest_route=\/wp\/v2\/posts\/2470\/revisions\/2472"}],"wp:featuredmedia":[{"embeddable":true,"href":"https:\/\/revistamaranhaoturismo.com\/index.php?rest_route=\/wp\/v2\/media\/2471"}],"wp:attachment":[{"href":"https:\/\/revistamaranhaoturismo.com\/index.php?rest_route=%2Fwp%2Fv2%2Fmedia&parent=2470"}],"wp:term":[{"taxonomy":"category","embeddable":true,"href":"https:\/\/revistamaranhaoturismo.com\/index.php?rest_route=%2Fwp%2Fv2%2Fcategories&post=2470"},{"taxonomy":"post_tag","embeddable":true,"href":"https:\/\/revistamaranhaoturismo.com\/index.php?rest_route=%2Fwp%2Fv2%2Ftags&post=2470"}],"curies":[{"name":"wp","href":"https:\/\/api.w.org\/{rel}","templated":true}]}}