{"id":2473,"date":"2024-06-22T13:56:41","date_gmt":"2024-06-22T16:56:41","guid":{"rendered":"https:\/\/revistamaranhaoturismo.com\/?p=2473"},"modified":"2024-06-22T13:56:42","modified_gmt":"2024-06-22T16:56:42","slug":"natal-sera-sede-do-i-encontro-nacional-febtur-de-jornalistas-e-comunicadores-de-turismo","status":"publish","type":"post","link":"https:\/\/revistamaranhaoturismo.com\/?p=2473","title":{"rendered":"NATAL SER\u00c1 SEDE DO I ENCONTRO NACIONAL FEBTUR de Jornalistas e Comunicadores de Turismo"},"content":{"rendered":"<p style=\"text-align: justify;\"><span style=\"font-size: 14pt;\">Do dia 1\u00ba ao dia 4 de agosto pr\u00f3ximo, a cidade de Natal ser\u00e1 o destino dos jornalistas e comunicadores de turismo do Brasil, Uruguai e Argentina. Ser\u00e1 realizado o I ENCONTRO NACIONAL FEBTUR DE JORNALISTAS E COMUNICADORES DE TURISMO no Hotel Barreira Roxa na Via Costeira, organizado pela FEBTUR\/RN E A FEBTUR NACIONA.<\/span><\/p>\n<figure id=\"attachment_2475\" aria-describedby=\"caption-attachment-2475\" style=\"width: 768px\" class=\"wp-caption aligncenter\"><a href=\"https:\/\/revistamaranhaoturismo.com\/natal-sera-sede-do-i-encontro-nacional-febtur-de-jornalistas-e-comunicadores-de-turismo\/e4e4\/\" rel=\"attachment wp-att-2475\"><img decoding=\"async\" loading=\"lazy\" class=\"size-full wp-image-2475\" src=\"https:\/\/revistamaranhaoturismo.com\/wp-content\/uploads\/2024\/06\/e4e4.jpg\" alt=\"\" width=\"768\" height=\"525\" data-wp-pid=\"2475\" srcset=\"https:\/\/revistamaranhaoturismo.com\/wp-content\/uploads\/2024\/06\/e4e4.jpg 768w, https:\/\/revistamaranhaoturismo.com\/wp-content\/uploads\/2024\/06\/e4e4-300x205.jpg 300w, https:\/\/revistamaranhaoturismo.com\/wp-content\/uploads\/2024\/06\/e4e4-750x513.jpg 750w\" sizes=\"(max-width: 768px) 100vw, 768px\" \/><\/a><figcaption id=\"caption-attachment-2475\" class=\"wp-caption-text\">Praia de Ponta Negra (Foto: Canind\u00e9 Soares)<\/figcaption><\/figure>\n<p style=\"text-align: justify;\"><span style=\"font-size: 14pt;\">A previs\u00e3o \u00e9 que mais de 100 jornalistas e comunicadores de turismo de 16 estados do Brasil, do Uruguai e da Argentina, estejam em Natal para no 1\u00ba dia, \u00a0cumprirem uma programa\u00e7\u00e3o de palestras e debates sobre a comunica\u00e7\u00e3o para o turismo, bem como dois dias de visitas t\u00e9cnicas pelos pontos tur\u00edsticos e badalados do RGN, tais \u00a0como Pipa, \u00a0Genipabu, Maracaja\u00fa, Lagoa Guara\u00edras, tudo isso acompanhado das delicias da gastronomia da terra.<\/span><\/p>\n<figure id=\"attachment_2476\" aria-describedby=\"caption-attachment-2476\" style=\"width: 737px\" class=\"wp-caption aligncenter\"><a href=\"https:\/\/revistamaranhaoturismo.com\/natal-sera-sede-do-i-encontro-nacional-febtur-de-jornalistas-e-comunicadores-de-turismo\/klcklck\/\" rel=\"attachment wp-att-2476\"><img decoding=\"async\" loading=\"lazy\" class=\"size-full wp-image-2476\" src=\"https:\/\/revistamaranhaoturismo.com\/wp-content\/uploads\/2024\/06\/klcklck.jpg\" alt=\"\" width=\"737\" height=\"492\" data-wp-pid=\"2476\" srcset=\"https:\/\/revistamaranhaoturismo.com\/wp-content\/uploads\/2024\/06\/klcklck.jpg 737w, https:\/\/revistamaranhaoturismo.com\/wp-content\/uploads\/2024\/06\/klcklck-300x200.jpg 300w\" sizes=\"(max-width: 737px) 100vw, 737px\" \/><\/a><figcaption id=\"caption-attachment-2476\" class=\"wp-caption-text\">Ponte Newton Navarro (Foto: Canind\u00e9 Soares)<\/figcaption><\/figure>\n<p style=\"text-align: justify;\"><span style=\"font-size: 14pt;\">Para a Secret\u00e1ria de turismo do RGN, Solange Portela \u201cEstamos apoiando este Encontro Nacional da FEBTUR, por entender que a presen\u00e7a de uma centena de jornalistas e comunicadores de turismo visitando nosso estado, ser\u00e1 uma grande oportunidade para mostrar nossas belezas naturais para o Brasil e outros pa\u00edses, promovendo e divulgando nosso turismo\u201d.<\/span><\/p>\n<p style=\"text-align: justify;\"><span style=\"font-size: 14pt;\">A abertura oficial, assim como a programa\u00e7\u00e3o de palestras, v\u00e3o acontecer no Hotel Barreira Roxa na Via Costeira, hotel escola administrado pelo Sistema Fecom\u00e9rcio\/ SENAC um dos apoiadores do I Encontro Nacional BEBTUR. O tema Central do evento \u00e9 \u201cFronteiras Digitais: Explorando Novas Dimens\u00f5es no Jornalismo de Turismo\u201d e ter\u00e1 desdobramentos de subtemas atuais e importantes para a constru\u00e7\u00e3o da comunica\u00e7\u00e3o que \u00e9 feita para o turismo.<\/span><\/p>\n<figure id=\"attachment_2477\" aria-describedby=\"caption-attachment-2477\" style=\"width: 737px\" class=\"wp-caption aligncenter\"><a href=\"https:\/\/revistamaranhaoturismo.com\/natal-sera-sede-do-i-encontro-nacional-febtur-de-jornalistas-e-comunicadores-de-turismo\/trtut\/\" rel=\"attachment wp-att-2477\"><img decoding=\"async\" loading=\"lazy\" class=\"size-full wp-image-2477\" src=\"https:\/\/revistamaranhaoturismo.com\/wp-content\/uploads\/2024\/06\/trtut.jpg\" alt=\"\" width=\"737\" height=\"492\" data-wp-pid=\"2477\" srcset=\"https:\/\/revistamaranhaoturismo.com\/wp-content\/uploads\/2024\/06\/trtut.jpg 737w, https:\/\/revistamaranhaoturismo.com\/wp-content\/uploads\/2024\/06\/trtut-300x200.jpg 300w\" sizes=\"(max-width: 737px) 100vw, 737px\" \/><\/a><figcaption id=\"caption-attachment-2477\" class=\"wp-caption-text\">Nata\/RN, Rio Potengi (Foto: Canind\u00e9 Soares)<\/figcaption><\/figure>\n<p style=\"text-align: justify;\"><span style=\"font-size: 14pt;\">Na opini\u00e3o de Marcelo Fernandes Queiroz Presidente da Fecom\u00e9rcio, \u201c apoiar um evento dessa natureza, \u00e9 ter a oportunidade de mostrar para um grande p\u00fablico no Brasil e exterior, os atrativos tur\u00edsticos do Rio Grande do Norte, j\u00e1 que\u00a0 estes jornalistas e comunicadores que v\u00e3o estar no estado por 4 dias, v\u00e3o produzir noticias e imagens dos pontos\u00a0 tur\u00edsticos que v\u00e3o visitar. \u00c9 um \u00f3timo investimento para o turismo. \u201cFinalizou o Presidente Marcelo.<\/span><\/p>\n<p style=\"text-align: justify;\"><span style=\"font-size: 14pt;\">Foi com este olhar que outros Munic\u00edpios onde est\u00e3o situadas atra\u00e7\u00f5es como Pipa, Maior Cajueiro do Mundo, Maracaja\u00fa e Genipab\u00fa, fizerem quest\u00e3o de convidar os jornalistas para conhecerem estes locais, vivendo emo\u00e7\u00f5es em passeios de BUGGY no p\u00f4r do, ou navegando em catamar\u00e3 e degustando ostras. Eles sabem que eles ser\u00e3o bem divulgados.<\/span><\/p>\n<p style=\"text-align: justify;\"><span style=\"font-size: 14pt;\"><strong>Servi\u00e7o<\/strong><\/span><\/p>\n<p style=\"text-align: justify;\"><span style=\"font-size: 14pt;\">O que \u2013 I Encontro Nacional FEBTUR de Jornalistas e Comunicadores de Turismo<\/span><\/p>\n<p style=\"text-align: justify;\"><span style=\"font-size: 14pt;\">Onde \u2013 Hotel Barreira Roxa &#8211; Natal \u2013 Rio Grande do Norte<\/span><\/p>\n<p style=\"text-align: justify;\"><span style=\"font-size: 14pt;\">Quando \u2013 1, 2 e 3 de agosto de 2024<\/span><\/p>\n<p style=\"text-align: justify;\"><span style=\"font-size: 14pt;\">Quem Participa \u2013 Jornalistas e Comunicadores de Turismo<\/span><\/p>\n<p style=\"text-align: justify;\"><span style=\"font-size: 14pt;\">Informa\u00e7\u00f5es &#8211; \u00a0\u00a0site <a href=\"https:\/\/loja-febtur.turbinou.com\">https:\/\/loja-febtur.turbinou.com<\/a>\u00a0\u00a0 \/\u00a0 amandarochaeventos@gmail.com<\/span><\/p>\n","protected":false},"excerpt":{"rendered":"<p>Do dia 1\u00ba ao dia 4 de agosto pr\u00f3ximo, a cidade de Natal ser\u00e1 o destino dos jornalistas e comunicadores de turismo do Brasil, Uruguai e Argentina. Ser\u00e1 realizado o I ENCONTRO NACIONAL FEBTUR DE JORNALISTAS E COMUNICADORES DE TURISMO no Hotel Barreira Roxa na Via Costeira, organizado pela FEBTUR\/RN E A FEBTUR NACIONA. A [&hellip;]<\/p>\n","protected":false},"author":1,"featured_media":2474,"comment_status":"open","ping_status":"open","sticky":false,"template":"","format":"standard","meta":[],"categories":[1],"tags":[],"_links":{"self":[{"href":"https:\/\/revistamaranhaoturismo.com\/index.php?rest_route=\/wp\/v2\/posts\/2473"}],"collection":[{"href":"https:\/\/revistamaranhaoturismo.com\/index.php?rest_route=\/wp\/v2\/posts"}],"about":[{"href":"https:\/\/revistamaranhaoturismo.com\/index.php?rest_route=\/wp\/v2\/types\/post"}],"author":[{"embeddable":true,"href":"https:\/\/revistamaranhaoturismo.com\/index.php?rest_route=\/wp\/v2\/users\/1"}],"replies":[{"embeddable":true,"href":"https:\/\/revistamaranhaoturismo.com\/index.php?rest_route=%2Fwp%2Fv2%2Fcomments&post=2473"}],"version-history":[{"count":2,"href":"https:\/\/revistamaranhaoturismo.com\/index.php?rest_route=\/wp\/v2\/posts\/2473\/revisions"}],"predecessor-version":[{"id":2479,"href":"https:\/\/revistamaranhaoturismo.com\/index.php?rest_route=\/wp\/v2\/posts\/2473\/revisions\/2479"}],"wp:featuredmedia":[{"embeddable":true,"href":"https:\/\/revistamaranhaoturismo.com\/index.php?rest_route=\/wp\/v2\/media\/2474"}],"wp:attachment":[{"href":"https:\/\/revistamaranhaoturismo.com\/index.php?rest_route=%2Fwp%2Fv2%2Fmedia&parent=2473"}],"wp:term":[{"taxonomy":"category","embeddable":true,"href":"https:\/\/revistamaranhaoturismo.com\/index.php?rest_route=%2Fwp%2Fv2%2Fcategories&post=2473"},{"taxonomy":"post_tag","embeddable":true,"href":"https:\/\/revistamaranhaoturismo.com\/index.php?rest_route=%2Fwp%2Fv2%2Ftags&post=2473"}],"curies":[{"name":"wp","href":"https:\/\/api.w.org\/{rel}","templated":true}]}}