{"id":2484,"date":"2024-06-26T15:33:16","date_gmt":"2024-06-26T18:33:16","guid":{"rendered":"https:\/\/revistamaranhaoturismo.com\/?p=2484"},"modified":"2024-06-26T15:33:17","modified_gmt":"2024-06-26T18:33:17","slug":"tap-retoma-voos-para-manaus","status":"publish","type":"post","link":"https:\/\/revistamaranhaoturismo.com\/?p=2484","title":{"rendered":"TAP RETOMA VOOS PARA MANAUS"},"content":{"rendered":"<p style=\"text-align: justify;\"><span style=\"font-size: 14pt;\">A Companhia A\u00e9rea Portuguesa passa a operar 15 rotas no Brasil <\/span><span style=\"font-size: 14pt;\">A TAP Air Portugal retoma os voos entre Lisboa e Manaus, capital do Estado da Amaz\u00f3nia, numa <\/span><span style=\"font-size: 14pt;\">opera\u00e7\u00e3o com tr\u00eas voos semanais, com escala em Bel\u00e9m, que acontecem \u00e0s segundas, quartas <\/span><span style=\"font-size: 14pt;\">e sextas. O primeiro voo est\u00e1 marcado para o pr\u00f3ximo dia 4 de novembro.<\/span><br \/>\n<span style=\"font-size: 14pt;\">Com o regresso deste voo, a Companhia marca presen\u00e7a em 13 capitais e atinge o n\u00famero de 15 <\/span><span style=\"font-size: 14pt;\">rotas no Brasil (13 para Lisboa e duas para o Porto). <\/span><span style=\"font-size: 14pt;\">A TAP j\u00e1 tinha voado para Manaus entre 2014 e 2016. Os bilhetes para os voos entre Lisboa e <\/span><span style=\"font-size: 14pt;\">Manaus j\u00e1 est\u00e3o dispon\u00edveis em flytap.com e nas ag\u00eancias de viagens, com pre\u00e7os promocionais <\/span><span style=\"font-size: 14pt;\">de ida e volta a partir de USD 649 com taxas inclu\u00eddas. <\/span><span style=\"font-size: 14pt;\">Para Lu\u00eds Rodrigues, CEO da TAP, \u201co Brasil \u00e9 estrat\u00e9gico para a TAP e o regresso do nosso voo para <\/span><span style=\"font-size: 14pt;\">Manaus \u00e9 mais um sinal de que vamos continuar a investir no desenvolvimento das nossas <\/span><span style=\"font-size: 14pt;\">opera\u00e7\u00f5es no pa\u00eds. Recentemente lan\u00e7\u00e1mos uma nova rota para Florian\u00f3polis e vamos terminar <\/span><span style=\"font-size: 14pt;\">este ano com, pelo menos, 15 rotas para o Brasil, n\u00fameros recordes da Companhia no pa\u00eds <\/span><span style=\"font-size: 14pt;\">irm\u00e3o\u201d.<\/span><\/p>\n<p style=\"text-align: justify;\"><a href=\"https:\/\/revistamaranhaoturismo.com\/tap-retoma-voos-para-manaus\/whatsapp-image-2024-06-26-at-14-57-23\/\" rel=\"attachment wp-att-2487\"><img decoding=\"async\" loading=\"lazy\" class=\"aligncenter size-full wp-image-2487\" src=\"https:\/\/revistamaranhaoturismo.com\/wp-content\/uploads\/2024\/06\/WhatsApp-Image-2024-06-26-at-14.57.23.jpeg\" alt=\"\" width=\"1510\" height=\"849\" data-wp-pid=\"2487\" srcset=\"https:\/\/revistamaranhaoturismo.com\/wp-content\/uploads\/2024\/06\/WhatsApp-Image-2024-06-26-at-14.57.23.jpeg 1510w, https:\/\/revistamaranhaoturismo.com\/wp-content\/uploads\/2024\/06\/WhatsApp-Image-2024-06-26-at-14.57.23-300x169.jpeg 300w, https:\/\/revistamaranhaoturismo.com\/wp-content\/uploads\/2024\/06\/WhatsApp-Image-2024-06-26-at-14.57.23-1024x576.jpeg 1024w, https:\/\/revistamaranhaoturismo.com\/wp-content\/uploads\/2024\/06\/WhatsApp-Image-2024-06-26-at-14.57.23-768x432.jpeg 768w, https:\/\/revistamaranhaoturismo.com\/wp-content\/uploads\/2024\/06\/WhatsApp-Image-2024-06-26-at-14.57.23-750x422.jpeg 750w, https:\/\/revistamaranhaoturismo.com\/wp-content\/uploads\/2024\/06\/WhatsApp-Image-2024-06-26-at-14.57.23-1140x641.jpeg 1140w, https:\/\/revistamaranhaoturismo.com\/wp-content\/uploads\/2024\/06\/WhatsApp-Image-2024-06-26-at-14.57.23-800x450.jpeg 800w\" sizes=\"(max-width: 1510px) 100vw, 1510px\" \/><\/a><span style=\"font-size: 14pt;\">\u201cO nosso objetivo \u00e9 trazer cada vez mais turistas para o Brasil, n\u00e3o s\u00f3 de Portugal, mas de todo <\/span><span style=\"font-size: 14pt;\">o mundo para onde a TAP voa, e disponibilizar mais de 60 destinos na Europa e \u00c1frica, que <\/span><span style=\"font-size: 14pt;\">tamb\u00e9m podem ser voados pelos brasileiros via Lisboa e Porto. Queremos continuar a ser a <\/span><span style=\"font-size: 14pt;\">principal Companhia a\u00e9rea internacional no Brasil\u201d, conclui o CEO da TAP Air Portugal.<\/span><\/p>\n<p><a href=\"https:\/\/revistamaranhaoturismo.com\/tap-retoma-voos-para-manaus\/whatsapp-image-2024-06-26-at-14-57-23-1\/\" rel=\"attachment wp-att-2486\"><img decoding=\"async\" loading=\"lazy\" class=\"aligncenter size-full wp-image-2486\" src=\"https:\/\/revistamaranhaoturismo.com\/wp-content\/uploads\/2024\/06\/WhatsApp-Image-2024-06-26-at-14.57.23-1.jpeg\" alt=\"\" width=\"1600\" height=\"1066\" data-wp-pid=\"2486\" srcset=\"https:\/\/revistamaranhaoturismo.com\/wp-content\/uploads\/2024\/06\/WhatsApp-Image-2024-06-26-at-14.57.23-1.jpeg 1600w, https:\/\/revistamaranhaoturismo.com\/wp-content\/uploads\/2024\/06\/WhatsApp-Image-2024-06-26-at-14.57.23-1-300x200.jpeg 300w, https:\/\/revistamaranhaoturismo.com\/wp-content\/uploads\/2024\/06\/WhatsApp-Image-2024-06-26-at-14.57.23-1-1024x682.jpeg 1024w, https:\/\/revistamaranhaoturismo.com\/wp-content\/uploads\/2024\/06\/WhatsApp-Image-2024-06-26-at-14.57.23-1-768x512.jpeg 768w, https:\/\/revistamaranhaoturismo.com\/wp-content\/uploads\/2024\/06\/WhatsApp-Image-2024-06-26-at-14.57.23-1-1536x1023.jpeg 1536w, https:\/\/revistamaranhaoturismo.com\/wp-content\/uploads\/2024\/06\/WhatsApp-Image-2024-06-26-at-14.57.23-1-750x500.jpeg 750w, https:\/\/revistamaranhaoturismo.com\/wp-content\/uploads\/2024\/06\/WhatsApp-Image-2024-06-26-at-14.57.23-1-1140x760.jpeg 1140w, https:\/\/revistamaranhaoturismo.com\/wp-content\/uploads\/2024\/06\/WhatsApp-Image-2024-06-26-at-14.57.23-1-800x533.jpeg 800w\" sizes=\"(max-width: 1600px) 100vw, 1600px\" \/><\/a><\/p>\n<p style=\"text-align: justify;\"><span style=\"font-size: 14pt;\">Segundo Karen Strougo, Diretora-Presidente da Concession\u00e1ria dos Aeroportos da Amaz\u00f4nia, \u201ca <\/span><span style=\"font-size: 14pt;\">chegada da TAP a Manaus representa uma etapa importante na melhoria da conectividade do <\/span><span style=\"font-size: 14pt;\">Amazonas com a Europa, facilitando a recep\u00e7\u00e3o de mais turistas estrangeiros aos destinos de <\/span><span style=\"font-size: 14pt;\">natureza e cultura do Estado, e estimulando a viagem dos amazonenses a Portugal e suas <\/span><span style=\"font-size: 14pt;\">conex\u00f5es a partir do hub de Lisboa. Isso faz parte do trabalho da VINCI Airports: promover a <\/span><span style=\"font-size: 14pt;\">presen\u00e7a de mais companhias a\u00e9reas e conectar cada vez mais cidades. Este an\u00fancio \u00e9 ainda <\/span><span style=\"font-size: 14pt;\">mais especial por conectar dois aeroportos da nossa rede\u201d.<\/span><br \/>\n<span style=\"font-size: 14pt;\">Durante o ver\u00e3o europeu, apesar da suspens\u00e3o tempor\u00e1ria dos voos para Porto Alegre, a TAP <\/span><span style=\"font-size: 14pt;\">oferece 95 voos semanais para o Brasil, uma m\u00e9dia de 13 voos por dia, com sa\u00eddas de 13 capitais <\/span><span style=\"font-size: 14pt;\">de estados brasileiros. <\/span><span style=\"font-size: 14pt;\">A TAP foi eleita por 10 anos consecutivos a Companhia A\u00e9rea L\u00edder da Europa para a Am\u00e9rica do <\/span><span style=\"font-size: 14pt;\">Sul pelos World Travel Awards, em reconhecimento do seu servi\u00e7o de excel\u00eancia. Al\u00e9m disso, <\/span><span style=\"font-size: 14pt;\">recebeu em 2023 o MICE Award de Melhor Companhia Europeia. <\/span><span style=\"font-size: 14pt;\">A TAP Air Portugal voa diretamente de Lisboa para S\u00e3o Paulo, Rio de Janeiro, Bel\u00e9m, Belo <\/span><span style=\"font-size: 14pt;\">Horizonte, Bras\u00edlia, Fortaleza, Natal, Macei\u00f3, Porto Alegre, Recife, Salvador, Florian\u00f3polis e <\/span><span style=\"font-size: 14pt;\">Manaus, al\u00e9m de ligar o Porto a S\u00e3o Paulo e ao Rio de Janeiro. No total, s\u00e3o 13 cidades do Brasil <\/span><span style=\"font-size: 14pt;\">(15 rotas, de Lisboa e Porto) que a TAP liga diretamente a Portugal.<\/span><br \/>\n<span style=\"font-size: 14pt;\">Assessoria de imprensa<\/span><br \/>\n<span style=\"color: #000000;\"><em><span style=\"font-size: 14pt;\">David Seromenho<\/span><\/em><\/span><br \/>\n<span style=\"color: #000000;\"><em><span style=\"font-size: 14pt;\">dseromenho@hom.ag<\/span><\/em><\/span><br \/>\n<span style=\"color: #000000;\"><em><span style=\"font-size: 14pt;\">11 996868722<\/span><\/em><\/span><\/p>\n","protected":false},"excerpt":{"rendered":"<p>A Companhia A\u00e9rea Portuguesa passa a operar 15 rotas no Brasil A TAP Air Portugal retoma os voos entre Lisboa e Manaus, capital do Estado da Amaz\u00f3nia, numa opera\u00e7\u00e3o com tr\u00eas voos semanais, com escala em Bel\u00e9m, que acontecem \u00e0s segundas, quartas e sextas. O primeiro voo est\u00e1 marcado para o pr\u00f3ximo dia 4 de [&hellip;]<\/p>\n","protected":false},"author":1,"featured_media":2485,"comment_status":"open","ping_status":"open","sticky":false,"template":"","format":"standard","meta":[],"categories":[1],"tags":[],"_links":{"self":[{"href":"https:\/\/revistamaranhaoturismo.com\/index.php?rest_route=\/wp\/v2\/posts\/2484"}],"collection":[{"href":"https:\/\/revistamaranhaoturismo.com\/index.php?rest_route=\/wp\/v2\/posts"}],"about":[{"href":"https:\/\/revistamaranhaoturismo.com\/index.php?rest_route=\/wp\/v2\/types\/post"}],"author":[{"embeddable":true,"href":"https:\/\/revistamaranhaoturismo.com\/index.php?rest_route=\/wp\/v2\/users\/1"}],"replies":[{"embeddable":true,"href":"https:\/\/revistamaranhaoturismo.com\/index.php?rest_route=%2Fwp%2Fv2%2Fcomments&post=2484"}],"version-history":[{"count":2,"href":"https:\/\/revistamaranhaoturismo.com\/index.php?rest_route=\/wp\/v2\/posts\/2484\/revisions"}],"predecessor-version":[{"id":2489,"href":"https:\/\/revistamaranhaoturismo.com\/index.php?rest_route=\/wp\/v2\/posts\/2484\/revisions\/2489"}],"wp:featuredmedia":[{"embeddable":true,"href":"https:\/\/revistamaranhaoturismo.com\/index.php?rest_route=\/wp\/v2\/media\/2485"}],"wp:attachment":[{"href":"https:\/\/revistamaranhaoturismo.com\/index.php?rest_route=%2Fwp%2Fv2%2Fmedia&parent=2484"}],"wp:term":[{"taxonomy":"category","embeddable":true,"href":"https:\/\/revistamaranhaoturismo.com\/index.php?rest_route=%2Fwp%2Fv2%2Fcategories&post=2484"},{"taxonomy":"post_tag","embeddable":true,"href":"https:\/\/revistamaranhaoturismo.com\/index.php?rest_route=%2Fwp%2Fv2%2Ftags&post=2484"}],"curies":[{"name":"wp","href":"https:\/\/api.w.org\/{rel}","templated":true}]}}