{"id":2496,"date":"2024-06-29T17:26:33","date_gmt":"2024-06-29T20:26:33","guid":{"rendered":"https:\/\/revistamaranhaoturismo.com\/?p=2496"},"modified":"2024-06-30T11:09:01","modified_gmt":"2024-06-30T14:09:01","slug":"vejam-fotos-da-abertura-da-feira-do-empreendedor-sebrae-2024-na-cidade-de-balsas","status":"publish","type":"post","link":"https:\/\/revistamaranhaoturismo.com\/?p=2496","title":{"rendered":"Abertura da Feira do Empreendedor Sebrae 2024 na cidade de Balsas"},"content":{"rendered":"<div data-breakout=\"normal\">\n<p id=\"viewer-8cqmt284\" class=\"bbl5c dkFHG WZ-z2 _-7CKp\" dir=\"auto\" style=\"text-align: justify;\"><span class=\"zKS-7 WZ-z2\" style=\"font-size: 14pt;\"><strong>Balsas\/MA<\/strong> &#8211; Vejam as fotos do primeiro dia da <a class=\"L-ZXL QZImc\" href=\"https:\/\/www.reginaldocazumba.com.br\/2024\/06\/conexoes-para-o-desenvolvimento-do.html?m=1\" target=\"_blank\" rel=\"noopener noreferrer\" data-hook=\"WebLink\"><u>Feira<\/u><\/a><u> (<\/u><a class=\"L-ZXL QZImc\" href=\"https:\/\/www.reginaldocazumba.com.br\/2024\/06\/conexoes-para-o-desenvolvimento-do.html?m=1\" target=\"_blank\" rel=\"noopener noreferrer\" data-hook=\"WebLink\"><u>veja<\/u><\/a><u> <\/u><a class=\"L-ZXL QZImc\" href=\"https:\/\/www.reginaldocazumba.com.br\/2024\/06\/conexoes-para-o-desenvolvimento-do.html?m=1\" target=\"_blank\" rel=\"noopener noreferrer\" data-hook=\"WebLink\"><u>materia<\/u><\/a><u>)<\/u> do Empreendedor Sebrae-MA 2024, que acontece no Gin\u00e1sio de Esportes Rei Pel\u00e9, nos dias 27, 28, 29 e 30 de junho, na cidade de Balsas, na regi\u00e3o sul do Estado do Maranh\u00e3o. <\/span><\/p>\n<\/div>\n<div style=\"text-align: justify;\" data-hook=\"rcv-block2\"><span style=\"font-size: 14pt;\">A edi\u00e7\u00e3o da Feira do Empreendedor 2024, que se notabilizou como o maior evento de neg\u00f3cios do Maranh\u00e3o, esse ano tem como slogam &#8220;Conectar ideias, Transformar Neg\u00f3cios&#8221;, promete atrair um p\u00fablico estimado em 12 mil participantes nos tr\u00eas dias de evento.<\/span><\/div>\n<div style=\"text-align: justify;\" data-hook=\"rcv-block4\"><\/div>\n<div style=\"text-align: justify;\" data-breakout=\"normal\">\n<div id=\"viewer-soml18\" class=\"bbl5c dkFHG _8UBmS _-7CKp\" dir=\"auto\"><span style=\"font-size: 14pt;\">Vejam as fotos da abertura oficial da Feira do Empreendedor Sebrae 2024:<\/span><\/div>\n<\/div>\n<div style=\"text-align: justify;\" data-hook=\"rcv-block6\"><\/div>\n<div style=\"text-align: justify;\" data-breakout=\"normal\">\n<div id=\"viewer-jqak5145\" class=\"XFQsU\">\n<div class=\"_4zxWp\">\n<figure class=\"-NM7M\" tabindex=\"0\" role=\"button\" data-hook=\"imageViewer\">\n<div id=\"jqak5145\" class=\"AE5h6 _3EJkQ bk5lD\"><span style=\"font-size: 14pt;\"><img decoding=\"async\" src=\"https:\/\/static.wixstatic.com\/media\/7dcec5_de29487ed21e44d9be6022943181534a~mv2.jpg\/v1\/fill\/w_568,h_426,al_c,q_80,usm_0.66_1.00_0.01,enc_auto\/7dcec5_de29487ed21e44d9be6022943181534a~mv2.jpg\" alt=\"\" data-pin-url=\"https:\/\/www.cazumbaonline.com.br\/post\/vejam-fotos-da-abertura-da-feira-do-empreendedor-sebrae-2024-na-cidade-de-balsas\" data-pin-media=\"https:\/\/static.wixstatic.com\/media\/7dcec5_de29487ed21e44d9be6022943181534a~mv2.jpg\/v1\/fill\/w_3000,h_2250,al_c,q_90\/7dcec5_de29487ed21e44d9be6022943181534a~mv2.jpg\" data-load-done=\"\" \/><\/span><\/div>\n<\/figure>\n<\/div>\n<\/div>\n<\/div>\n<div style=\"text-align: justify;\" data-breakout=\"normal\">\n<div id=\"viewer-3ohav109\" class=\"XFQsU\">\n<div class=\"_4zxWp\">\n<figure class=\"-NM7M\" tabindex=\"0\" role=\"button\" data-hook=\"imageViewer\">\n<div id=\"3ohav109\" class=\"AE5h6 _3EJkQ bk5lD\"><span style=\"font-size: 14pt;\"><img decoding=\"async\" src=\"https:\/\/static.wixstatic.com\/media\/7dcec5_3c2fe114a281494f8555020b99199664~mv2.jpg\/v1\/fill\/w_568,h_426,al_c,q_80,usm_0.66_1.00_0.01,enc_auto\/7dcec5_3c2fe114a281494f8555020b99199664~mv2.jpg\" alt=\"\" data-pin-url=\"https:\/\/www.cazumbaonline.com.br\/post\/vejam-fotos-da-abertura-da-feira-do-empreendedor-sebrae-2024-na-cidade-de-balsas\" data-pin-media=\"https:\/\/static.wixstatic.com\/media\/7dcec5_3c2fe114a281494f8555020b99199664~mv2.jpg\/v1\/fill\/w_3000,h_2250,al_c,q_90\/7dcec5_3c2fe114a281494f8555020b99199664~mv2.jpg\" data-load-done=\"\" \/><\/span><\/div>\n<\/figure>\n<\/div>\n<\/div>\n<\/div>\n<div style=\"text-align: justify;\" data-breakout=\"normal\">\n<div id=\"viewer-mxqeq73\" class=\"XFQsU\">\n<div class=\"_4zxWp\">\n<figure class=\"-NM7M\" tabindex=\"0\" role=\"button\" data-hook=\"imageViewer\">\n<div id=\"mxqeq73\" class=\"AE5h6 _3EJkQ bk5lD\"><span style=\"font-size: 14pt;\"><img decoding=\"async\" src=\"https:\/\/static.wixstatic.com\/media\/7dcec5_bebbba814de34f78a637cdd5ff2aed7d~mv2.jpg\/v1\/fill\/w_568,h_426,al_c,q_80,usm_0.66_1.00_0.01,enc_auto\/7dcec5_bebbba814de34f78a637cdd5ff2aed7d~mv2.jpg\" alt=\"\" data-pin-url=\"https:\/\/www.cazumbaonline.com.br\/post\/vejam-fotos-da-abertura-da-feira-do-empreendedor-sebrae-2024-na-cidade-de-balsas\" data-pin-media=\"https:\/\/static.wixstatic.com\/media\/7dcec5_bebbba814de34f78a637cdd5ff2aed7d~mv2.jpg\/v1\/fill\/w_3000,h_2250,al_c,q_90\/7dcec5_bebbba814de34f78a637cdd5ff2aed7d~mv2.jpg\" data-load-done=\"\" \/><\/span><\/div>\n<\/figure>\n<\/div>\n<\/div>\n<\/div>\n<div style=\"text-align: justify;\" data-breakout=\"normal\">\n<div id=\"viewer-xr5tr37\" class=\"XFQsU\">\n<div class=\"_4zxWp\">\n<figure class=\"-NM7M\" tabindex=\"0\" role=\"button\" data-hook=\"imageViewer\">\n<div id=\"xr5tr37\" class=\"AE5h6 _3EJkQ bk5lD\"><span style=\"font-size: 14pt;\"><img decoding=\"async\" src=\"https:\/\/static.wixstatic.com\/media\/7dcec5_54daecc0b9464763a026231642d64281~mv2.jpg\/v1\/fill\/w_568,h_426,al_c,q_80,usm_0.66_1.00_0.01,enc_auto\/7dcec5_54daecc0b9464763a026231642d64281~mv2.jpg\" alt=\"\" data-pin-url=\"https:\/\/www.cazumbaonline.com.br\/post\/vejam-fotos-da-abertura-da-feira-do-empreendedor-sebrae-2024-na-cidade-de-balsas\" data-pin-media=\"https:\/\/static.wixstatic.com\/media\/7dcec5_54daecc0b9464763a026231642d64281~mv2.jpg\/v1\/fill\/w_3000,h_2250,al_c,q_90\/7dcec5_54daecc0b9464763a026231642d64281~mv2.jpg\" data-load-done=\"\" \/><\/span><\/div>\n<\/figure>\n<\/div>\n<\/div>\n<\/div>\n<div style=\"text-align: justify;\" data-breakout=\"normal\">\n<div id=\"viewer-xi4c51\" class=\"XFQsU\">\n<div class=\"_4zxWp\">\n<figure class=\"-NM7M\" tabindex=\"0\" role=\"button\" data-hook=\"imageViewer\">\n<div id=\"xi4c51\" class=\"AE5h6 _3EJkQ bk5lD\"><span style=\"font-size: 14pt;\"><img decoding=\"async\" src=\"https:\/\/static.wixstatic.com\/media\/7dcec5_954ef1209d2b43eaab8675fa91b15ab1~mv2.jpg\/v1\/fill\/w_568,h_426,al_c,q_80,usm_0.66_1.00_0.01,enc_auto\/7dcec5_954ef1209d2b43eaab8675fa91b15ab1~mv2.jpg\" alt=\"\" data-pin-url=\"https:\/\/www.cazumbaonline.com.br\/post\/vejam-fotos-da-abertura-da-feira-do-empreendedor-sebrae-2024-na-cidade-de-balsas\" data-pin-media=\"https:\/\/static.wixstatic.com\/media\/7dcec5_954ef1209d2b43eaab8675fa91b15ab1~mv2.jpg\/v1\/fill\/w_3000,h_2250,al_c,q_90\/7dcec5_954ef1209d2b43eaab8675fa91b15ab1~mv2.jpg\" data-load-done=\"\" \/><\/span><\/div>\n<\/figure>\n<\/div>\n<\/div>\n<\/div>\n<div style=\"text-align: justify;\" data-breakout=\"normal\">\n<div id=\"viewer-kyqh043\" class=\"XFQsU\">\n<div class=\"_4zxWp\">\n<figure class=\"-NM7M\" tabindex=\"0\" role=\"button\" data-hook=\"imageViewer\">\n<div id=\"kyqh043\" class=\"AE5h6 _3EJkQ bk5lD\"><span style=\"font-size: 14pt;\"><img decoding=\"async\" src=\"https:\/\/static.wixstatic.com\/media\/7dcec5_7ae45f73fb4f4af7935e612b75d3af62~mv2.jpg\/v1\/fill\/w_568,h_372,al_c,q_80,usm_0.66_1.00_0.01,enc_auto\/7dcec5_7ae45f73fb4f4af7935e612b75d3af62~mv2.jpg\" alt=\"\" data-pin-url=\"https:\/\/www.cazumbaonline.com.br\/post\/vejam-fotos-da-abertura-da-feira-do-empreendedor-sebrae-2024-na-cidade-de-balsas\" data-pin-media=\"https:\/\/static.wixstatic.com\/media\/7dcec5_7ae45f73fb4f4af7935e612b75d3af62~mv2.jpg\/v1\/fill\/w_3000,h_1963,al_c,q_90\/7dcec5_7ae45f73fb4f4af7935e612b75d3af62~mv2.jpg\" data-load-done=\"\" \/><\/span><\/div>\n<\/figure>\n<\/div>\n<\/div>\n<\/div>\n<div style=\"text-align: justify;\" data-breakout=\"normal\">\n<div id=\"viewer-5x1ik22\" class=\"XFQsU\">\n<div class=\"_4zxWp\">\n<figure class=\"-NM7M\" tabindex=\"0\" role=\"button\" data-hook=\"imageViewer\">\n<div id=\"5x1ik22\" class=\"AE5h6 _3EJkQ bk5lD\"><span style=\"font-size: 14pt;\"><img decoding=\"async\" src=\"https:\/\/static.wixstatic.com\/media\/7dcec5_cb0e2887466c4e16a2d5f9c06b4abe1a~mv2.jpg\/v1\/fill\/w_568,h_375,al_c,q_80,usm_0.66_1.00_0.01,enc_auto\/7dcec5_cb0e2887466c4e16a2d5f9c06b4abe1a~mv2.jpg\" alt=\"\" data-pin-url=\"https:\/\/www.cazumbaonline.com.br\/post\/vejam-fotos-da-abertura-da-feira-do-empreendedor-sebrae-2024-na-cidade-de-balsas\" data-pin-media=\"https:\/\/static.wixstatic.com\/media\/7dcec5_cb0e2887466c4e16a2d5f9c06b4abe1a~mv2.jpg\/v1\/fill\/w_3000,h_1983,al_c,q_90\/7dcec5_cb0e2887466c4e16a2d5f9c06b4abe1a~mv2.jpg\" data-load-done=\"\" \/><\/span><\/div>\n<\/figure>\n<\/div>\n<\/div>\n<\/div>\n<div style=\"text-align: justify;\" data-breakout=\"normal\">\n<div id=\"viewer-j6i0f1\" class=\"XFQsU\">\n<div class=\"_4zxWp\">\n<figure class=\"-NM7M\" tabindex=\"0\" role=\"button\" data-hook=\"imageViewer\">\n<div id=\"j6i0f1\" class=\"AE5h6 _3EJkQ bk5lD\"><span style=\"font-size: 14pt;\"><img decoding=\"async\" src=\"https:\/\/static.wixstatic.com\/media\/7dcec5_2a2753e0997a4865a4fd5421ee6bd225~mv2.jpg\/v1\/fill\/w_568,h_378,al_c,q_80,usm_0.66_1.00_0.01,enc_auto\/7dcec5_2a2753e0997a4865a4fd5421ee6bd225~mv2.jpg\" alt=\"\" data-pin-url=\"https:\/\/www.cazumbaonline.com.br\/post\/vejam-fotos-da-abertura-da-feira-do-empreendedor-sebrae-2024-na-cidade-de-balsas\" data-pin-media=\"https:\/\/static.wixstatic.com\/media\/7dcec5_2a2753e0997a4865a4fd5421ee6bd225~mv2.jpg\/v1\/fill\/w_3000,h_1994,al_c,q_90\/7dcec5_2a2753e0997a4865a4fd5421ee6bd225~mv2.jpg\" data-load-done=\"\" \/><\/span><\/div>\n<\/figure>\n<\/div>\n<\/div>\n<\/div>\n<div style=\"text-align: justify;\" data-breakout=\"normal\">\n<div id=\"viewer-gu0nf245\" class=\"XFQsU\">\n<div class=\"_4zxWp\">\n<figure class=\"-NM7M\" tabindex=\"0\" role=\"button\" data-hook=\"imageViewer\">\n<div id=\"gu0nf245\" class=\"AE5h6 _3EJkQ bk5lD\"><span style=\"font-size: 14pt;\"><img decoding=\"async\" src=\"https:\/\/static.wixstatic.com\/media\/7dcec5_c56953561306428ea4eef820a273bf51~mv2.jpg\/v1\/fill\/w_568,h_757,al_c,q_85,usm_0.66_1.00_0.01,enc_auto\/7dcec5_c56953561306428ea4eef820a273bf51~mv2.jpg\" alt=\"\" data-pin-url=\"https:\/\/www.cazumbaonline.com.br\/post\/vejam-fotos-da-abertura-da-feira-do-empreendedor-sebrae-2024-na-cidade-de-balsas\" data-pin-media=\"https:\/\/static.wixstatic.com\/media\/7dcec5_c56953561306428ea4eef820a273bf51~mv2.jpg\/v1\/fill\/w_2250,h_3000,al_c,q_90\/7dcec5_c56953561306428ea4eef820a273bf51~mv2.jpg\" data-load-done=\"\" \/><\/span><\/div>\n<\/figure>\n<\/div>\n<\/div>\n<\/div>\n<div style=\"text-align: justify;\" data-breakout=\"normal\">\n<div id=\"viewer-krqhf377\" class=\"XFQsU\">\n<div class=\"_4zxWp\">\n<figure class=\"-NM7M\" tabindex=\"0\" role=\"button\" data-hook=\"imageViewer\">\n<div id=\"krqhf377\" class=\"AE5h6 _3EJkQ bk5lD\"><span style=\"font-size: 14pt;\"><img decoding=\"async\" src=\"https:\/\/static.wixstatic.com\/media\/7dcec5_954692735cbf45c0b4df18773dc1f285~mv2.jpg\/v1\/fill\/w_568,h_320,al_c,q_80,usm_0.66_1.00_0.01,enc_auto\/7dcec5_954692735cbf45c0b4df18773dc1f285~mv2.jpg\" alt=\"\" data-pin-url=\"https:\/\/www.cazumbaonline.com.br\/post\/vejam-fotos-da-abertura-da-feira-do-empreendedor-sebrae-2024-na-cidade-de-balsas\" data-pin-media=\"https:\/\/static.wixstatic.com\/media\/7dcec5_954692735cbf45c0b4df18773dc1f285~mv2.jpg\/v1\/fill\/w_1280,h_720,al_c,q_85\/7dcec5_954692735cbf45c0b4df18773dc1f285~mv2.jpg\" data-load-done=\"\" \/><\/span><\/div>\n<\/figure>\n<\/div>\n<\/div>\n<\/div>\n<div style=\"text-align: justify;\" data-breakout=\"normal\">\n<div id=\"viewer-vqtso64\" class=\"XFQsU\">\n<div class=\"_4zxWp\">\n<figure class=\"-NM7M\" tabindex=\"0\" role=\"button\" data-hook=\"imageViewer\">\n<div id=\"vqtso64\" class=\"AE5h6 _3EJkQ bk5lD\"><span style=\"font-size: 14pt;\"><img decoding=\"async\" src=\"https:\/\/static.wixstatic.com\/media\/7dcec5_bbe43a6981c142c6ab231e35267d282c~mv2.jpg\/v1\/fill\/w_568,h_431,al_c,q_80,usm_0.66_1.00_0.01,enc_auto\/7dcec5_bbe43a6981c142c6ab231e35267d282c~mv2.jpg\" alt=\"\" data-pin-url=\"https:\/\/www.cazumbaonline.com.br\/post\/vejam-fotos-da-abertura-da-feira-do-empreendedor-sebrae-2024-na-cidade-de-balsas\" data-pin-media=\"https:\/\/static.wixstatic.com\/media\/7dcec5_bbe43a6981c142c6ab231e35267d282c~mv2.jpg\/v1\/fill\/w_3000,h_2277,al_c,q_90\/7dcec5_bbe43a6981c142c6ab231e35267d282c~mv2.jpg\" data-load-done=\"\" \/><\/span><\/div>\n<\/figure>\n<\/div>\n<\/div>\n<\/div>\n<div style=\"text-align: justify;\" data-breakout=\"normal\">\n<div id=\"viewer-19t2i86\" class=\"XFQsU\">\n<div class=\"_4zxWp\">\n<figure class=\"-NM7M\" tabindex=\"0\" role=\"button\" data-hook=\"imageViewer\">\n<div id=\"19t2i86\" class=\"AE5h6 _3EJkQ bk5lD\"><span style=\"font-size: 14pt;\"><img decoding=\"async\" src=\"https:\/\/static.wixstatic.com\/media\/7dcec5_d02a3dc87f4b4c84a32a4ccb411a274f~mv2.jpg\/v1\/fill\/w_568,h_374,al_c,q_80,usm_0.66_1.00_0.01,enc_auto\/7dcec5_d02a3dc87f4b4c84a32a4ccb411a274f~mv2.jpg\" alt=\"\" data-pin-url=\"https:\/\/www.cazumbaonline.com.br\/post\/vejam-fotos-da-abertura-da-feira-do-empreendedor-sebrae-2024-na-cidade-de-balsas\" data-pin-media=\"https:\/\/static.wixstatic.com\/media\/7dcec5_d02a3dc87f4b4c84a32a4ccb411a274f~mv2.jpg\/v1\/fill\/w_3000,h_1977,al_c,q_90\/7dcec5_d02a3dc87f4b4c84a32a4ccb411a274f~mv2.jpg\" data-load-done=\"\" \/><\/span><\/div>\n<\/figure>\n<\/div>\n<\/div>\n<\/div>\n<div style=\"text-align: justify;\" data-breakout=\"normal\">\n<div id=\"viewer-dg10v117\" class=\"XFQsU\">\n<div class=\"_4zxWp\">\n<figure class=\"-NM7M\" tabindex=\"0\" role=\"button\" data-hook=\"imageViewer\">\n<div id=\"dg10v117\" class=\"AE5h6 _3EJkQ bk5lD\"><span style=\"font-size: 14pt;\"><img decoding=\"async\" src=\"https:\/\/static.wixstatic.com\/media\/7dcec5_2ada149b8a384a09ab18129c08108580~mv2.jpg\/v1\/fill\/w_568,h_1010,al_c,q_85,usm_0.66_1.00_0.01,enc_auto\/7dcec5_2ada149b8a384a09ab18129c08108580~mv2.jpg\" alt=\"\" data-pin-url=\"https:\/\/www.cazumbaonline.com.br\/post\/vejam-fotos-da-abertura-da-feira-do-empreendedor-sebrae-2024-na-cidade-de-balsas\" data-pin-media=\"https:\/\/static.wixstatic.com\/media\/7dcec5_2ada149b8a384a09ab18129c08108580~mv2.jpg\/v1\/fill\/w_900,h_1600,al_c,q_85\/7dcec5_2ada149b8a384a09ab18129c08108580~mv2.jpg\" data-load-done=\"\" \/><\/span><\/div>\n<div class=\"R-X3w\" tabindex=\"0\" role=\"button\"><\/div>\n<\/figure>\n<\/div>\n<\/div>\n<\/div>\n<div data-breakout=\"normal\">\n<p id=\"viewer-kzgpi122\" class=\"bbl5c dkFHG _-9UvG _-7CKp\" dir=\"auto\" style=\"text-align: justify;\"><span class=\"zKS-7\" style=\"font-size: 14pt;\">Fotos: Arquivo pessoal \/ Ascom Sebrae\/Divulga\u00e7\u00e3o<\/span><\/p>\n<p dir=\"auto\"><strong>Fonte: cazumbaonline<\/strong><\/p>\n<\/div>\n","protected":false},"excerpt":{"rendered":"<p>Balsas\/MA &#8211; Vejam as fotos do primeiro dia da Feira (veja materia) do Empreendedor Sebrae-MA 2024, que acontece no Gin\u00e1sio de Esportes Rei Pel\u00e9, nos dias 27, 28, 29 e 30 de junho, na cidade de Balsas, na regi\u00e3o sul do Estado do Maranh\u00e3o. A edi\u00e7\u00e3o da Feira do Empreendedor 2024, que se notabilizou como [&hellip;]<\/p>\n","protected":false},"author":1,"featured_media":2497,"comment_status":"open","ping_status":"open","sticky":false,"template":"","format":"standard","meta":[],"categories":[1],"tags":[],"_links":{"self":[{"href":"https:\/\/revistamaranhaoturismo.com\/index.php?rest_route=\/wp\/v2\/posts\/2496"}],"collection":[{"href":"https:\/\/revistamaranhaoturismo.com\/index.php?rest_route=\/wp\/v2\/posts"}],"about":[{"href":"https:\/\/revistamaranhaoturismo.com\/index.php?rest_route=\/wp\/v2\/types\/post"}],"author":[{"embeddable":true,"href":"https:\/\/revistamaranhaoturismo.com\/index.php?rest_route=\/wp\/v2\/users\/1"}],"replies":[{"embeddable":true,"href":"https:\/\/revistamaranhaoturismo.com\/index.php?rest_route=%2Fwp%2Fv2%2Fcomments&post=2496"}],"version-history":[{"count":3,"href":"https:\/\/revistamaranhaoturismo.com\/index.php?rest_route=\/wp\/v2\/posts\/2496\/revisions"}],"predecessor-version":[{"id":2500,"href":"https:\/\/revistamaranhaoturismo.com\/index.php?rest_route=\/wp\/v2\/posts\/2496\/revisions\/2500"}],"wp:featuredmedia":[{"embeddable":true,"href":"https:\/\/revistamaranhaoturismo.com\/index.php?rest_route=\/wp\/v2\/media\/2497"}],"wp:attachment":[{"href":"https:\/\/revistamaranhaoturismo.com\/index.php?rest_route=%2Fwp%2Fv2%2Fmedia&parent=2496"}],"wp:term":[{"taxonomy":"category","embeddable":true,"href":"https:\/\/revistamaranhaoturismo.com\/index.php?rest_route=%2Fwp%2Fv2%2Fcategories&post=2496"},{"taxonomy":"post_tag","embeddable":true,"href":"https:\/\/revistamaranhaoturismo.com\/index.php?rest_route=%2Fwp%2Fv2%2Ftags&post=2496"}],"curies":[{"name":"wp","href":"https:\/\/api.w.org\/{rel}","templated":true}]}}