{"id":2507,"date":"2024-07-08T15:19:29","date_gmt":"2024-07-08T18:19:29","guid":{"rendered":"https:\/\/revistamaranhaoturismo.com\/?p=2507"},"modified":"2024-07-08T16:32:49","modified_gmt":"2024-07-08T19:32:49","slug":"programa-mundo-dos-negocios-celebra-tres-anos-com-almoco-no-buteco-do-maranhao-em-bh","status":"publish","type":"post","link":"https:\/\/revistamaranhaoturismo.com\/?p=2507","title":{"rendered":"Programa \u201cMundo dos Neg\u00f3cios\u201d celebra tr\u00eas anos com almo\u00e7o no Buteco do Maranh\u00e3o em BH"},"content":{"rendered":"<p style=\"text-align: justify;\"><span style=\"font-size: 14pt;\">O programa \u201cMundo dos Neg\u00f3cios\u201d, que tem sido um sucesso nas tardes de s\u00e1bado na TV Band, comemorou ontem tr\u00eas anos de lideran\u00e7a em audi\u00eancia com um animado almo\u00e7o no Buteco do Maranh\u00e3o. O evento contou com pratos tradicionais como leitoa e tropeiro, al\u00e9m de muita conversa boa e descontra\u00edda.<\/span><\/p>\n<p style=\"text-align: justify;\"><span style=\"font-size: 14pt;\">O almo\u00e7o marcou o sucesso cont\u00ednuo do programa, que j\u00e1 gravou mais de 500 epis\u00f3dios e conquistou uma s\u00f3lida base de f\u00e3s. Sob a lideran\u00e7a do empres\u00e1rio Fabiano Cazeca, presidente do Grupo Empresarial Multimarcas, com 46 anos de experi\u00eancia, e do jornalista Marcos Maracan\u00e3, do \u201cBrasil Urgente Minas\u201d, o \u201cMundo dos Neg\u00f3cios\u201d se destacou por sua abordagem clara dos bastidores do mundo empresarial.<\/span><\/p>\n<p style=\"text-align: justify;\"><span style=\"font-size: 14pt;\"><em>\u201cEstamos muito felizes com o carinho do p\u00fablico e o reconhecimento pelo nosso trabalho. Esses tr\u00eas anos s\u00e3o s\u00f3 o come\u00e7o\u201d,<\/em>\u00a0comentou Fabiano Cazeca.\u00a0<em>\u201cNossa miss\u00e3o \u00e9 continuar trazendo conte\u00fados relevantes e inspiradores para quem quer entender mais sobre neg\u00f3cios\u201d,<\/em>\u00a0acrescentou Marcos Maracan\u00e3.<\/span><\/p>\n<p style=\"text-align: justify;\"><span style=\"font-size: 14pt;\">Com uma linguagem acess\u00edvel e envolvente, o \u201cMundo dos Neg\u00f3cios\u201d continua a ser um recurso indispens\u00e1vel para empres\u00e1rios e entusiastas do mercado.<\/span><\/p>\n<p style=\"text-align: justify;\"><span style=\"font-size: 14pt;\">Com essa celebra\u00e7\u00e3o, o \u201cMundo dos Neg\u00f3cios\u201d refor\u00e7a seu compromisso de continuar trazendo conte\u00fados relevantes e de qualidade para os telespectadores, mantendo-se como um dos programas mais queridos e assistidos da TV Band.\u00a0 \u00a0 <\/span><em style=\"color: #0000ff; text-align: justify;\">Fonte: nedilsonmachado<\/em><\/p>\n<div class=\"ngfb-content-buttons\">\n<div class=\"ngfb-buttons pt_BR\">\n<div id=\"facebook-content-buttons-post-51108\" class=\"fb-like facebook-button fb_iframe_widget\"><\/div>\n<\/div>\n<\/div>\n","protected":false},"excerpt":{"rendered":"<p>O programa \u201cMundo dos Neg\u00f3cios\u201d, que tem sido um sucesso nas tardes de s\u00e1bado na TV Band, comemorou ontem tr\u00eas anos de lideran\u00e7a em audi\u00eancia com um animado almo\u00e7o no Buteco do Maranh\u00e3o. O evento contou com pratos tradicionais como leitoa e tropeiro, al\u00e9m de muita conversa boa e descontra\u00edda. O almo\u00e7o marcou o sucesso [&hellip;]<\/p>\n","protected":false},"author":1,"featured_media":2508,"comment_status":"open","ping_status":"open","sticky":false,"template":"","format":"standard","meta":[],"categories":[1],"tags":[],"_links":{"self":[{"href":"https:\/\/revistamaranhaoturismo.com\/index.php?rest_route=\/wp\/v2\/posts\/2507"}],"collection":[{"href":"https:\/\/revistamaranhaoturismo.com\/index.php?rest_route=\/wp\/v2\/posts"}],"about":[{"href":"https:\/\/revistamaranhaoturismo.com\/index.php?rest_route=\/wp\/v2\/types\/post"}],"author":[{"embeddable":true,"href":"https:\/\/revistamaranhaoturismo.com\/index.php?rest_route=\/wp\/v2\/users\/1"}],"replies":[{"embeddable":true,"href":"https:\/\/revistamaranhaoturismo.com\/index.php?rest_route=%2Fwp%2Fv2%2Fcomments&post=2507"}],"version-history":[{"count":3,"href":"https:\/\/revistamaranhaoturismo.com\/index.php?rest_route=\/wp\/v2\/posts\/2507\/revisions"}],"predecessor-version":[{"id":2511,"href":"https:\/\/revistamaranhaoturismo.com\/index.php?rest_route=\/wp\/v2\/posts\/2507\/revisions\/2511"}],"wp:featuredmedia":[{"embeddable":true,"href":"https:\/\/revistamaranhaoturismo.com\/index.php?rest_route=\/wp\/v2\/media\/2508"}],"wp:attachment":[{"href":"https:\/\/revistamaranhaoturismo.com\/index.php?rest_route=%2Fwp%2Fv2%2Fmedia&parent=2507"}],"wp:term":[{"taxonomy":"category","embeddable":true,"href":"https:\/\/revistamaranhaoturismo.com\/index.php?rest_route=%2Fwp%2Fv2%2Fcategories&post=2507"},{"taxonomy":"post_tag","embeddable":true,"href":"https:\/\/revistamaranhaoturismo.com\/index.php?rest_route=%2Fwp%2Fv2%2Ftags&post=2507"}],"curies":[{"name":"wp","href":"https:\/\/api.w.org\/{rel}","templated":true}]}}