{"id":2528,"date":"2024-07-26T07:49:31","date_gmt":"2024-07-26T10:49:31","guid":{"rendered":"https:\/\/revistamaranhaoturismo.com\/?p=2528"},"modified":"2024-07-26T07:50:10","modified_gmt":"2024-07-26T10:50:10","slug":"ministerio-do-turismo-promovera-1o-feirao-do-turismo-entre-os-dias-24-e-26-de-agosto","status":"publish","type":"post","link":"https:\/\/revistamaranhaoturismo.com\/?p=2528","title":{"rendered":"Minist\u00e9rio do Turismo promover\u00e1 1\u00ba Feir\u00e3o do Turismo entre os dias 24 e 26 de agosto"},"content":{"rendered":"<p style=\"text-align: justify;\"><span style=\"font-size: 14pt;\">altam 30 dias para o &#8220;Feir\u00e3o do Turismo: Conhe\u00e7a o Brasil&#8221;, uma iniciativa in\u00e9dita do Minist\u00e9rio do Turismo, em parceria com o Conselho Nacional do Turismo. O evento oferecer\u00e1 descontos e condi\u00e7\u00f5es exclusivas para a compra de passagens a\u00e9reas, pacotes de viagem, hospedagem e passeios tur\u00edsticos durante a baixa temporada. O feir\u00e3o, que promete movimentar o turismo no Brasil, ocorrer\u00e1 entre os dias 24 e 26 de agosto em 17 estados do pa\u00eds.<\/span><\/p>\n<p style=\"text-align: justify;\"><span style=\"font-size: 14pt;\">Nesses dias, haver\u00e1 eventos presenciais simult\u00e2neos em todas as capitais que aderirem ao movimento nacional. O feir\u00e3o seguir\u00e1 at\u00e9 o dia 26 de agosto no formato digital, permitindo que mais brasileiros aproveitem as ofertas das operadoras de turismo participantes e conhe\u00e7am ainda mais o Brasil.<\/span><\/p>\n<p style=\"text-align: justify;\"><span style=\"font-size: 14pt;\">Os prestadores de servi\u00e7os tur\u00edsticos interessados em participar do \u201c1\u00ba Feir\u00e3o do Turismo: Conhe\u00e7a o Brasil\u201d devem estar com registro ativo no Cadastur e entrar em contato com a Secretaria de Turismo de seu estado para verificar as condi\u00e7\u00f5es de participa\u00e7\u00e3o no maior movimento do setor no pa\u00eds. O objetivo \u00e9 facilitar as viagens dos brasileiros pelo pa\u00eds durante a baixa temporada, aumentando o turismo em destinos exclusivamente nacionais.<\/span><\/p>\n<p style=\"text-align: justify;\"><span style=\"font-size: 14pt;\">Como o evento ter\u00e1 car\u00e1ter estadual, \u00e9 essencial o apoio dos governos locais, por meio de seus \u00f3rg\u00e3os oficiais de turismo, bem como das entidades representativas do trade tur\u00edstico que integram o Conselho Nacional do Turismo e institui\u00e7\u00f5es banc\u00e1rias.<\/span><\/p>\n<p style=\"text-align: justify;\"><span style=\"font-size: 14pt;\"><strong>MAIS CR\u00c9DITO &#8211;<\/strong>\u00a0Para facilitar o acesso ao cr\u00e9dito para quem deseja viajar, o &#8220;Feir\u00e3o do Turismo: Conhe\u00e7a o Brasil&#8221; firmou parcerias com o Banco do Brasil e a Caixa Econ\u00f4mica Federal, que oferecer\u00e3o condi\u00e7\u00f5es especiais para o p\u00fablico. O programa \u201cConhe\u00e7a o Brasil: Realiza\u201d, uma parceria entre o MTur e o Banco do Brasil, oferecer\u00e1 cr\u00e9dito com condi\u00e7\u00f5es facilitadas e financiamento em at\u00e9 60 vezes para aquisi\u00e7\u00f5es no turismo. Clique\u00a0<a class=\"external-link\" title=\"\" href=\"https:\/\/www.bb.com.br\/site\/pra-voce\/financiamentos\/bb-credito-realiza\/\" target=\"_self\" rel=\"noopener\" data-tippreview-enabled=\"false\" data-tippreview-image=\"\" data-tippreview-title=\"\">AQUI<\/a>\u00a0para mais informa\u00e7\u00f5es.<\/span><\/p>\n<p style=\"text-align: justify;\"><span style=\"font-size: 14pt;\">A Caixa Econ\u00f4mica Federal oferecer\u00e1 financiamento de pacotes em at\u00e9 72 vezes, at\u00e9 50 mil reais, com juros de 1,77%. Al\u00e9m disso, possibilitar\u00e1 saque anivers\u00e1rio com taxa de 1,59% e a utiliza\u00e7\u00e3o do cart\u00e3o em at\u00e9 21 vezes.<\/span><\/p>\n<p style=\"text-align: justify;\"><span style=\"font-size: 14pt;\"><strong>APOIO AO RS &#8211;<\/strong>\u00a0A realiza\u00e7\u00e3o da 1\u00aa edi\u00e7\u00e3o do \u201cFeir\u00e3o do Turismo: Conhe\u00e7a o Brasil\u201d tamb\u00e9m \u00e9 um esfor\u00e7o do governo federal para apoiar a retomada e recupera\u00e7\u00e3o do setor tur\u00edstico do Rio Grande do Sul. O estado, rico em atrativos tur\u00edsticos, oferece roteiros com belas paisagens e uma rica heran\u00e7a cultural, arquitet\u00f4nica e gastron\u00f4mica.<\/span><\/p>\n<p style=\"text-align: justify;\"><span style=\"font-size: 14pt;\"><strong>por F\u00e1bio Marques<\/strong><\/span><\/p>\n<p style=\"text-align: justify;\"><span style=\"font-size: 14pt;\"><em>Assessoria de Comunica\u00e7\u00e3o do Minist\u00e9rio do Turismo<\/em><\/span><\/p>\n<p>&nbsp;<\/p>\n<p>Fonte: https:\/\/www.gov.br\/turismo\/pt-br<\/p>\n","protected":false},"excerpt":{"rendered":"<p>altam 30 dias para o &#8220;Feir\u00e3o do Turismo: Conhe\u00e7a o Brasil&#8221;, uma iniciativa in\u00e9dita do Minist\u00e9rio do Turismo, em parceria com o Conselho Nacional do Turismo. O evento oferecer\u00e1 descontos e condi\u00e7\u00f5es exclusivas para a compra de passagens a\u00e9reas, pacotes de viagem, hospedagem e passeios tur\u00edsticos durante a baixa temporada. O feir\u00e3o, que promete movimentar [&hellip;]<\/p>\n","protected":false},"author":1,"featured_media":2529,"comment_status":"open","ping_status":"open","sticky":false,"template":"","format":"standard","meta":[],"categories":[1],"tags":[],"_links":{"self":[{"href":"https:\/\/revistamaranhaoturismo.com\/index.php?rest_route=\/wp\/v2\/posts\/2528"}],"collection":[{"href":"https:\/\/revistamaranhaoturismo.com\/index.php?rest_route=\/wp\/v2\/posts"}],"about":[{"href":"https:\/\/revistamaranhaoturismo.com\/index.php?rest_route=\/wp\/v2\/types\/post"}],"author":[{"embeddable":true,"href":"https:\/\/revistamaranhaoturismo.com\/index.php?rest_route=\/wp\/v2\/users\/1"}],"replies":[{"embeddable":true,"href":"https:\/\/revistamaranhaoturismo.com\/index.php?rest_route=%2Fwp%2Fv2%2Fcomments&post=2528"}],"version-history":[{"count":2,"href":"https:\/\/revistamaranhaoturismo.com\/index.php?rest_route=\/wp\/v2\/posts\/2528\/revisions"}],"predecessor-version":[{"id":2531,"href":"https:\/\/revistamaranhaoturismo.com\/index.php?rest_route=\/wp\/v2\/posts\/2528\/revisions\/2531"}],"wp:featuredmedia":[{"embeddable":true,"href":"https:\/\/revistamaranhaoturismo.com\/index.php?rest_route=\/wp\/v2\/media\/2529"}],"wp:attachment":[{"href":"https:\/\/revistamaranhaoturismo.com\/index.php?rest_route=%2Fwp%2Fv2%2Fmedia&parent=2528"}],"wp:term":[{"taxonomy":"category","embeddable":true,"href":"https:\/\/revistamaranhaoturismo.com\/index.php?rest_route=%2Fwp%2Fv2%2Fcategories&post=2528"},{"taxonomy":"post_tag","embeddable":true,"href":"https:\/\/revistamaranhaoturismo.com\/index.php?rest_route=%2Fwp%2Fv2%2Ftags&post=2528"}],"curies":[{"name":"wp","href":"https:\/\/api.w.org\/{rel}","templated":true}]}}