{"id":2533,"date":"2024-07-26T11:00:37","date_gmt":"2024-07-26T14:00:37","guid":{"rendered":"https:\/\/revistamaranhaoturismo.com\/?p=2533"},"modified":"2024-07-26T11:11:19","modified_gmt":"2024-07-26T14:11:19","slug":"lencois-maranhenses-sao-declarados-patrimonio-natural-da-humanidade-pela-unesco","status":"publish","type":"post","link":"https:\/\/revistamaranhaoturismo.com\/?p=2533","title":{"rendered":"Len\u00e7\u00f3is Maranhenses s\u00e3o declarados Patrim\u00f4nio Natural da Humanidade pela Unesco"},"content":{"rendered":"<p style=\"text-align: justify;\"><span style=\"font-size: 14pt;\">O Parque Nacional dos Len\u00e7\u00f3is Maranhenses recebeu recebeu nesta sexta-feira o t\u00edtulo de Patrim\u00f4nio Natural da Humanidade, concedido pela Unesco. A indica\u00e7\u00e3o foi aprovada pelo comit\u00ea do \u00f3rg\u00e3o em reuni\u00e3o realizada em Nova D\u00e9li, na \u00cdndia. Com uma \u00e1rea de mais de 155 mil hectares, o parque fica localizado no noroeste do Maranh\u00e3o.<\/span><\/p>\n<p style=\"text-align: justify;\"><span style=\"font-size: 14pt;\">De Paris, onde acompanha os Jogos Ol\u00edmpicos 2024, o ministro do Turismo Celso Sabino comemorou a aprova\u00e7\u00e3o da indica\u00e7\u00e3o da regi\u00e3o maranhense, ressaltando que a nova nomenclatura pode aumentar o movimento tur\u00edstico na regi\u00e3o.<\/span><\/p>\n<p><a href=\"https:\/\/revistamaranhaoturismo.com\/lencois-maranhenses-sao-declarados-patrimonio-natural-da-humanidade-pela-unesco\/fdfggffdf\/\" rel=\"attachment wp-att-2536\"><img decoding=\"async\" loading=\"lazy\" class=\"aligncenter size-full wp-image-2536\" src=\"https:\/\/revistamaranhaoturismo.com\/wp-content\/uploads\/2024\/07\/fdfggffdf.png\" alt=\"\" width=\"893\" height=\"501\" data-wp-pid=\"2536\" srcset=\"https:\/\/revistamaranhaoturismo.com\/wp-content\/uploads\/2024\/07\/fdfggffdf.png 893w, https:\/\/revistamaranhaoturismo.com\/wp-content\/uploads\/2024\/07\/fdfggffdf-300x168.png 300w, https:\/\/revistamaranhaoturismo.com\/wp-content\/uploads\/2024\/07\/fdfggffdf-768x431.png 768w, https:\/\/revistamaranhaoturismo.com\/wp-content\/uploads\/2024\/07\/fdfggffdf-750x421.png 750w, https:\/\/revistamaranhaoturismo.com\/wp-content\/uploads\/2024\/07\/fdfggffdf-800x449.png 800w\" sizes=\"(max-width: 893px) 100vw, 893px\" \/><\/a><\/p>\n<div class=\"mc-column content-text active-extra-styles \" style=\"text-align: justify;\" data-block-type=\"unstyled\" data-block-weight=\"50\" data-block-id=\"5\">\n<p class=\" content-text__container \" data-track-category=\"Link no Texto\" data-track-links=\"\" data-mrf-recirculation=\"Recomenda\u00e7\u00e3o meio do texto\"><span style=\"font-size: 14pt;\">\u2014 Este reconhecimento aumentar\u00e1 significativamente a sua visibilidade global, atraindo turistas de todas as partes do mundo. O t\u00edtulo n\u00e3o apenas eleva o status do local em termos de prest\u00edgio internacional, mas tamb\u00e9m traz diversos benef\u00edcios tang\u00edveis, especialmente no que diz respeito \u00e0 sua preserva\u00e7\u00e3o \u2014 destacou Sabino.<\/span><\/p>\n<\/div>\n<div class=\"mc-column content-text active-extra-styles \" style=\"text-align: justify;\" data-block-type=\"unstyled\" data-block-weight=\"54\" data-block-id=\"6\">\n<p class=\" content-text__container \" data-track-category=\"Link no Texto\" data-track-links=\"\" data-mrf-recirculation=\"Recomenda\u00e7\u00e3o meio do texto\"><span style=\"font-size: 14pt;\">O t\u00edtulo de Patrim\u00f4nio Natural da Humanidade j\u00e1 foi dado a outros pontos do territ\u00f3rio nacional. S\u00e3o eles: Pantanal (MT\/MS), Amaz\u00f4nia Central (AM), Costa do Descobrimento (BA\/ES), complexo Ilhas Atl\u00e2nticas (Fernando de Noronha e Atol das Rocas), Parque Nacional do Igua\u00e7u (PR), Vale do Ribeira (PR\/SP) e complexo Chapada dos Veadeiros\/Parque das Emas (GO).<\/span><\/p>\n<\/div>\n<div class=\"mc-column content-text active-extra-styles \" style=\"text-align: justify;\" data-block-type=\"unstyled\" data-block-weight=\"41\" data-block-id=\"7\">\n<p class=\" content-text__container \" data-track-category=\"Link no Texto\" data-track-links=\"\" data-mrf-recirculation=\"Recomenda\u00e7\u00e3o meio do texto\"><span style=\"font-size: 14pt;\">O selo valoriza a import\u00e2ncia ambiental dos lugares e a necessidade de sua preserva\u00e7\u00e3o. A documenta\u00e7\u00e3o da candidatura do Parque Nacional dos Len\u00e7\u00f3is Maranhenses estava pronta desde 2018 no Minist\u00e9rio das Rela\u00e7\u00f5es Exteriores, mas o processo ficou paralisado no governo Bolsonaro.<\/span><\/p>\n<\/div>\n<div class=\"mc-column content-text active-extra-styles \" style=\"text-align: justify;\" data-block-type=\"unstyled\" data-block-weight=\"49\" data-block-id=\"8\">\n<p class=\" content-text__container \" data-track-category=\"Link no Texto\" data-track-links=\"\" data-mrf-recirculation=\"Recomenda\u00e7\u00e3o meio do texto\"><span style=\"font-size: 14pt;\">A movimenta\u00e7\u00e3o ocorreu ap\u00f3s, em agosto de 2023, avaliadores da Uni\u00e3o Internacional para a Conserva\u00e7\u00e3o da Natureza (IUCN) realizarem uma visita t\u00e9cnica do parque a pedido da Unesco. Participaram representantes do Minist\u00e9rio do Meio Ambiente (MMA), do Instituto Chico Mendes de Conserva\u00e7\u00e3o Ambiental (ICMBio) e do governo do Maranh\u00e3o.<\/span><\/p>\n<\/div>\n<div data-track-category=\"multicontent\" data-track-action=\"ultimo chunk conteudo\" data-track-noninteraction=\"false\" data-track-scroll=\"view\">\n<div class=\"mc-column content-text active-extra-styles \" data-block-type=\"unstyled\" data-block-weight=\"43\" data-block-id=\"9\">\n<p class=\" content-text__container \" style=\"text-align: justify;\" data-track-category=\"Link no Texto\" data-track-links=\"\" data-mrf-recirculation=\"Recomenda\u00e7\u00e3o meio do texto\"><span style=\"font-size: 14pt;\">Segundo a Unesco, entre os dez itens exigidos para a concess\u00e3o deste t\u00edtulo, h\u00e1 como pr\u00e9-requisito b\u00e1sico que &#8220;os locais precisam ter um valor universal excepcional&#8221;. Al\u00e9m disso, precisam representar certo tipo de arquitetura ou tecnologia, uma tradi\u00e7\u00e3o cultural ou uma cultura perdida.<\/span><\/p>\n<\/div>\n<p data-track-category=\"Link no Texto\" data-track-links=\"\" data-mrf-recirculation=\"Recomenda\u00e7\u00e3o meio do texto\"><em>Fonte: https:\/\/oglobo.globo.com\/<\/em><\/p>\n<\/div>\n","protected":false},"excerpt":{"rendered":"<p>O Parque Nacional dos Len\u00e7\u00f3is Maranhenses recebeu recebeu nesta sexta-feira o t\u00edtulo de Patrim\u00f4nio Natural da Humanidade, concedido pela Unesco. A indica\u00e7\u00e3o foi aprovada pelo comit\u00ea do \u00f3rg\u00e3o em reuni\u00e3o realizada em Nova D\u00e9li, na \u00cdndia. Com uma \u00e1rea de mais de 155 mil hectares, o parque fica localizado no noroeste do Maranh\u00e3o. De Paris, [&hellip;]<\/p>\n","protected":false},"author":1,"featured_media":2537,"comment_status":"open","ping_status":"open","sticky":false,"template":"","format":"standard","meta":[],"categories":[1],"tags":[],"_links":{"self":[{"href":"https:\/\/revistamaranhaoturismo.com\/index.php?rest_route=\/wp\/v2\/posts\/2533"}],"collection":[{"href":"https:\/\/revistamaranhaoturismo.com\/index.php?rest_route=\/wp\/v2\/posts"}],"about":[{"href":"https:\/\/revistamaranhaoturismo.com\/index.php?rest_route=\/wp\/v2\/types\/post"}],"author":[{"embeddable":true,"href":"https:\/\/revistamaranhaoturismo.com\/index.php?rest_route=\/wp\/v2\/users\/1"}],"replies":[{"embeddable":true,"href":"https:\/\/revistamaranhaoturismo.com\/index.php?rest_route=%2Fwp%2Fv2%2Fcomments&post=2533"}],"version-history":[{"count":3,"href":"https:\/\/revistamaranhaoturismo.com\/index.php?rest_route=\/wp\/v2\/posts\/2533\/revisions"}],"predecessor-version":[{"id":2538,"href":"https:\/\/revistamaranhaoturismo.com\/index.php?rest_route=\/wp\/v2\/posts\/2533\/revisions\/2538"}],"wp:featuredmedia":[{"embeddable":true,"href":"https:\/\/revistamaranhaoturismo.com\/index.php?rest_route=\/wp\/v2\/media\/2537"}],"wp:attachment":[{"href":"https:\/\/revistamaranhaoturismo.com\/index.php?rest_route=%2Fwp%2Fv2%2Fmedia&parent=2533"}],"wp:term":[{"taxonomy":"category","embeddable":true,"href":"https:\/\/revistamaranhaoturismo.com\/index.php?rest_route=%2Fwp%2Fv2%2Fcategories&post=2533"},{"taxonomy":"post_tag","embeddable":true,"href":"https:\/\/revistamaranhaoturismo.com\/index.php?rest_route=%2Fwp%2Fv2%2Ftags&post=2533"}],"curies":[{"name":"wp","href":"https:\/\/api.w.org\/{rel}","templated":true}]}}