{"id":2540,"date":"2024-07-31T09:42:55","date_gmt":"2024-07-31T12:42:55","guid":{"rendered":"https:\/\/revistamaranhaoturismo.com\/?p=2540"},"modified":"2024-07-31T09:42:56","modified_gmt":"2024-07-31T12:42:56","slug":"mtur-itinerante-leva-para-carolina-ma-acoes-e-programas-para-desenvolver-o-turismo-local","status":"publish","type":"post","link":"https:\/\/revistamaranhaoturismo.com\/?p=2540","title":{"rendered":"MTur Itinerante leva para Carolina (MA) a\u00e7\u00f5es e programas para desenvolver o turismo local"},"content":{"rendered":"<p style=\"text-align: justify;\"><strong><span style=\"font-size: 14pt; color: #000000;\"><em>Iniciativas como o Cadastur e o Novo Fungetur foram apresentadas, pelo ministro Celso Sabino e equipe do Minist\u00e9rio do Turismo, para o trade tur\u00edstico da cidade maranhense, que \u00e9 porta de entrada para a Chapada das Mesas.<\/em><\/span><\/strong><\/p>\n<p><a href=\"https:\/\/revistamaranhaoturismo.com\/mtur-itinerante-leva-para-carolina-ma-acoes-e-programas-para-desenvolver-o-turismo-local\/fdgdgddg\/\" rel=\"attachment wp-att-2541\"><img decoding=\"async\" loading=\"lazy\" class=\"aligncenter size-full wp-image-2541\" src=\"https:\/\/revistamaranhaoturismo.com\/wp-content\/uploads\/2024\/07\/fdgdgddg.webp\" alt=\"\" width=\"568\" height=\"321\" data-wp-pid=\"2541\" srcset=\"https:\/\/revistamaranhaoturismo.com\/wp-content\/uploads\/2024\/07\/fdgdgddg.webp 568w, https:\/\/revistamaranhaoturismo.com\/wp-content\/uploads\/2024\/07\/fdgdgddg-300x170.webp 300w\" sizes=\"(max-width: 568px) 100vw, 568px\" \/><\/a><\/p>\n<div style=\"text-align: justify;\" data-breakout=\"normal\">\n<p id=\"viewer-nkw6k1508\" class=\"bbl5c dkFHG WZ-z2 _-7CKp\" dir=\"auto\"><span class=\"zKS-7 WZ-z2\" style=\"font-size: 14pt;\">Empres\u00e1rios e prestadores de servi\u00e7os tur\u00edsticos de Carolina, no sul do Maranh\u00e3o, tiveram, nesta ter\u00e7a-feira (30.07), a oportunidade de conhecer a\u00e7\u00f5es e programas do Minist\u00e9rio do Turismo para apoiar o desenvolvimento do setor. Com a presen\u00e7a do ministro do Turismo, Celso Sabino, o encontro marcou a realiza\u00e7\u00e3o de mais uma edi\u00e7\u00e3o do \u201cMTur Itinerante\u201d, que descentraliza a atua\u00e7\u00e3o da Pasta, levando a todo o pa\u00eds op\u00e7\u00f5es para estimular o turismo local.<\/span><\/p>\n<p dir=\"auto\"><a href=\"https:\/\/revistamaranhaoturismo.com\/mtur-itinerante-leva-para-carolina-ma-acoes-e-programas-para-desenvolver-o-turismo-local\/whatsapp-image-2024-07-31-at-00-03-11-1\/\" rel=\"attachment wp-att-2544\"><img decoding=\"async\" loading=\"lazy\" class=\"aligncenter size-full wp-image-2544\" src=\"https:\/\/revistamaranhaoturismo.com\/wp-content\/uploads\/2024\/07\/WhatsApp-Image-2024-07-31-at-00.03.11-1.jpeg\" alt=\"\" width=\"615\" height=\"962\" data-wp-pid=\"2544\" srcset=\"https:\/\/revistamaranhaoturismo.com\/wp-content\/uploads\/2024\/07\/WhatsApp-Image-2024-07-31-at-00.03.11-1.jpeg 615w, https:\/\/revistamaranhaoturismo.com\/wp-content\/uploads\/2024\/07\/WhatsApp-Image-2024-07-31-at-00.03.11-1-192x300.jpeg 192w\" sizes=\"(max-width: 615px) 100vw, 615px\" \/><\/a><\/p>\n<\/div>\n<div style=\"text-align: justify;\" data-breakout=\"normal\">\n<p id=\"viewer-ylqd21511\" class=\"bbl5c dkFHG WZ-z2 _-7CKp\" dir=\"auto\"><span class=\"zKS-7 WZ-z2\" style=\"font-size: 14pt;\">As iniciativas incluem a disponibilidade de cr\u00e9dito para financiamentos por meio do Fungetur (Fundo Geral de Turismo), que proporciona recursos com condi\u00e7\u00f5es diferenciadas a empreendedores privados do segmento, como ag\u00eancias de turismo, transportadoras tur\u00edsticas, organizadoras de eventos, parques tem\u00e1ticos, acampamentos tur\u00edsticos, restaurantes, cafeterias, bares e similares.<\/span><\/p>\n<p dir=\"auto\"><a href=\"https:\/\/revistamaranhaoturismo.com\/mtur-itinerante-leva-para-carolina-ma-acoes-e-programas-para-desenvolver-o-turismo-local\/whatsapp-image-2024-07-31-at-00-03-12\/\" rel=\"attachment wp-att-2543\"><img decoding=\"async\" loading=\"lazy\" class=\"aligncenter size-full wp-image-2543\" src=\"https:\/\/revistamaranhaoturismo.com\/wp-content\/uploads\/2024\/07\/WhatsApp-Image-2024-07-31-at-00.03.12.jpeg\" alt=\"\" width=\"1126\" height=\"1210\" data-wp-pid=\"2543\" srcset=\"https:\/\/revistamaranhaoturismo.com\/wp-content\/uploads\/2024\/07\/WhatsApp-Image-2024-07-31-at-00.03.12.jpeg 1126w, https:\/\/revistamaranhaoturismo.com\/wp-content\/uploads\/2024\/07\/WhatsApp-Image-2024-07-31-at-00.03.12-279x300.jpeg 279w, https:\/\/revistamaranhaoturismo.com\/wp-content\/uploads\/2024\/07\/WhatsApp-Image-2024-07-31-at-00.03.12-953x1024.jpeg 953w, https:\/\/revistamaranhaoturismo.com\/wp-content\/uploads\/2024\/07\/WhatsApp-Image-2024-07-31-at-00.03.12-768x825.jpeg 768w, https:\/\/revistamaranhaoturismo.com\/wp-content\/uploads\/2024\/07\/WhatsApp-Image-2024-07-31-at-00.03.12-750x806.jpeg 750w, https:\/\/revistamaranhaoturismo.com\/wp-content\/uploads\/2024\/07\/WhatsApp-Image-2024-07-31-at-00.03.12-800x860.jpeg 800w\" sizes=\"(max-width: 1126px) 100vw, 1126px\" \/><\/a><\/p>\n<\/div>\n<div style=\"text-align: justify;\" data-breakout=\"normal\">\n<div id=\"viewer-vw8h61514\" dir=\"ltr\">\n<blockquote class=\"IX40D\">\n<div id=\"viewer-6irzm2519587\" class=\"WZ-z2 _-7CKp\" dir=\"auto\"><span class=\"zKS-7 WZ-z2\" style=\"font-size: 14pt;\">Durante o evento, o ministro do Turismo, Celso Sabino, ressaltou a import\u00e2ncia da estrat\u00e9gia para desenvolver o turismo nos munic\u00edpios. \u201cO Fungetur, por exemplo, estamos desenvolvendo com o objetivo de estender a m\u00e3o para empreendedores que querem ampliar o seu estabelecimento ou comprar novos maquin\u00e1rios. Nosso objetivo \u00e9 preparar Carolina para receber, cada vez mais, turistas, trazendo crescimento econ\u00f4mico e social para a cidade. N\u00f3s viemos trazer tudo que o governo federal tem a sua disposi\u00e7\u00e3o\u201d, disse.<\/span><\/div>\n<\/blockquote>\n<\/div>\n<\/div>\n<div style=\"text-align: justify;\" data-breakout=\"normal\">\n<p id=\"viewer-qcq671517\" class=\"bbl5c dkFHG WZ-z2 _-7CKp\" dir=\"auto\"><span class=\"zKS-7 WZ-z2\" style=\"font-size: 14pt;\">O ministro das Comunica\u00e7\u00f5es, Juscelino Filho, que tamb\u00e9m participou do evento, destacou o trabalho conjunto que vem realizando junto com o Minist\u00e9rio do Turismo para levar internet aos atrativos tur\u00edsticos. \u201cEstamos, juntos, trabalhando para poder levar mais inclus\u00e3o digital para as \u00e1reas tur\u00edsticas, levar mais conectividade para essas regi\u00f5es, porque uma das primeiras coisas que o turista faz \u00e9 tirar foto e postar, mostrando ao Brasil e ao mundo as belezas naturais daqui, do sul do Maranh\u00e3o. E n\u00f3s vamos trazer essa inclus\u00e3o digital, essa conectividade, para ampliar nossas potencialidades tur\u00edsticas\u201d, declarou.<\/span><\/p>\n<div style=\"width: 478px;\" class=\"wp-video\"><!--[if lt IE 9]><script>document.createElement('video');<\/script><![endif]-->\n<video class=\"wp-video-shortcode\" id=\"video-2540-1\" width=\"478\" height=\"850\" preload=\"metadata\" controls=\"controls\"><source type=\"video\/mp4\" src=\"https:\/\/revistamaranhaoturismo.com\/wp-content\/uploads\/2024\/07\/WhatsApp-Video-2024-07-31-at-00.03.13.mp4?_=1\" \/><a href=\"https:\/\/revistamaranhaoturismo.com\/wp-content\/uploads\/2024\/07\/WhatsApp-Video-2024-07-31-at-00.03.13.mp4\">https:\/\/revistamaranhaoturismo.com\/wp-content\/uploads\/2024\/07\/WhatsApp-Video-2024-07-31-at-00.03.13.mp4<\/a><\/video><\/div>\n<\/div>\n<div style=\"text-align: justify;\" data-breakout=\"normal\">\n<p id=\"viewer-li3lv1520\" class=\"bbl5c dkFHG WZ-z2 _-7CKp\" dir=\"auto\"><span class=\"zKS-7 WZ-z2\" style=\"font-size: 14pt;\"><strong>NOVO FUNGETUR &#8211;<\/strong> \u00c9 um instrumento de financiamento vinculado ao MTur com or\u00e7amento espec\u00edfico, dispondo de patrim\u00f4nio pr\u00f3prio e autonomia financeira e or\u00e7ament\u00e1ria, tendo por finalidade o fomento e a provis\u00e3o de recursos para o financiamento de empreendimentos tur\u00edsticos, considerados de interesse ao desenvolvimento do turismo nacional, bem como o suporte financeiro no desenvolvimento de pol\u00edticas p\u00fablicas de fomento \u00e0 atividade tur\u00edstica.<\/span><\/p>\n<\/div>\n<div style=\"text-align: justify;\" data-breakout=\"normal\">\n<p id=\"viewer-ujouq1523\" class=\"bbl5c dkFHG WZ-z2 _-7CKp\" dir=\"auto\"><span class=\"zKS-7 WZ-z2\" style=\"font-size: 14pt;\">Por meio do Fundo, \u00e9 poss\u00edvel acessar at\u00e9 R$ 15 milh\u00f5es por linha de financiamento, tendo juros de at\u00e9 5% mais INPC ao ano e at\u00e9 5 anos de car\u00eancia. No m\u00eas de junho de 2024 a taxa de juros foi de 8.34% . A rela\u00e7\u00e3o de benefici\u00e1rios inclui meios de hospedagem, ag\u00eancias de turismo, transportadoras tur\u00edsticas, organizadoras de eventos, parques tem\u00e1ticos, acampamentos tur\u00edsticos, restaurantes, cafeterias, bares e similares, bem como todos os empres\u00e1rios registrados no Cadastur.<\/span><\/p>\n<\/div>\n<div style=\"text-align: justify;\" data-breakout=\"normal\">\n<p id=\"viewer-ahgpk1526\" class=\"bbl5c dkFHG WZ-z2 _-7CKp\" dir=\"auto\"><span class=\"zKS-7 WZ-z2\" style=\"font-size: 14pt;\"><strong>CADASTUR &#8211; <\/strong>\u00c9 obrigat\u00f3rio para Meios de Hospedagem, Ag\u00eancias de Turismo, Transportadoras Tur\u00edsticas, Organizadoras de Eventos, Parques Tem\u00e1ticos, Acampamentos Tur\u00edsticos e Guias de Turismo-MEI (Microempreendedor Individual). Outras atividades podem ser cadastradas em car\u00e1ter opcional. Para mais informa\u00e7\u00f5es, acesse o site do cadastur.turismo.gov.br.<\/span><\/p>\n<\/div>\n<div style=\"text-align: justify;\" data-breakout=\"normal\">\n<p id=\"viewer-s4yp81529\" class=\"bbl5c dkFHG WZ-z2 _-7CKp\" dir=\"auto\"><span class=\"zKS-7 WZ-z2\" style=\"font-size: 14pt;\">O cadastro permite ao prestador atuar legalmente, de acordo com a Lei do Turismo, por meio da emiss\u00e3o do Certificado Cadastur, assim como oferece benef\u00edcios aos cadastrados. A iniciativa, al\u00e9m de dar visibilidade \u00e0s empresas regularizadas, \u00e9 uma importante fonte de consulta para o turista.<\/span><\/p>\n<\/div>\n<div style=\"text-align: justify;\" data-breakout=\"normal\">\n<p id=\"viewer-g3rwo1532\" class=\"bbl5c dkFHG WZ-z2 _-7CKp\" dir=\"auto\"><span class=\"zKS-7 WZ-z2\" style=\"font-size: 14pt;\"><strong>AGENDA <\/strong>&#8211; Ap\u00f3s a abertura do MTur Itinerante, os ministros fizeram visitas t\u00e9cnicas a pontos tur\u00edsticos da cidade. Entre eles, as Cachoeiras G\u00eameas de Itapecuru, que s\u00e3o duas quedas d&#8217;\u00e1gua com 12 metros de altura e distantes 20 metros uma da outra, formando uma grande \u00e1rea para banho.<\/span><\/p>\n<\/div>\n<div style=\"text-align: justify;\" data-breakout=\"normal\">\n<p id=\"viewer-e4im61535\" class=\"bbl5c dkFHG WZ-z2 _-7CKp\" dir=\"auto\"><span class=\"zKS-7 WZ-z2\" style=\"font-size: 14pt;\">Outro ponto visitado foi o Complexo Tur\u00edstico Pedra Ca\u00edda, que abriga a Cachoeira do Santu\u00e1rio, com 46 metros de altura e situada dentro de um c\u00e2nion.<\/span><\/p>\n<p dir=\"auto\">\n<\/div>\n<div style=\"text-align: justify;\" data-breakout=\"normal\">\n<p id=\"viewer-88abx1538\" class=\"bbl5c dkFHG _-9UvG _-7CKp\" dir=\"auto\"><span class=\"zKS-7\" style=\"font-size: 14pt;\"><strong>Informa\u00e7\u00e3o<\/strong>: Minist\u00e9rio do Turismo<\/span><\/p>\n<\/div>\n<p style=\"text-align: justify;\">\n","protected":false},"excerpt":{"rendered":"<p>Iniciativas como o Cadastur e o Novo Fungetur foram apresentadas, pelo ministro Celso Sabino e equipe do Minist\u00e9rio do Turismo, para o trade tur\u00edstico da cidade maranhense, que \u00e9 porta de entrada para a Chapada das Mesas. Empres\u00e1rios e prestadores de servi\u00e7os tur\u00edsticos de Carolina, no sul do Maranh\u00e3o, tiveram, nesta ter\u00e7a-feira (30.07), a oportunidade [&hellip;]<\/p>\n","protected":false},"author":1,"featured_media":2545,"comment_status":"open","ping_status":"open","sticky":false,"template":"","format":"standard","meta":[],"categories":[1],"tags":[],"_links":{"self":[{"href":"https:\/\/revistamaranhaoturismo.com\/index.php?rest_route=\/wp\/v2\/posts\/2540"}],"collection":[{"href":"https:\/\/revistamaranhaoturismo.com\/index.php?rest_route=\/wp\/v2\/posts"}],"about":[{"href":"https:\/\/revistamaranhaoturismo.com\/index.php?rest_route=\/wp\/v2\/types\/post"}],"author":[{"embeddable":true,"href":"https:\/\/revistamaranhaoturismo.com\/index.php?rest_route=\/wp\/v2\/users\/1"}],"replies":[{"embeddable":true,"href":"https:\/\/revistamaranhaoturismo.com\/index.php?rest_route=%2Fwp%2Fv2%2Fcomments&post=2540"}],"version-history":[{"count":3,"href":"https:\/\/revistamaranhaoturismo.com\/index.php?rest_route=\/wp\/v2\/posts\/2540\/revisions"}],"predecessor-version":[{"id":2548,"href":"https:\/\/revistamaranhaoturismo.com\/index.php?rest_route=\/wp\/v2\/posts\/2540\/revisions\/2548"}],"wp:featuredmedia":[{"embeddable":true,"href":"https:\/\/revistamaranhaoturismo.com\/index.php?rest_route=\/wp\/v2\/media\/2545"}],"wp:attachment":[{"href":"https:\/\/revistamaranhaoturismo.com\/index.php?rest_route=%2Fwp%2Fv2%2Fmedia&parent=2540"}],"wp:term":[{"taxonomy":"category","embeddable":true,"href":"https:\/\/revistamaranhaoturismo.com\/index.php?rest_route=%2Fwp%2Fv2%2Fcategories&post=2540"},{"taxonomy":"post_tag","embeddable":true,"href":"https:\/\/revistamaranhaoturismo.com\/index.php?rest_route=%2Fwp%2Fv2%2Ftags&post=2540"}],"curies":[{"name":"wp","href":"https:\/\/api.w.org\/{rel}","templated":true}]}}