{"id":2550,"date":"2024-08-02T18:13:38","date_gmt":"2024-08-02T21:13:38","guid":{"rendered":"https:\/\/revistamaranhaoturismo.com\/?p=2550"},"modified":"2024-08-02T18:18:49","modified_gmt":"2024-08-02T21:18:49","slug":"brandao-e-marcelo-freixo-dialogam-para-ampliar-a-promocao-internacional-do-turismo-no-maranhao","status":"publish","type":"post","link":"https:\/\/revistamaranhaoturismo.com\/?p=2550","title":{"rendered":"Brand\u00e3o e Marcelo Freixo dialogam para ampliar a promo\u00e7\u00e3o internacional do turismo no Maranh\u00e3o"},"content":{"rendered":"<p style=\"text-align: justify;\"><span style=\"font-size: 14pt;\">O governador Carlos Brand\u00e3o esteve reunido com o presidente da Embratur, Marcelo Freixo, para tratar sobre a\u00e7\u00f5es de promo\u00e7\u00e3o do turismo no estado. A reuni\u00e3o, que aconteceu nessa quinta-feira (1\u00ba), foi o primeiro encontro oficial de Brand\u00e3o em Bras\u00edlia ap\u00f3s o Parque dos Len\u00e7\u00f3is Maranhenses receber o t\u00edtulo de Patrim\u00f4nio Mundial da Humanidade, na \u00cdndia.<\/span><\/p>\n<p style=\"text-align: justify;\"><span style=\"font-size: 14pt;\">O objetivo da visita da comitiva maranhense foi ampliar o destaque das riquezas naturais do Maranh\u00e3o, aproveitando o novo status do Parque dos Len\u00e7\u00f3is, que se soma aos outros dois t\u00edtulos concedidos pela Unesco; Patrim\u00f4nio Cultural Imaterial para o Bumba meu boi, e de Patrim\u00f4nio Cultural da Humanidade para o Centro Hist\u00f3rico de S\u00e3o Lu\u00eds.<\/span><br \/>\n<a href=\"https:\/\/revistamaranhaoturismo.com\/brandao-e-marcelo-freixo-dialogam-para-ampliar-a-promocao-internacional-do-turismo-no-maranhao\/whatsapp-image-2024-08-02-at-17-05-39\/\" rel=\"attachment wp-att-2552\"><img decoding=\"async\" loading=\"lazy\" class=\"aligncenter size-full wp-image-2552\" src=\"https:\/\/revistamaranhaoturismo.com\/wp-content\/uploads\/2024\/08\/WhatsApp-Image-2024-08-02-at-17.05.39.jpeg\" alt=\"\" width=\"1274\" height=\"849\" data-wp-pid=\"2552\" srcset=\"https:\/\/revistamaranhaoturismo.com\/wp-content\/uploads\/2024\/08\/WhatsApp-Image-2024-08-02-at-17.05.39.jpeg 1274w, https:\/\/revistamaranhaoturismo.com\/wp-content\/uploads\/2024\/08\/WhatsApp-Image-2024-08-02-at-17.05.39-300x200.jpeg 300w, https:\/\/revistamaranhaoturismo.com\/wp-content\/uploads\/2024\/08\/WhatsApp-Image-2024-08-02-at-17.05.39-1024x682.jpeg 1024w, https:\/\/revistamaranhaoturismo.com\/wp-content\/uploads\/2024\/08\/WhatsApp-Image-2024-08-02-at-17.05.39-768x512.jpeg 768w, https:\/\/revistamaranhaoturismo.com\/wp-content\/uploads\/2024\/08\/WhatsApp-Image-2024-08-02-at-17.05.39-750x500.jpeg 750w, https:\/\/revistamaranhaoturismo.com\/wp-content\/uploads\/2024\/08\/WhatsApp-Image-2024-08-02-at-17.05.39-1140x760.jpeg 1140w, https:\/\/revistamaranhaoturismo.com\/wp-content\/uploads\/2024\/08\/WhatsApp-Image-2024-08-02-at-17.05.39-800x533.jpeg 800w\" sizes=\"(max-width: 1274px) 100vw, 1274px\" \/><\/a><span style=\"font-size: 14pt;\">Em suas redes oficiais, Brand\u00e3o agradeceu pelo di\u00e1logo e anunciou novas a\u00e7\u00f5es para o turismo no Maranh\u00e3o. &#8220;A partir de agora a gente encontra um grande parceiro, que tem esse papel de divulgar os nossos pontos tur\u00edsticos no mundo inteiro. N\u00e3o tenho d\u00favidas de que n\u00f3s vamos avan\u00e7ar com a sua parceria, com essa rela\u00e7\u00e3o de amizade. Em breve teremos o Hotel Vila Gal\u00e9 se instalando no Centro Hist\u00f3rico, e vamos trabalhar tamb\u00e9m uma linha a\u00e9rea da Tap, de Lisboa at\u00e9 S\u00e3o Lu\u00eds, para a gente fortalecer essa alian\u00e7a europeia com o Maranh\u00e3o&#8221;, revelou o governador.\u00a0\u00a0<\/span><\/p>\n<p style=\"text-align: justify;\"><span style=\"font-size: 14pt;\">Freixo tamb\u00e9m demonstrou anima\u00e7\u00e3o com a parceria entre a Embratur e governo do estado. &#8220;A gente tem uma s\u00e9rie de iniciativas para promover o Maranh\u00e3o internacionalmente. O estado ser\u00e1 divulgado em todas as feiras internacionais, vamos tamb\u00e9m promover o carnaval e o S\u00e3o Jo\u00e3o. Ou seja, chamar o mundo inteiro para o Maranh\u00e3o&#8221;, explicou.\u00a0\u00a0<\/span><\/p>\n<p class=\"TextBody\" style=\"margin: 18.7pt 0cm; text-align: justify;\"><span lang=\"EN-US\" style=\"font-size: 14pt;\">Desde 2023, a Embratur trabalha para que o estado fique em destaque no turismo. A Ag\u00eancia realizou um roadshow em S\u00e3o Lu\u00eds, com operadores e companhias a\u00e9reas do Uruguai, Chile, Argentina, Col\u00f4mbia e Peru. Tamb\u00e9m promoveu o \u201cGuia para a competitividade e Promo\u00e7\u00e3o Internacional do Turismo\u201d em Barreirinhas, al\u00e9m de duas famtours pela Rota das Emo\u00e7\u00f5es, com operadores do Reino Unido e Chapada das Mesas, assim como profissionais da Espanha e Portugal.<\/span><\/p>\n<p style=\"text-align: justify;\">A expectativa \u00e9 que com a visibilidade do t\u00edtulo concedido pela Unesco, somando-se \u00e0s a\u00e7\u00f5es do governo do Maranh\u00e3o em parceria com o Governo Federal e investimentos do setor privado, o estado cres\u00e7a ainda mais na gera\u00e7\u00e3o de emprego e renda por meio do turismo.<\/p>\n<p>&nbsp;<\/p>\n<p><strong>Fonte:<\/strong>Secom<br \/>\n<strong>Fotos:<\/strong>Mariana Raphael<\/p>\n","protected":false},"excerpt":{"rendered":"<p>O governador Carlos Brand\u00e3o esteve reunido com o presidente da Embratur, Marcelo Freixo, para tratar sobre a\u00e7\u00f5es de promo\u00e7\u00e3o do turismo no estado. A reuni\u00e3o, que aconteceu nessa quinta-feira (1\u00ba), foi o primeiro encontro oficial de Brand\u00e3o em Bras\u00edlia ap\u00f3s o Parque dos Len\u00e7\u00f3is Maranhenses receber o t\u00edtulo de Patrim\u00f4nio Mundial da Humanidade, na \u00cdndia. [&hellip;]<\/p>\n","protected":false},"author":1,"featured_media":2551,"comment_status":"open","ping_status":"open","sticky":false,"template":"","format":"standard","meta":[],"categories":[1],"tags":[],"_links":{"self":[{"href":"https:\/\/revistamaranhaoturismo.com\/index.php?rest_route=\/wp\/v2\/posts\/2550"}],"collection":[{"href":"https:\/\/revistamaranhaoturismo.com\/index.php?rest_route=\/wp\/v2\/posts"}],"about":[{"href":"https:\/\/revistamaranhaoturismo.com\/index.php?rest_route=\/wp\/v2\/types\/post"}],"author":[{"embeddable":true,"href":"https:\/\/revistamaranhaoturismo.com\/index.php?rest_route=\/wp\/v2\/users\/1"}],"replies":[{"embeddable":true,"href":"https:\/\/revistamaranhaoturismo.com\/index.php?rest_route=%2Fwp%2Fv2%2Fcomments&post=2550"}],"version-history":[{"count":3,"href":"https:\/\/revistamaranhaoturismo.com\/index.php?rest_route=\/wp\/v2\/posts\/2550\/revisions"}],"predecessor-version":[{"id":2555,"href":"https:\/\/revistamaranhaoturismo.com\/index.php?rest_route=\/wp\/v2\/posts\/2550\/revisions\/2555"}],"wp:featuredmedia":[{"embeddable":true,"href":"https:\/\/revistamaranhaoturismo.com\/index.php?rest_route=\/wp\/v2\/media\/2551"}],"wp:attachment":[{"href":"https:\/\/revistamaranhaoturismo.com\/index.php?rest_route=%2Fwp%2Fv2%2Fmedia&parent=2550"}],"wp:term":[{"taxonomy":"category","embeddable":true,"href":"https:\/\/revistamaranhaoturismo.com\/index.php?rest_route=%2Fwp%2Fv2%2Fcategories&post=2550"},{"taxonomy":"post_tag","embeddable":true,"href":"https:\/\/revistamaranhaoturismo.com\/index.php?rest_route=%2Fwp%2Fv2%2Ftags&post=2550"}],"curies":[{"name":"wp","href":"https:\/\/api.w.org\/{rel}","templated":true}]}}