{"id":2557,"date":"2024-08-16T16:32:01","date_gmt":"2024-08-16T19:32:01","guid":{"rendered":"https:\/\/revistamaranhaoturismo.com\/?p=2557"},"modified":"2024-08-16T17:37:53","modified_gmt":"2024-08-16T20:37:53","slug":"sao-luis-marca-presenca-ma-travel-next-minas","status":"publish","type":"post","link":"https:\/\/revistamaranhaoturismo.com\/?p=2557","title":{"rendered":"S\u00e3o Lu\u00eds marca presen\u00e7a MA Travel Next Minas"},"content":{"rendered":"<div data-breakout=\"normal\">\n<p id=\"viewer-zg2og421\" class=\"ZuC5J faq2B YCZ-u YZYFQ\" dir=\"auto\" style=\"text-align: justify;\"><span class=\"deJ7P YCZ-u\" style=\"font-size: 14pt;\">Nos dias 16 e 17 de agosto, a Prefeitura de S\u00e3o Lu\u00eds por meio da Secretaria Municipal de Turismo, participa da Travel Next Minas, na capital mineira.<\/span><\/p>\n<\/div>\n<div style=\"text-align: justify;\" data-breakout=\"normal\">\n<p id=\"viewer-mte5a6\" class=\"ZuC5J faq2B YCZ-u YZYFQ\" dir=\"auto\"><span class=\"deJ7P YCZ-u\" style=\"font-size: 14pt;\">O diferencial da participa\u00e7\u00e3o de S\u00e3o Lu\u00eds nesta edi\u00e7\u00e3o \u00e9 a capacita\u00e7\u00e3o para o p\u00fablico B2B, (Agentes de viagem), da gamifica\u00e7\u00e3o que \u00e9 algo inovador e in\u00e9dito na participa\u00e7\u00e3o da Prefeitura em Feiras de Turismo, e tamb\u00e9m, estar\u00e1 com o Cazumb\u00e1 do Bumba Meu Boi de Santa F\u00e9.<\/span><\/p>\n<\/div>\n<div style=\"text-align: justify;\" data-breakout=\"normal\">\n<p id=\"viewer-lr7u79\" class=\"ZuC5J faq2B YCZ-u YZYFQ\" dir=\"auto\"><span class=\"deJ7P YCZ-u\" style=\"font-size: 14pt;\">Ao longo destes dois dias, estima-se um p\u00fablico de mais de 3 mil agentes de viagens que dever\u00e3o conhecer mais sobre os atrativos tur\u00edsticos de S\u00e3o Lu\u00eds, empreendimentos hoteleiros e servi\u00e7o de receptivo.<\/span><\/p>\n<\/div>\n<div style=\"text-align: justify;\" data-breakout=\"normal\">\n<p id=\"viewer-ygkvr12\" class=\"ZuC5J faq2B YCZ-u YZYFQ\" dir=\"auto\"><span class=\"deJ7P YCZ-u\" style=\"font-size: 14pt;\">Minas Gerais \u00e9 um dos estados com maiores emiss\u00f5es de turistas para a capital maranhense, al\u00e9m da conex\u00e3o di\u00e1ria de voos ligando S\u00e3o Lu\u00eds a Belo Horizonte, o que facilita a chegada dos visitantes. Por isto, \u201c \u00e9 necess\u00e1ria a participa\u00e7\u00e3o da Secretaria Municipal de Turismo na Travel Next Minas\u201d, conforme afirma o secret\u00e1rio municipal de Turismo, Saulo Santos.<\/span><\/p>\n<\/div>\n<div data-breakout=\"normal\">\n<p id=\"viewer-vs0xb15\" class=\"ZuC5J faq2B YCZ-u YZYFQ\" dir=\"auto\" style=\"text-align: justify;\"><span class=\"deJ7P YCZ-u\" style=\"font-size: 14pt;\">As tradicionais degusta\u00e7\u00f5es estar\u00e3o presentes como a tiquira, guaran\u00e1 Jesus, gel\u00e9ias e Gin artesanal.<\/span><\/p>\n<p dir=\"auto\">Fonte: Cazumba<\/p>\n<\/div>\n","protected":false},"excerpt":{"rendered":"<p>Nos dias 16 e 17 de agosto, a Prefeitura de S\u00e3o Lu\u00eds por meio da Secretaria Municipal de Turismo, participa da Travel Next Minas, na capital mineira. O diferencial da participa\u00e7\u00e3o de S\u00e3o Lu\u00eds nesta edi\u00e7\u00e3o \u00e9 a capacita\u00e7\u00e3o para o p\u00fablico B2B, (Agentes de viagem), da gamifica\u00e7\u00e3o que \u00e9 algo inovador e in\u00e9dito na [&hellip;]<\/p>\n","protected":false},"author":1,"featured_media":2558,"comment_status":"open","ping_status":"open","sticky":false,"template":"","format":"standard","meta":[],"categories":[1],"tags":[],"_links":{"self":[{"href":"https:\/\/revistamaranhaoturismo.com\/index.php?rest_route=\/wp\/v2\/posts\/2557"}],"collection":[{"href":"https:\/\/revistamaranhaoturismo.com\/index.php?rest_route=\/wp\/v2\/posts"}],"about":[{"href":"https:\/\/revistamaranhaoturismo.com\/index.php?rest_route=\/wp\/v2\/types\/post"}],"author":[{"embeddable":true,"href":"https:\/\/revistamaranhaoturismo.com\/index.php?rest_route=\/wp\/v2\/users\/1"}],"replies":[{"embeddable":true,"href":"https:\/\/revistamaranhaoturismo.com\/index.php?rest_route=%2Fwp%2Fv2%2Fcomments&post=2557"}],"version-history":[{"count":2,"href":"https:\/\/revistamaranhaoturismo.com\/index.php?rest_route=\/wp\/v2\/posts\/2557\/revisions"}],"predecessor-version":[{"id":2560,"href":"https:\/\/revistamaranhaoturismo.com\/index.php?rest_route=\/wp\/v2\/posts\/2557\/revisions\/2560"}],"wp:featuredmedia":[{"embeddable":true,"href":"https:\/\/revistamaranhaoturismo.com\/index.php?rest_route=\/wp\/v2\/media\/2558"}],"wp:attachment":[{"href":"https:\/\/revistamaranhaoturismo.com\/index.php?rest_route=%2Fwp%2Fv2%2Fmedia&parent=2557"}],"wp:term":[{"taxonomy":"category","embeddable":true,"href":"https:\/\/revistamaranhaoturismo.com\/index.php?rest_route=%2Fwp%2Fv2%2Fcategories&post=2557"},{"taxonomy":"post_tag","embeddable":true,"href":"https:\/\/revistamaranhaoturismo.com\/index.php?rest_route=%2Fwp%2Fv2%2Ftags&post=2557"}],"curies":[{"name":"wp","href":"https:\/\/api.w.org\/{rel}","templated":true}]}}