{"id":2561,"date":"2024-08-18T01:47:52","date_gmt":"2024-08-18T04:47:52","guid":{"rendered":"https:\/\/revistamaranhaoturismo.com\/?p=2561"},"modified":"2024-08-18T01:48:00","modified_gmt":"2024-08-18T04:48:00","slug":"o-museu-a-ceu-aberto-construido-pelo-artista-plastico-e-escultor-fransoufer","status":"publish","type":"post","link":"https:\/\/revistamaranhaoturismo.com\/?p=2561","title":{"rendered":"O museu a c\u00e9u aberto constru\u00eddo pelo artista pl\u00e1stico e escultor FRANSOUFER"},"content":{"rendered":"<div class=\"xdj266r x11i5rnm xat24cr x1mh8g0r x1vvkbs x126k92a\">\n<div dir=\"auto\" style=\"text-align: justify;\"><span style=\"font-size: 14pt;\">Onde podemos contemplar esculturas bem elaboradas entre a natureza, com flora e fauna com uma jun\u00e7\u00e3o muito bem preservado.O escultor atrav\u00e9s de sua arte nos remete no universo de mitos e magia po\u00e9tica, dentro de uma vis\u00e3o contempor\u00e2nea.<\/span><\/div>\n<div dir=\"auto\" style=\"text-align: justify;\"><span style=\"font-size: 14pt;\">\u00c9 um verdadeiro encontro com a hist\u00f3ria mitol\u00f3gica atrav\u00e9s das Ninfas, as protetoras das \u00e1guas, dos lagos e das fontes.<\/span><\/div>\n<div dir=\"auto\" style=\"text-align: justify;\"><span style=\"font-size: 14pt;\">O museu constru\u00eddo em plena natureza, a c\u00e9u aberto tem mais de 200 esculturas de tamanho natural todas elaboradas pelo escultor e artista pl\u00e1stico, o pintor FRANSOUFER.<\/span><\/div>\n<div dir=\"auto\" style=\"text-align: justify;\"><span style=\"font-size: 14pt;\">Muitas esculturas como as Ninfas, s\u00e3o trabalhadas em pedras, s\u00e3o obras de arte para a eternidade.<\/span><\/div>\n<div dir=\"auto\" style=\"text-align: justify;\"><span style=\"font-size: 14pt;\">Todos podem visitar o ano todo todos os dias, esse museu fica na Fazenda Cana\u00e3 no munic\u00edpio de Bequim\u00e3o na baixada maranhense terra Natal do artista <span class=\"html-span xexx8yu x4uap5 x18d9i69 xkhd6sd x1hl2dhg x16tdsg8 x1vvkbs x3nfvp2 x1j61x8r x1fcty0u xdj266r xat24cr xgzva0m xhhsvwb xxymvpz xlup9mm x1kky2od\"><img decoding=\"async\" loading=\"lazy\" class=\"xz74otr\" src=\"https:\/\/static.xx.fbcdn.net\/images\/emoji.php\/v9\/t82\/1\/16\/1f3a8.png\" alt=\"&#x1f3a8;\" width=\"16\" height=\"16\" \/><\/span> sua propriedade particular.<\/span><\/div>\n<div dir=\"auto\" style=\"text-align: justify;\"><span style=\"font-size: 14pt;\">Aqui funciona a sede do Instituto Fransoufer e meu teli\u00ea central entidade presidida por mim, com filial em Bras\u00edlia, o Instituto Fransoufer \u00e9 respons\u00e1vel pelos meus projetos art\u00edsticos e culturais.<\/span><\/div>\n<div dir=\"auto\" style=\"text-align: justify;\"><span style=\"font-size: 14pt;\">Ressaltou FRANSOUFER.<\/span><\/div>\n<\/div>\n<div class=\"x11i5rnm xat24cr x1mh8g0r x1vvkbs xtlvy1s x126k92a\" style=\"text-align: justify;\">\n<div dir=\"auto\"><span style=\"font-size: 14pt;\">Por Alaide Am\u00e1lia-Jornalista.<\/span><\/div>\n<\/div>\n<div class=\"x11i5rnm xat24cr x1mh8g0r x1vvkbs xtlvy1s x126k92a\">\n<div dir=\"auto\" style=\"text-align: justify;\"><span style=\"font-size: 14pt;\">Assessoria de comunica\u00e7\u00e3o do Instituto Fransoufer.<\/span><\/div>\n<\/div>\n<div dir=\"auto\">\n<p id=\":r0:\" class=\"html-h2 x11i5rnm xat24cr x1mh8g0r xexx8yu x4uap5 x18d9i69 xkhd6sd x1vvkbs x1heor9g x1qlqyl8 x1pd3egz x1a2a7pz x1gslohp x1yc453h\"><span class=\"xt0psk2\" style=\"font-size: 14pt; color: #000000;\"><span style=\"font-size: 10pt;\">Fonte: <\/span><a class=\"x1i10hfl xjbqb8w x1ejq31n xd10rxx x1sy0etr x17r0tee x972fbf xcfux6l x1qhh985 xm0m39n x9f619 x1ypdohk xt0psk2 xe8uvvx xdj266r x11i5rnm xat24cr x1mh8g0r xexx8yu x4uap5 x18d9i69 xkhd6sd x16tdsg8 x1hl2dhg xggy1nq x1a2a7pz x1sur9pj xkrqix3 xzsf02u x1s688f\" style=\"color: #000000;\" tabindex=\"0\" role=\"link\" href=\"https:\/\/www.facebook.com\/fransoufer.ferreira.9?__cft__[0]=AZUNKq5A70S8WBE9lwwkyPa51VO0k6sq-wJtG_pf59KhMEbwacIaR2H994UCULT11mWDrFek2oasPbcG_0QCicXONvNEUsMHod1Syhzi4yBv0YnrSr3lkyMRUzYstIiUOvQ&amp;__tn__=-UC%2CP-R\"><span class=\"html-span xdj266r x11i5rnm xat24cr x1mh8g0r xexx8yu x4uap5 x18d9i69 xkhd6sd x1hl2dhg x16tdsg8 x1vvkbs\"><span style=\"font-size: 10pt;\">Fransoufer Ferreira<\/span><\/span><\/a><\/span><\/p>\n<\/div>\n<div dir=\"auto\"><\/div>\n","protected":false},"excerpt":{"rendered":"<p>Onde podemos contemplar esculturas bem elaboradas entre a natureza, com flora e fauna com uma jun\u00e7\u00e3o muito bem preservado.O escultor atrav\u00e9s de sua arte nos remete no universo de mitos e magia po\u00e9tica, dentro de uma vis\u00e3o contempor\u00e2nea. \u00c9 um verdadeiro encontro com a hist\u00f3ria mitol\u00f3gica atrav\u00e9s das Ninfas, as protetoras das \u00e1guas, dos lagos [&hellip;]<\/p>\n","protected":false},"author":1,"featured_media":2562,"comment_status":"open","ping_status":"open","sticky":false,"template":"","format":"standard","meta":[],"categories":[1],"tags":[],"_links":{"self":[{"href":"https:\/\/revistamaranhaoturismo.com\/index.php?rest_route=\/wp\/v2\/posts\/2561"}],"collection":[{"href":"https:\/\/revistamaranhaoturismo.com\/index.php?rest_route=\/wp\/v2\/posts"}],"about":[{"href":"https:\/\/revistamaranhaoturismo.com\/index.php?rest_route=\/wp\/v2\/types\/post"}],"author":[{"embeddable":true,"href":"https:\/\/revistamaranhaoturismo.com\/index.php?rest_route=\/wp\/v2\/users\/1"}],"replies":[{"embeddable":true,"href":"https:\/\/revistamaranhaoturismo.com\/index.php?rest_route=%2Fwp%2Fv2%2Fcomments&post=2561"}],"version-history":[{"count":1,"href":"https:\/\/revistamaranhaoturismo.com\/index.php?rest_route=\/wp\/v2\/posts\/2561\/revisions"}],"predecessor-version":[{"id":2563,"href":"https:\/\/revistamaranhaoturismo.com\/index.php?rest_route=\/wp\/v2\/posts\/2561\/revisions\/2563"}],"wp:featuredmedia":[{"embeddable":true,"href":"https:\/\/revistamaranhaoturismo.com\/index.php?rest_route=\/wp\/v2\/media\/2562"}],"wp:attachment":[{"href":"https:\/\/revistamaranhaoturismo.com\/index.php?rest_route=%2Fwp%2Fv2%2Fmedia&parent=2561"}],"wp:term":[{"taxonomy":"category","embeddable":true,"href":"https:\/\/revistamaranhaoturismo.com\/index.php?rest_route=%2Fwp%2Fv2%2Fcategories&post=2561"},{"taxonomy":"post_tag","embeddable":true,"href":"https:\/\/revistamaranhaoturismo.com\/index.php?rest_route=%2Fwp%2Fv2%2Ftags&post=2561"}],"curies":[{"name":"wp","href":"https:\/\/api.w.org\/{rel}","templated":true}]}}