{"id":2564,"date":"2024-08-19T17:43:59","date_gmt":"2024-08-19T20:43:59","guid":{"rendered":"https:\/\/revistamaranhaoturismo.com\/?p=2564"},"modified":"2024-08-19T17:47:08","modified_gmt":"2024-08-19T20:47:08","slug":"paulo-matos-leva-primeira-escola-de-cinema-para-icatu","status":"publish","type":"post","link":"https:\/\/revistamaranhaoturismo.com\/?p=2564","title":{"rendered":"PAULO MATOS LEVA PRIMEIRA ESCOLA DE CINEMA PARA ICATU"},"content":{"rendered":"<p style=\"text-align: justify;\"><span style=\"font-size: 14pt;\">ICATU\/MA &#8211; Domingo 18 de agosto 2024,\u00a0 ocorreu o lan\u00e7amento da primeira escola de cinema de Icatu no qual levar\u00e1 conhecimento e capacitar\u00e1 os alunos com a s\u00e9tima arte,\u00a0 as aulas ter\u00e3o in\u00edcio no pr\u00f3ximo dia 02 de setembro na academia de letras do munic\u00edpio.<\/span><\/p>\n<p style=\"text-align: justify;\"><span style=\"font-size: 14pt;\">Em uma roda de conversa, esteve presente no evento Paulinha Matos, o diretor global Jayme Monjardim, a cantora Maranhense Fl\u00e1via Bitencourt e a empres\u00e1ria Nelinha e o prefeito Wallace Azevedo, onde\u00a0 foi falado da import\u00e2ncia do projeto que a utiliza\u00e7\u00e3o do cinema como ve\u00edculo e ferramenta de ensino-aprendizagem oportuniza enfocar os aspectos culturais, hist\u00f3ricos, liter\u00e1rios e pol\u00edticos, proporcionando uma vis\u00e3o integral do cinema enquanto m\u00eddia educativa.\u00a0<\/span><\/p>\n<p style=\"text-align: justify;\"><span style=\"font-size: 14pt;\">Cabe ressaltar que a matr\u00edcula \u00e9 gratuita e pode ser feita na Academia de letras de Icatu localizada na\u00a0 rua Bar\u00e3o do Rio Branco,\u00a0 no centro da cidade.<\/span><\/p>\n<p style=\"text-align: justify;\"><em>Fonte: <a class=\"x1i10hfl xjbqb8w x1ejq31n xd10rxx x1sy0etr x17r0tee x972fbf xcfux6l x1qhh985 xm0m39n x9f619 x1ypdohk xt0psk2 xe8uvvx xdj266r x11i5rnm xat24cr x1mh8g0r xexx8yu x4uap5 x18d9i69 xkhd6sd x16tdsg8 x1hl2dhg xggy1nq x1a2a7pz _acan _acao _acat _acaw _aj1- _ap30 _a6hd\" tabindex=\"0\" role=\"link\" href=\"https:\/\/www.instagram.com\/icatu_online\/?e=f21e4a6a-12ac-4fcf-97e8-918b9976c4f1&amp;g=5\">icatu_online<\/a><\/em><\/p>\n","protected":false},"excerpt":{"rendered":"<p>ICATU\/MA &#8211; Domingo 18 de agosto 2024,\u00a0 ocorreu o lan\u00e7amento da primeira escola de cinema de Icatu no qual levar\u00e1 conhecimento e capacitar\u00e1 os alunos com a s\u00e9tima arte,\u00a0 as aulas ter\u00e3o in\u00edcio no pr\u00f3ximo dia 02 de setembro na academia de letras do munic\u00edpio. Em uma roda de conversa, esteve presente no evento Paulinha [&hellip;]<\/p>\n","protected":false},"author":1,"featured_media":2565,"comment_status":"open","ping_status":"open","sticky":false,"template":"","format":"standard","meta":[],"categories":[1],"tags":[],"_links":{"self":[{"href":"https:\/\/revistamaranhaoturismo.com\/index.php?rest_route=\/wp\/v2\/posts\/2564"}],"collection":[{"href":"https:\/\/revistamaranhaoturismo.com\/index.php?rest_route=\/wp\/v2\/posts"}],"about":[{"href":"https:\/\/revistamaranhaoturismo.com\/index.php?rest_route=\/wp\/v2\/types\/post"}],"author":[{"embeddable":true,"href":"https:\/\/revistamaranhaoturismo.com\/index.php?rest_route=\/wp\/v2\/users\/1"}],"replies":[{"embeddable":true,"href":"https:\/\/revistamaranhaoturismo.com\/index.php?rest_route=%2Fwp%2Fv2%2Fcomments&post=2564"}],"version-history":[{"count":2,"href":"https:\/\/revistamaranhaoturismo.com\/index.php?rest_route=\/wp\/v2\/posts\/2564\/revisions"}],"predecessor-version":[{"id":2567,"href":"https:\/\/revistamaranhaoturismo.com\/index.php?rest_route=\/wp\/v2\/posts\/2564\/revisions\/2567"}],"wp:featuredmedia":[{"embeddable":true,"href":"https:\/\/revistamaranhaoturismo.com\/index.php?rest_route=\/wp\/v2\/media\/2565"}],"wp:attachment":[{"href":"https:\/\/revistamaranhaoturismo.com\/index.php?rest_route=%2Fwp%2Fv2%2Fmedia&parent=2564"}],"wp:term":[{"taxonomy":"category","embeddable":true,"href":"https:\/\/revistamaranhaoturismo.com\/index.php?rest_route=%2Fwp%2Fv2%2Fcategories&post=2564"},{"taxonomy":"post_tag","embeddable":true,"href":"https:\/\/revistamaranhaoturismo.com\/index.php?rest_route=%2Fwp%2Fv2%2Ftags&post=2564"}],"curies":[{"name":"wp","href":"https:\/\/api.w.org\/{rel}","templated":true}]}}