{"id":2568,"date":"2024-08-21T09:48:36","date_gmt":"2024-08-21T12:48:36","guid":{"rendered":"https:\/\/revistamaranhaoturismo.com\/?p=2568"},"modified":"2024-08-21T09:48:36","modified_gmt":"2024-08-21T12:48:36","slug":"ministros-do-turismo-apresentam-cooperacao-entre-brasil-e-jamaica-a-empreendedores-do-setor-no-maranhao","status":"publish","type":"post","link":"https:\/\/revistamaranhaoturismo.com\/?p=2568","title":{"rendered":"Ministros do Turismo apresentam coopera\u00e7\u00e3o entre Brasil e Jamaica a empreendedores do setor no Maranh\u00e3o"},"content":{"rendered":"<p style=\"text-align: justify;\"><span style=\"font-size: 14pt;\">mpres\u00e1rios do setor tur\u00edstico do Maranh\u00e3o tiveram nesta ter\u00e7a-feira (20.08), em S\u00e3o Lu\u00eds (MA), um encontro com os ministros do Turismo do Brasil, Celso Sabino, e da Jamaica, Edmund Bartlett. Os empreendedores conheceram, de perto, como a coopera\u00e7\u00e3o firmada entre os dois pa\u00edses para a promo\u00e7\u00e3o do turismo sustent\u00e1vel e resiliente impactar\u00e1 atividades do ramo de forma positiva e duradoura.<\/span><\/p>\n<p style=\"text-align: justify;\"><span style=\"font-size: 14pt;\">Por meio da parceria, ser\u00e1 poss\u00edvel realizar estudos e organizar o interc\u00e2mbio de informa\u00e7\u00f5es e profissionais. O ministro Celso Sabino explicou que tamb\u00e9m haver\u00e1 a amplia\u00e7\u00e3o da divulga\u00e7\u00e3o tur\u00edstica conjunta, a fim de refor\u00e7ar o fluxo bilateral de visitantes. \u201cVamos acelerar essa aproxima\u00e7\u00e3o, fortalecendo nossos v\u00ednculos e trabalhando para termos voos regulares que favore\u00e7am as duas na\u00e7\u00f5es\u201d, pontuou Sabino.<\/span><\/p>\n<p style=\"text-align: justify;\"><span style=\"font-size: 14pt;\">J\u00e1 Edmund Bartlett, que representa o Centro Global de Resili\u00eancia e Gerenciamento de Crises no Turismo (GTRCMC) da Jamaica, explicou que \u00e9 preciso capacitar comunidades e empresas para que elas antecipem, resistam e se recuperem dos v\u00e1rios desafios da atualidade. Entre eles, desastres naturais, flutua\u00e7\u00f5es econ\u00f4micas e emerg\u00eancias de sa\u00fade p\u00fablica.<\/span><\/p>\n<p style=\"text-align: justify;\"><span style=\"font-size: 14pt;\">\u201cO envolvimento da comunidade nos processos de planejamento e tomada de decis\u00e3o garante que o turismo n\u00e3o beneficie apenas os visitantes, mas enrique\u00e7a, tamb\u00e9m, os residentes, protegendo nossos tesouros naturais e culturais&#8221;, enfatizou Bartlett.<\/span><\/p>\n<p style=\"text-align: justify;\"><span style=\"font-size: 14pt;\">Tamb\u00e9m presente, o governador do Maranh\u00e3o, Carlos Brand\u00e3o, ressaltou a import\u00e2ncia da aproxima\u00e7\u00e3o com a Jamaica e anunciou que pretende realizar, em S\u00e3o Lu\u00eds, um evento internacional de reggae, com a participa\u00e7\u00e3o de artistas jamaicanos. \u201cTemos ra\u00edzes que nos unem, e a m\u00fasica ajuda na atra\u00e7\u00e3o de turistas. Essa parceria est\u00e1 apenas no come\u00e7o\u201d, afirmou o governador.<\/span><\/p>\n<p style=\"text-align: justify;\"><span style=\"font-size: 14pt;\"><b>MTUR ITINERANTE<\/b>\u00a0&#8211; O encontro desta ter\u00e7a-feira em S\u00e3o Luis contou, ainda, com a apresenta\u00e7\u00e3o de a\u00e7\u00f5es e projetos federais de apoio aos neg\u00f3cios tur\u00edsticos locais.<\/span><\/p>\n<p style=\"text-align: justify;\"><span style=\"font-size: 14pt;\">Entre eles, o Fundo Geral de Turismo (Novo Fungetur), que permite a empreendedores privados acessar cr\u00e9dito at\u00e9 R$ 15 milh\u00f5es por linha de financiamento, com juros e car\u00eancia inferiores aos de mercado.<\/span><\/p>\n<p style=\"text-align: justify;\"><span style=\"font-size: 14pt;\">\u201cCom esse recurso, o empreendedor pode reformar, construir, comprar equipamentos e at\u00e9 usar como capital de giro\u201d, orientou Celso Sabino. O ministro do Turismo informou que, em 2023, houve um aumento de 80% nas contrata\u00e7\u00f5es do Fungetur no Maranh\u00e3o, frisando que o Fundo ainda disp\u00f5e de recursos para financiamentos no estado.<\/span><\/p>\n<p style=\"text-align: justify;\"><span style=\"font-size: 14pt;\"><b>STOPOVER EM S\u00c3O LU\u00cdS<\/b>\u00a0&#8211; Ainda na capital maranhense, o ministro do Turismo promoveu uma reuni\u00e3o entre as companhias a\u00e9reas LATAM, Azul e a Secretaria Estadual de Turismo. Na ocasi\u00e3o, Sabino conseguiu convencer as empresas a incluir S\u00e3o Lu\u00eds no stopover do Programa Conhe\u00e7a o Brasil: Voando.<\/span><\/p>\n<p style=\"text-align: justify;\"><span style=\"font-size: 14pt;\">A modalidade permitir\u00e1 que turistas com voos que fa\u00e7am conex\u00e3o na cidade possam desembarcar por um tempo no local, sem custos adicionais aos passageiros.<\/span><\/p>\n<p style=\"text-align: justify;\"><span style=\"font-size: 14pt;\">\u201cO viajante poder\u00e1 conhecer atrativos desse estado incr\u00edvel, como, por exemplo, os Len\u00e7\u00f3is Maranhenses, rec\u00e9m-intitulado Patrim\u00f4nio Natural da Humanidade\u201d, apontou Celso Sabino.<\/span><\/p>\n<p style=\"text-align: justify;\"><span style=\"font-size: 14pt;\"><b>Por Paula Rosa<\/b><\/span><\/p>\n<p style=\"text-align: justify;\"><span style=\"font-size: 14pt;\"><i>Assessoria de Comunica\u00e7\u00e3o do Minist\u00e9rio do Turismo<\/i><\/span><\/p>\n<p>Fonte: https:\/\/www.gov.br\/turismo<\/p>\n","protected":false},"excerpt":{"rendered":"<p>mpres\u00e1rios do setor tur\u00edstico do Maranh\u00e3o tiveram nesta ter\u00e7a-feira (20.08), em S\u00e3o Lu\u00eds (MA), um encontro com os ministros do Turismo do Brasil, Celso Sabino, e da Jamaica, Edmund Bartlett. Os empreendedores conheceram, de perto, como a coopera\u00e7\u00e3o firmada entre os dois pa\u00edses para a promo\u00e7\u00e3o do turismo sustent\u00e1vel e resiliente impactar\u00e1 atividades do ramo [&hellip;]<\/p>\n","protected":false},"author":1,"featured_media":2569,"comment_status":"open","ping_status":"open","sticky":false,"template":"","format":"standard","meta":[],"categories":[1],"tags":[],"_links":{"self":[{"href":"https:\/\/revistamaranhaoturismo.com\/index.php?rest_route=\/wp\/v2\/posts\/2568"}],"collection":[{"href":"https:\/\/revistamaranhaoturismo.com\/index.php?rest_route=\/wp\/v2\/posts"}],"about":[{"href":"https:\/\/revistamaranhaoturismo.com\/index.php?rest_route=\/wp\/v2\/types\/post"}],"author":[{"embeddable":true,"href":"https:\/\/revistamaranhaoturismo.com\/index.php?rest_route=\/wp\/v2\/users\/1"}],"replies":[{"embeddable":true,"href":"https:\/\/revistamaranhaoturismo.com\/index.php?rest_route=%2Fwp%2Fv2%2Fcomments&post=2568"}],"version-history":[{"count":1,"href":"https:\/\/revistamaranhaoturismo.com\/index.php?rest_route=\/wp\/v2\/posts\/2568\/revisions"}],"predecessor-version":[{"id":2570,"href":"https:\/\/revistamaranhaoturismo.com\/index.php?rest_route=\/wp\/v2\/posts\/2568\/revisions\/2570"}],"wp:featuredmedia":[{"embeddable":true,"href":"https:\/\/revistamaranhaoturismo.com\/index.php?rest_route=\/wp\/v2\/media\/2569"}],"wp:attachment":[{"href":"https:\/\/revistamaranhaoturismo.com\/index.php?rest_route=%2Fwp%2Fv2%2Fmedia&parent=2568"}],"wp:term":[{"taxonomy":"category","embeddable":true,"href":"https:\/\/revistamaranhaoturismo.com\/index.php?rest_route=%2Fwp%2Fv2%2Fcategories&post=2568"},{"taxonomy":"post_tag","embeddable":true,"href":"https:\/\/revistamaranhaoturismo.com\/index.php?rest_route=%2Fwp%2Fv2%2Ftags&post=2568"}],"curies":[{"name":"wp","href":"https:\/\/api.w.org\/{rel}","templated":true}]}}