{"id":2577,"date":"2024-08-23T10:05:07","date_gmt":"2024-08-23T13:05:07","guid":{"rendered":"https:\/\/revistamaranhaoturismo.com\/?p=2577"},"modified":"2024-08-23T10:05:07","modified_gmt":"2024-08-23T13:05:07","slug":"a-ministra-da-cultura-margareth-menezes-e-o-presidente-da-fundacao-cultural-palmares-abriram-exposicao-em-comemoracao-aos-36-anos-da-fundacao-cultural-palmares-hoje-em-sua-sede-em-brasilia-2","status":"publish","type":"post","link":"https:\/\/revistamaranhaoturismo.com\/?p=2577","title":{"rendered":"A Ministra da Cultura, Margareth Menezes, e o presidente da Funda\u00e7\u00e3o Cultural Palmares, abriram exposi\u00e7\u00e3o em comemora\u00e7\u00e3o aos 36 anos da Funda\u00e7\u00e3o Cultural Palmares, hoje, em sua sede, em Bras\u00edlia."},"content":{"rendered":"<p style=\"text-align: justify;\"><span style=\"font-size: 14pt;\">A pedido do presidente da Funda\u00e7\u00e3o, o jorn. M\u00e1rio Palma representou o Fot\u00f3grafo Francisco Pinto, de S\u00e3o Paulo, autor das fotos que comp\u00f5em a exposi\u00e7\u00e3o.<\/span><br \/>\n<span style=\"font-size: 14pt;\">O jorn. M\u00e1rio Palma \u00e9 Parecerista do Minist\u00e9rio da Cultura, Diretor da Academia Latino-Americana de Arte, e Curador das exposi\u00e7\u00f5es do artista pl\u00e1stico e escultor Fransoufer.<\/span><br \/>\n<span style=\"font-size: 14pt;\">O evento teve expressiva presen\u00e7a de autoridades e artistas, dentre elas a cantora Daniela Mercury demais celebridades, imprensa e influencers.<\/span><\/p>\n<p><a href=\"https:\/\/revistamaranhaoturismo.com\/a-ministra-da-cultura-margareth-menezes-e-o-presidente-da-fundacao-cultural-palmares-abriram-exposicao-em-comemoracao-aos-36-anos-da-fundacao-cultural-palmares-hoje-em-sua-sede-em-brasilia\/whatsapp-image-2024-08-22-at-19-57-29\/\" rel=\"attachment wp-att-2574\"><img decoding=\"async\" loading=\"lazy\" class=\"aligncenter size-full wp-image-2574\" src=\"https:\/\/revistamaranhaoturismo.com\/wp-content\/uploads\/2024\/08\/WhatsApp-Image-2024-08-22-at-19.57.29.jpeg\" alt=\"\" width=\"1202\" height=\"1600\" data-wp-pid=\"2574\" srcset=\"https:\/\/revistamaranhaoturismo.com\/wp-content\/uploads\/2024\/08\/WhatsApp-Image-2024-08-22-at-19.57.29.jpeg 1202w, https:\/\/revistamaranhaoturismo.com\/wp-content\/uploads\/2024\/08\/WhatsApp-Image-2024-08-22-at-19.57.29-225x300.jpeg 225w, https:\/\/revistamaranhaoturismo.com\/wp-content\/uploads\/2024\/08\/WhatsApp-Image-2024-08-22-at-19.57.29-769x1024.jpeg 769w, https:\/\/revistamaranhaoturismo.com\/wp-content\/uploads\/2024\/08\/WhatsApp-Image-2024-08-22-at-19.57.29-768x1022.jpeg 768w, https:\/\/revistamaranhaoturismo.com\/wp-content\/uploads\/2024\/08\/WhatsApp-Image-2024-08-22-at-19.57.29-1154x1536.jpeg 1154w, https:\/\/revistamaranhaoturismo.com\/wp-content\/uploads\/2024\/08\/WhatsApp-Image-2024-08-22-at-19.57.29-750x998.jpeg 750w, https:\/\/revistamaranhaoturismo.com\/wp-content\/uploads\/2024\/08\/WhatsApp-Image-2024-08-22-at-19.57.29-1140x1517.jpeg 1140w, https:\/\/revistamaranhaoturismo.com\/wp-content\/uploads\/2024\/08\/WhatsApp-Image-2024-08-22-at-19.57.29-800x1065.jpeg 800w\" sizes=\"(max-width: 1202px) 100vw, 1202px\" \/><\/a><\/p>\n<p>&nbsp;<\/p>\n<p style=\"text-align: justify;\"><span style=\"font-size: 14pt;\">A exposi\u00e7\u00e3o ficar\u00e1 aberta ate 22 de setembro de 2024. FRANSOUFER, parabeniza o grandioso evento cultural que muito representa para todos n\u00f3s, trabalhadores da cultura.<\/span><br \/>\n<span style=\"font-size: 14pt;\">&#8220;Cultura \u00e9 a maior comunica\u00e7\u00e3o do universo.&#8221;<\/span><br \/>\n<span style=\"font-size: 14pt;\">Vale a pena conferir!!<\/span><\/p>\n<p><a href=\"https:\/\/revistamaranhaoturismo.com\/a-ministra-da-cultura-margareth-menezes-e-o-presidente-da-fundacao-cultural-palmares-abriram-exposicao-em-comemoracao-aos-36-anos-da-fundacao-cultural-palmares-hoje-em-sua-sede-em-brasilia\/whatsapp-image-2024-08-22-at-19-57-29-1\/\" rel=\"attachment wp-att-2572\"><img decoding=\"async\" loading=\"lazy\" class=\"aligncenter size-full wp-image-2572\" src=\"https:\/\/revistamaranhaoturismo.com\/wp-content\/uploads\/2024\/08\/WhatsApp-Image-2024-08-22-at-19.57.29-1.jpeg\" alt=\"\" width=\"1600\" height=\"1200\" data-wp-pid=\"2572\" srcset=\"https:\/\/revistamaranhaoturismo.com\/wp-content\/uploads\/2024\/08\/WhatsApp-Image-2024-08-22-at-19.57.29-1.jpeg 1600w, https:\/\/revistamaranhaoturismo.com\/wp-content\/uploads\/2024\/08\/WhatsApp-Image-2024-08-22-at-19.57.29-1-300x225.jpeg 300w, https:\/\/revistamaranhaoturismo.com\/wp-content\/uploads\/2024\/08\/WhatsApp-Image-2024-08-22-at-19.57.29-1-1024x768.jpeg 1024w, https:\/\/revistamaranhaoturismo.com\/wp-content\/uploads\/2024\/08\/WhatsApp-Image-2024-08-22-at-19.57.29-1-768x576.jpeg 768w, https:\/\/revistamaranhaoturismo.com\/wp-content\/uploads\/2024\/08\/WhatsApp-Image-2024-08-22-at-19.57.29-1-1536x1152.jpeg 1536w, https:\/\/revistamaranhaoturismo.com\/wp-content\/uploads\/2024\/08\/WhatsApp-Image-2024-08-22-at-19.57.29-1-750x563.jpeg 750w, https:\/\/revistamaranhaoturismo.com\/wp-content\/uploads\/2024\/08\/WhatsApp-Image-2024-08-22-at-19.57.29-1-1140x855.jpeg 1140w, https:\/\/revistamaranhaoturismo.com\/wp-content\/uploads\/2024\/08\/WhatsApp-Image-2024-08-22-at-19.57.29-1-800x600.jpeg 800w\" sizes=\"(max-width: 1600px) 100vw, 1600px\" \/><\/a><\/p>\n<p style=\"text-align: justify;\"><span style=\"font-size: 14pt;\">Assessoria de Comunica\u00e7\u00e3o do Instituto FRANSOUFER.<\/span><\/p>\n","protected":false},"excerpt":{"rendered":"<p>A pedido do presidente da Funda\u00e7\u00e3o, o jorn. M\u00e1rio Palma representou o Fot\u00f3grafo Francisco Pinto, de S\u00e3o Paulo, autor das fotos que comp\u00f5em a exposi\u00e7\u00e3o. O jorn. M\u00e1rio Palma \u00e9 Parecerista do Minist\u00e9rio da Cultura, Diretor da Academia Latino-Americana de Arte, e Curador das exposi\u00e7\u00f5es do artista pl\u00e1stico e escultor Fransoufer. O evento teve expressiva [&hellip;]<\/p>\n","protected":false},"author":1,"featured_media":2573,"comment_status":"open","ping_status":"open","sticky":false,"template":"","format":"standard","meta":[],"categories":[1],"tags":[],"_links":{"self":[{"href":"https:\/\/revistamaranhaoturismo.com\/index.php?rest_route=\/wp\/v2\/posts\/2577"}],"collection":[{"href":"https:\/\/revistamaranhaoturismo.com\/index.php?rest_route=\/wp\/v2\/posts"}],"about":[{"href":"https:\/\/revistamaranhaoturismo.com\/index.php?rest_route=\/wp\/v2\/types\/post"}],"author":[{"embeddable":true,"href":"https:\/\/revistamaranhaoturismo.com\/index.php?rest_route=\/wp\/v2\/users\/1"}],"replies":[{"embeddable":true,"href":"https:\/\/revistamaranhaoturismo.com\/index.php?rest_route=%2Fwp%2Fv2%2Fcomments&post=2577"}],"version-history":[{"count":1,"href":"https:\/\/revistamaranhaoturismo.com\/index.php?rest_route=\/wp\/v2\/posts\/2577\/revisions"}],"predecessor-version":[{"id":2578,"href":"https:\/\/revistamaranhaoturismo.com\/index.php?rest_route=\/wp\/v2\/posts\/2577\/revisions\/2578"}],"wp:featuredmedia":[{"embeddable":true,"href":"https:\/\/revistamaranhaoturismo.com\/index.php?rest_route=\/wp\/v2\/media\/2573"}],"wp:attachment":[{"href":"https:\/\/revistamaranhaoturismo.com\/index.php?rest_route=%2Fwp%2Fv2%2Fmedia&parent=2577"}],"wp:term":[{"taxonomy":"category","embeddable":true,"href":"https:\/\/revistamaranhaoturismo.com\/index.php?rest_route=%2Fwp%2Fv2%2Fcategories&post=2577"},{"taxonomy":"post_tag","embeddable":true,"href":"https:\/\/revistamaranhaoturismo.com\/index.php?rest_route=%2Fwp%2Fv2%2Ftags&post=2577"}],"curies":[{"name":"wp","href":"https:\/\/api.w.org\/{rel}","templated":true}]}}