{"id":2580,"date":"2024-08-27T01:04:49","date_gmt":"2024-08-27T04:04:49","guid":{"rendered":"https:\/\/revistamaranhaoturismo.com\/?p=2580"},"modified":"2024-08-27T08:44:30","modified_gmt":"2024-08-27T11:44:30","slug":"feijoada-do-maranhao-em-bh-neste-sabado-31-tem-programacao-extra-e-muito-divertida-para-jornalistas","status":"publish","type":"post","link":"https:\/\/revistamaranhaoturismo.com\/?p=2580","title":{"rendered":"Feijoada do Maranh\u00e3o em BH, neste s\u00e1bado (31), tem programa\u00e7\u00e3o extra e muito divertida para jornalistas"},"content":{"rendered":"<p style=\"text-align: justify;\"><span style=\"font-size: 14pt;\">O fot\u00f3grafo Valdez Maranh\u00e3o que realiza neste s\u00e1bado (31), a 33\u00aa edi\u00e7\u00e3o da Feijoada do Maranh\u00e3o, preparou uma caprichada programa\u00e7\u00e3o para seus convidados de outros estados que v\u00e3o prestigiar o evento.\u00a0 A tradicional feijoada, que em 2024 volta a ter como palco o Sal\u00e3o de Conven\u00e7\u00f5es do Hotel Dayrell BH, tem como caracter\u00edstica fazer um interc\u00e2mbio cultural entre o anfitri\u00e3o Valdez com amigos de BH e S\u00e3o Lu\u00eds e jornalistas de outros estados.<\/span><\/p>\n<p style=\"text-align: justify;\"><a href=\"https:\/\/revistamaranhaoturismo.com\/feijoada-do-maranhao-em-bh-neste-sabado-31-tem-programacao-extra-e-muito-divertida-para-jornalistas\/whatsapp-image-2024-08-26-at-20-57-49\/\" rel=\"attachment wp-att-2583\"><img decoding=\"async\" loading=\"lazy\" class=\"aligncenter size-full wp-image-2583\" src=\"https:\/\/revistamaranhaoturismo.com\/wp-content\/uploads\/2024\/08\/WhatsApp-Image-2024-08-26-at-20.57.49.jpeg\" alt=\"\" width=\"663\" height=\"863\" data-wp-pid=\"2583\" srcset=\"https:\/\/revistamaranhaoturismo.com\/wp-content\/uploads\/2024\/08\/WhatsApp-Image-2024-08-26-at-20.57.49.jpeg 663w, https:\/\/revistamaranhaoturismo.com\/wp-content\/uploads\/2024\/08\/WhatsApp-Image-2024-08-26-at-20.57.49-230x300.jpeg 230w\" sizes=\"(max-width: 663px) 100vw, 663px\" \/><\/a><span style=\"font-size: 14pt;\">Por isso mesmo, al\u00e9m do evento oficial que \u00e9 a Feijoada, no Hotel Dayrell, sua equipe preparou uma programa\u00e7\u00e3o especial, com atividades tur\u00edsticas e muita divers\u00e3o para o deleite dos convidados. Como muitos dos convidados j\u00e1 aportam por l\u00e1 na quinta-feira (29), para este dia Valdez Maranh\u00e3o vai recepcionar os visitantes com um delicioso jantar no Buteco do Maranh\u00e3o, a partir das 20h.<\/span><\/p>\n<p><a href=\"https:\/\/revistamaranhaoturismo.com\/feijoada-do-maranhao-em-bh-neste-sabado-31-tem-programacao-extra-e-muito-divertida-para-jornalistas\/whatsapp-image-2024-08-26-at-20-57-50-1\/\" rel=\"attachment wp-att-2584\"><img decoding=\"async\" loading=\"lazy\" class=\"aligncenter size-full wp-image-2584\" src=\"https:\/\/revistamaranhaoturismo.com\/wp-content\/uploads\/2024\/08\/WhatsApp-Image-2024-08-26-at-20.57.50-1.jpeg\" alt=\"\" width=\"1600\" height=\"1066\" data-wp-pid=\"2584\" srcset=\"https:\/\/revistamaranhaoturismo.com\/wp-content\/uploads\/2024\/08\/WhatsApp-Image-2024-08-26-at-20.57.50-1.jpeg 1600w, https:\/\/revistamaranhaoturismo.com\/wp-content\/uploads\/2024\/08\/WhatsApp-Image-2024-08-26-at-20.57.50-1-300x200.jpeg 300w, https:\/\/revistamaranhaoturismo.com\/wp-content\/uploads\/2024\/08\/WhatsApp-Image-2024-08-26-at-20.57.50-1-1024x682.jpeg 1024w, https:\/\/revistamaranhaoturismo.com\/wp-content\/uploads\/2024\/08\/WhatsApp-Image-2024-08-26-at-20.57.50-1-768x512.jpeg 768w, https:\/\/revistamaranhaoturismo.com\/wp-content\/uploads\/2024\/08\/WhatsApp-Image-2024-08-26-at-20.57.50-1-1536x1023.jpeg 1536w, https:\/\/revistamaranhaoturismo.com\/wp-content\/uploads\/2024\/08\/WhatsApp-Image-2024-08-26-at-20.57.50-1-750x500.jpeg 750w, https:\/\/revistamaranhaoturismo.com\/wp-content\/uploads\/2024\/08\/WhatsApp-Image-2024-08-26-at-20.57.50-1-1140x760.jpeg 1140w, https:\/\/revistamaranhaoturismo.com\/wp-content\/uploads\/2024\/08\/WhatsApp-Image-2024-08-26-at-20.57.50-1-800x533.jpeg 800w\" sizes=\"(max-width: 1600px) 100vw, 1600px\" \/><\/a><\/p>\n<p style=\"text-align: justify;\"><span style=\"font-size: 14pt;\">Na sexta-feira (30), ele deixa os convidados \u00e0 vontade durante o dia para as tradicionais compras no Mercado Municipal de BH, mas a noite, a partir das 18h30, oferece um passeio\/balada, imperd\u00edvel e animad\u00edssimo, no BoateBus, considerado o \u00f4nibus mais bonito de Belo Horizonte, seguido, \u00e0s 22h, de um jantar no Buteco do Maranh\u00e3o. O BoateBus, ali\u00e1s, merece um destaque \u00e0 parte.<\/span><\/p>\n<figure id=\"attachment_2581\" aria-describedby=\"caption-attachment-2581\" style=\"width: 780px\" class=\"wp-caption aligncenter\"><a href=\"https:\/\/revistamaranhaoturismo.com\/feijoada-do-maranhao-em-bh-neste-sabado-31-tem-programacao-extra-e-muito-divertida-para-jornalistas\/dsfdfsffdssdfsf\/\" rel=\"attachment wp-att-2581\"><img decoding=\"async\" loading=\"lazy\" class=\"size-full wp-image-2581\" src=\"https:\/\/revistamaranhaoturismo.com\/wp-content\/uploads\/2024\/08\/dsfdfsffdssdfsf.webp\" alt=\"\" width=\"780\" height=\"478\" data-wp-pid=\"2581\" srcset=\"https:\/\/revistamaranhaoturismo.com\/wp-content\/uploads\/2024\/08\/dsfdfsffdssdfsf.webp 780w, https:\/\/revistamaranhaoturismo.com\/wp-content\/uploads\/2024\/08\/dsfdfsffdssdfsf-300x184.webp 300w, https:\/\/revistamaranhaoturismo.com\/wp-content\/uploads\/2024\/08\/dsfdfsffdssdfsf-768x471.webp 768w, https:\/\/revistamaranhaoturismo.com\/wp-content\/uploads\/2024\/08\/dsfdfsffdssdfsf-750x460.webp 750w\" sizes=\"(max-width: 780px) 100vw, 780px\" \/><\/a><figcaption id=\"caption-attachment-2581\" class=\"wp-caption-text\">Na programa\u00e7\u00e3o: o tradicional dia das compras no Mercado Municipal de BH e a noite de balada a bordo do BoateBus, considerado o \u00f4nibus mais bonito da capital mineira, na sexta-feira (30). Sem falar, claro, o evento mais esperado, a 33\u00aa edi\u00e7\u00e3o da Feijoada do Maranh\u00e3o, sempre prestigiada pela turma da imprensa de S\u00e3o Lu\u00eds, no s\u00e1bado (31).<\/figcaption><\/figure>\n<p style=\"text-align: justify;\"><span style=\"font-size: 14pt;\">O \u00f4nibus, administrado pela Felippetur Transportes, tem capacidade para at\u00e9 42 convidados e \u00e9 uma \u00f3tima atra\u00e7\u00e3o para entretenimento na capital mineira, promovendo festas particulares, mediante aluguel por hora, onde o cliente escolhe as bebidas, Djs, m\u00fasicas, trajeto, parada para fotos e local de in\u00edcio e t\u00e9rmino da comemora\u00e7\u00e3o. O diferencial est\u00e1 na promo\u00e7\u00e3o de experi\u00eancias \u00fanicas, criando festas personalizadas.<\/span><\/p>\n<p style=\"text-align: justify;\"><span style=\"font-size: 14pt;\">J\u00e1 no s\u00e1bado (31) \u00e9 o dia oficial do festejo em BH com a realiza\u00e7\u00e3o da Feijoada do Maranh\u00e3o, a partir das 13h, no Hotel Dayrell. \u00a0Encerrando, no domingo (1\u00ba de setembro), com almo\u00e7o no Buteco do Maranh\u00e3o, a partir das 12h, tendo no card\u00e1pio especial a \u201cGalinha Caipira com Quiabo e Angu\u201d, o prato do nosso amigo Fabiano Cazeca, da Multimarcas Cons\u00f3rcios, parceiro m\u00e1ster do evento.<\/span><\/p>\n<p>&nbsp;<\/p>\n<p><em>Fonte: nedilsonmachado<\/em><\/p>\n","protected":false},"excerpt":{"rendered":"<p>O fot\u00f3grafo Valdez Maranh\u00e3o que realiza neste s\u00e1bado (31), a 33\u00aa edi\u00e7\u00e3o da Feijoada do Maranh\u00e3o, preparou uma caprichada programa\u00e7\u00e3o para seus convidados de outros estados que v\u00e3o prestigiar o evento.\u00a0 A tradicional feijoada, que em 2024 volta a ter como palco o Sal\u00e3o de Conven\u00e7\u00f5es do Hotel Dayrell BH, tem como caracter\u00edstica fazer um [&hellip;]<\/p>\n","protected":false},"author":1,"featured_media":2585,"comment_status":"open","ping_status":"open","sticky":false,"template":"","format":"standard","meta":[],"categories":[1],"tags":[],"_links":{"self":[{"href":"https:\/\/revistamaranhaoturismo.com\/index.php?rest_route=\/wp\/v2\/posts\/2580"}],"collection":[{"href":"https:\/\/revistamaranhaoturismo.com\/index.php?rest_route=\/wp\/v2\/posts"}],"about":[{"href":"https:\/\/revistamaranhaoturismo.com\/index.php?rest_route=\/wp\/v2\/types\/post"}],"author":[{"embeddable":true,"href":"https:\/\/revistamaranhaoturismo.com\/index.php?rest_route=\/wp\/v2\/users\/1"}],"replies":[{"embeddable":true,"href":"https:\/\/revistamaranhaoturismo.com\/index.php?rest_route=%2Fwp%2Fv2%2Fcomments&post=2580"}],"version-history":[{"count":4,"href":"https:\/\/revistamaranhaoturismo.com\/index.php?rest_route=\/wp\/v2\/posts\/2580\/revisions"}],"predecessor-version":[{"id":2588,"href":"https:\/\/revistamaranhaoturismo.com\/index.php?rest_route=\/wp\/v2\/posts\/2580\/revisions\/2588"}],"wp:featuredmedia":[{"embeddable":true,"href":"https:\/\/revistamaranhaoturismo.com\/index.php?rest_route=\/wp\/v2\/media\/2585"}],"wp:attachment":[{"href":"https:\/\/revistamaranhaoturismo.com\/index.php?rest_route=%2Fwp%2Fv2%2Fmedia&parent=2580"}],"wp:term":[{"taxonomy":"category","embeddable":true,"href":"https:\/\/revistamaranhaoturismo.com\/index.php?rest_route=%2Fwp%2Fv2%2Fcategories&post=2580"},{"taxonomy":"post_tag","embeddable":true,"href":"https:\/\/revistamaranhaoturismo.com\/index.php?rest_route=%2Fwp%2Fv2%2Ftags&post=2580"}],"curies":[{"name":"wp","href":"https:\/\/api.w.org\/{rel}","templated":true}]}}