{"id":2595,"date":"2024-09-26T08:51:48","date_gmt":"2024-09-26T11:51:48","guid":{"rendered":"https:\/\/revistamaranhaoturismo.com\/?p=2595"},"modified":"2024-09-26T08:51:48","modified_gmt":"2024-09-26T11:51:48","slug":"em-brasilia-brandao-discute-parcerias-e-projetos-para-os-lencois-maranhenses","status":"publish","type":"post","link":"https:\/\/revistamaranhaoturismo.com\/?p=2595","title":{"rendered":"Em Bras\u00edlia, Brand\u00e3o discute parcerias e projetos para os Len\u00e7\u00f3is Maranhenses"},"content":{"rendered":"<p style=\"text-align: justify;\"><span style=\"font-size: 14pt;\">O Maranh\u00e3o est\u00e1 empenhado no desenvolvimento tur\u00edstico do Parque Nacional dos Len\u00e7\u00f3is Maranhenses com foco na sustentabilidade. Nesta quarta-feira (25), o governador Carlos Brand\u00e3o esteve em Bras\u00edlia (DF) e realizou uma visita de cortesia \u00e0 sede da Organiza\u00e7\u00e3o das Na\u00e7\u00f5es Unidas para a Educa\u00e7\u00e3o, a Ci\u00eancia e a Cultura (Unesco) no Brasil. Na ocasi\u00e3o, ele debateu um grande projeto estrutural para a regi\u00e3o.<\/span><\/p>\n<p style=\"text-align: justify;\"><span style=\"font-size: 14pt;\"><em>\u201cViemos conversar com a Unesco para desenvolver um grande projeto que envolve saneamento b\u00e1sico, sistema de abastecimento de \u00e1gua, esgoto, pavimenta\u00e7\u00e3o, enfim todo um grande complexo de a\u00e7\u00f5es que envolve esse polo tur\u00edstico. Esse \u00e9 um passo muito importante para preservar os Len\u00e7\u00f3is Maranhenses e garantir a presen\u00e7a do turismo com sustentabilidade\u201d,<\/em>\u00a0relatou Brand\u00e3o.<\/span><\/p>\n<p style=\"text-align: justify;\"><span style=\"font-size: 14pt;\">A comitiva maranhense contou ainda com a presen\u00e7a da secret\u00e1ria de Estado do Turismo, Socorro Ara\u00fajo, e do coordenador do Parque Nacional dos Len\u00e7\u00f3is Maranhenses, Paulo Matos. O grupo foi recebido pela diretora e representante da Unesco no Brasil, Marlova Jovchelovitch Noleto.<\/span><\/p>\n<p style=\"text-align: justify;\"><span style=\"font-size: 14pt;\"><em>\u201cRecebemos com muita alegria a visita do governador do Maranh\u00e3o para debater projetos e pol\u00edticas que visam a sustentabilidade e o desenvolvimento do turismo nos Len\u00e7\u00f3is Maranhenses. Esse t\u00edtulo de Patrim\u00f4nio Natural da Humanidade agrega um valor imenso ao estado, que j\u00e1 tem um t\u00edtulo de Patrim\u00f4nio Cultural no munic\u00edpio de S\u00e3o Lu\u00eds e o de Patrim\u00f4nio Imaterial com o bumba meu boi\u201d,<\/em>\u00a0ressaltou Marlova Jovchelovitch Noleto.<\/span><\/p>\n<p style=\"text-align: justify;\"><span style=\"font-size: 14pt;\">A recep\u00e7\u00e3o positiva das propostas apresentadas pela comitiva maranhense foi destacada pelo coordenador do Parque Nacional dos Len\u00e7\u00f3is Maranhenses, Paulo Matos. Ele lembrou o protagonismo desempenhado pelo governador Carlos Brand\u00e3o na busca pelo t\u00edtulo de Patrim\u00f4nio Natural da Humanidade para o destino maranhense.<\/span><\/p>\n<p style=\"text-align: justify;\"><span style=\"font-size: 14pt;\"><em>\u201cTivemos uma excelente reuni\u00e3o com a Unesco e eles se colocaram a inteira disposi\u00e7\u00e3o para colaborar nessa constru\u00e7\u00e3o da nova gest\u00e3o do Parque Nacional dos Len\u00e7\u00f3is Maranhenses. O governador foi um construtor desse momento que estamos vivendo, pois articulou com o presidente Lula e com as embaixadas internacionais e conseguimos o t\u00edtulo em tempo recorde, ent\u00e3o precisamos cuidar desse patrim\u00f4nio que \u00e9 do Maranh\u00e3o e do mundo\u201d,<\/em>\u00a0observou Paulo Mattos.<\/span><\/p>\n<p style=\"text-align: justify;\"><span style=\"font-size: 14pt;\">A secret\u00e1ria de Estado do Turismo, Socorro Ara\u00fajo, lembrou que o t\u00edtulo concedido pela Unesco de Patrim\u00f4nio Natural da Humanidade para os Len\u00e7\u00f3is Maranhenses aumenta o compromisso e a responsabilidade com a preserva\u00e7\u00e3o da localidade, que \u00e9 um produto tur\u00edstico bel\u00edssimo e inigual\u00e1vel.<\/span><\/p>\n<p style=\"text-align: justify;\"><span style=\"font-size: 14pt;\"><em>\u201cEstamos aqui discutindo os planos e programas que devem ser implementados naquela regi\u00e3o. Ent\u00e3o \u00e9 um momento muito importante, pois vamos receber o t\u00edtulo no pr\u00f3ximo ano, mas temos que ter a responsabilidade de desenvolver um turismo sustent\u00e1vel para que tanto turistas quanto a comunidade estejam comprometidos com os Len\u00e7\u00f3is Maranhenses\u201d,<\/em>\u00a0declarou.<\/span><\/p>\n<p>&nbsp;<\/p>\n<p><em>Fonte: nedilsonmachado<\/em><\/p>\n","protected":false},"excerpt":{"rendered":"<p>O Maranh\u00e3o est\u00e1 empenhado no desenvolvimento tur\u00edstico do Parque Nacional dos Len\u00e7\u00f3is Maranhenses com foco na sustentabilidade. Nesta quarta-feira (25), o governador Carlos Brand\u00e3o esteve em Bras\u00edlia (DF) e realizou uma visita de cortesia \u00e0 sede da Organiza\u00e7\u00e3o das Na\u00e7\u00f5es Unidas para a Educa\u00e7\u00e3o, a Ci\u00eancia e a Cultura (Unesco) no Brasil. Na ocasi\u00e3o, ele [&hellip;]<\/p>\n","protected":false},"author":1,"featured_media":2596,"comment_status":"open","ping_status":"open","sticky":false,"template":"","format":"standard","meta":[],"categories":[1],"tags":[],"_links":{"self":[{"href":"https:\/\/revistamaranhaoturismo.com\/index.php?rest_route=\/wp\/v2\/posts\/2595"}],"collection":[{"href":"https:\/\/revistamaranhaoturismo.com\/index.php?rest_route=\/wp\/v2\/posts"}],"about":[{"href":"https:\/\/revistamaranhaoturismo.com\/index.php?rest_route=\/wp\/v2\/types\/post"}],"author":[{"embeddable":true,"href":"https:\/\/revistamaranhaoturismo.com\/index.php?rest_route=\/wp\/v2\/users\/1"}],"replies":[{"embeddable":true,"href":"https:\/\/revistamaranhaoturismo.com\/index.php?rest_route=%2Fwp%2Fv2%2Fcomments&post=2595"}],"version-history":[{"count":1,"href":"https:\/\/revistamaranhaoturismo.com\/index.php?rest_route=\/wp\/v2\/posts\/2595\/revisions"}],"predecessor-version":[{"id":2597,"href":"https:\/\/revistamaranhaoturismo.com\/index.php?rest_route=\/wp\/v2\/posts\/2595\/revisions\/2597"}],"wp:featuredmedia":[{"embeddable":true,"href":"https:\/\/revistamaranhaoturismo.com\/index.php?rest_route=\/wp\/v2\/media\/2596"}],"wp:attachment":[{"href":"https:\/\/revistamaranhaoturismo.com\/index.php?rest_route=%2Fwp%2Fv2%2Fmedia&parent=2595"}],"wp:term":[{"taxonomy":"category","embeddable":true,"href":"https:\/\/revistamaranhaoturismo.com\/index.php?rest_route=%2Fwp%2Fv2%2Fcategories&post=2595"},{"taxonomy":"post_tag","embeddable":true,"href":"https:\/\/revistamaranhaoturismo.com\/index.php?rest_route=%2Fwp%2Fv2%2Ftags&post=2595"}],"curies":[{"name":"wp","href":"https:\/\/api.w.org\/{rel}","templated":true}]}}