{"id":2603,"date":"2024-10-02T13:00:50","date_gmt":"2024-10-02T16:00:50","guid":{"rendered":"https:\/\/revistamaranhaoturismo.com\/?p=2603"},"modified":"2024-10-02T13:00:50","modified_gmt":"2024-10-02T16:00:50","slug":"belezas-naturais-dos-destinos-maranhenses-sao-destaque-na-51a-abav-expo-2024","status":"publish","type":"post","link":"https:\/\/revistamaranhaoturismo.com\/?p=2603","title":{"rendered":"Belezas naturais dos destinos maranhenses s\u00e3o destaque na 51\u00aa Abav Expo 2024"},"content":{"rendered":"<p class=\"TextBody\" style=\"text-align: justify;\"><span style=\"font-size: 14pt;\">Divulgar e fomentar os destinos tur\u00edsticos maranhenses por meio de a\u00e7\u00f5es promocionais. Durante tr\u00eas dias a Secretaria de Estado do Turismo (Setur-MA) proporcionou aos visitantes da Abav Expo 2024, em Bras\u00edlia, a oportunidade de conhecer sobre as belezas naturais dos atrativos, a gastronomia e a cultura do Maranh\u00e3o.\u00a0<\/span><\/p>\n<p class=\"TextBody\" style=\"text-align: justify;\"><span lang=\"EN-US\" style=\"font-size: 14pt;\">\u201cEsses grandes eventos s\u00e3o uma \u00f3tima oportunidade para o turismo do Maranh\u00e3o e para que os operadores e profissionais do mercado tenham tamb\u00e9m a oportunidade de conhecer mais sobre as belezas naturais do nosso Maranh\u00e3o de Encantos&#8221;, destacou a secret\u00e1ria Estadual de Turismo, Socorro Ara\u00fajo.<\/p>\n<p>O estande do Maranh\u00e3o ganhou destaque com sua \u00e1rea de ativa\u00e7\u00e3o e possibilitou maior experi\u00eancia e conex\u00e3o com o p\u00fablico junto aos principais atores do setor. Na entrada do espa\u00e7o uma novidade: uma escultura do bumba meu boi coberto com l\u00e2minas de buriti e pedras chatons com base feita a partir de tecido pastilhado em paet\u00ea branco leite, com sobreposi\u00e7\u00e3o em EVA nas cores vermelho, amarelo ouro, e azul turquesa e royal, retratando as cores e marca promocional do \u201cMaranh\u00e3o Terra de Encantos\u201d.<\/p>\n<p>O artista visual e turism\u00f3logo, Enoque Silva, respons\u00e1vel pela confec\u00e7\u00e3o e decora\u00e7\u00e3o do boi, relata que buscou retratar as cores do turismo do Maranh\u00e3o no processo de produ\u00e7\u00e3o da pe\u00e7a.<\/p>\n<p>\u201cPartindo de forma materializada retratar as cores e a marca do turismo maranhense, a pe\u00e7a foi feita a partir de uma capoeira tradicional do bumba meu boi e de cip\u00f3 d&#8217;\u00e1gua, com as barras do boi feitas em tecido de cetim branco com detalhes em gal\u00f5es de bico na cor ouro e ladeado com fitas\u201d, explicou o artista.<\/p>\n<p>O p\u00fablico que visitou o estande do Maranh\u00e3o n\u00e3o se deslumbrou apenas com as belezas dos atrativos estampados no espa\u00e7o, mas tamb\u00e9m, com os sabores da gastronomia maranhense, entre eles o camar\u00e3o, a farinha de mandioca e as geleias, que eram servidos no balc\u00e3o.<\/p>\n<p>Al\u00e9m dos produtos regionais, o p\u00fablico tamb\u00e9m teve a oportunidade provar a tiquira, a cacha\u00e7a e o tradicional Guaran\u00e1 Jesus.<\/p>\n<p>A turism\u00f3loga Andr\u00e9ia Silva disse ser f\u00e3 da gastronomia maranhenses e aproveitou para provar alguns produtos. \u201cO Maranh\u00e3o \u00e9 uma terra maravilhosa, cheia de lugares deslumbrantes e de uma cultura esplendorosa. Tamb\u00e9m sou muito f\u00e3 da culin\u00e1ria maranhense. Provei todas as del\u00edcias, como o camar\u00e3o com farinha, o guaran\u00e1 Jesus e tomei uma dose da tiquira. Tudo maravilhoso\u201d, relatou a turism\u00f3loga.<\/p>\n<p>Al\u00e9m da divulga\u00e7\u00e3o dos principais destinos maranhenses para os visitantes foram realizadas tamb\u00e9m a\u00e7\u00f5es de promo\u00e7\u00e3o do turismo maranhense para agentes de viagens, empres\u00e1rios do trade e empreendedores do setor.<\/p>\n<p>A Setur-MA viabilizou a participa\u00e7\u00e3o de 50 co-expositores nas reuni\u00f5es comerciais para rodadas de neg\u00f3cios com operadores nacionais e internacionais com o objetivo de comercializar o destino Maranh\u00e3o e captar um p\u00fablico novo de turistas para o estado.<\/p>\n<p>Houve tamb\u00e9m capacita\u00e7\u00e3o de operadores e agentes de viagens duas capacita\u00e7\u00f5es voltadas para profissionais do setor na Abav Talks.\u00a0Em parceria com a Abav-MA, foi realizado um Happy hour com degusta\u00e7\u00e3o de produtos regionais, ativa\u00e7\u00f5es ao som de muita m\u00fasica maranhense.<\/p>\n<p><b>Fornatur<\/b><\/p>\n<p>Antes do in\u00edcio oficial da Abav Expo 2024, foi realizado a Assembleia Geral Ordin\u00e1ria do Fornatur, com os secret\u00e1rios estaduais de turismo. A secret\u00e1ria Socorro Ara\u00fajo participou do encontro, que teve como pauta principal, a elabora\u00e7\u00e3o de planos estrat\u00e9gicos para melhoria do setor tur\u00edstico.<\/p>\n<p><b>Fortalecimento de Novos Roteiros<\/b><\/p>\n<p>Em reuni\u00e3o entre os secret\u00e1rios de Turismo do Nordeste foi debatido o projeto sobre roteiros integrados entre as principais cidades da regi\u00e3o.<\/p>\n<p>A iniciativa faz parte da C\u00e2mara Tem\u00e1tica do Cons\u00f3rcio Nordeste de Turismo e tem o objetivo de fortalecer o turismo nas cidades do interior.<\/p>\n<p>A companhia a\u00e9rea Azul participou da reuni\u00e3o e disse que ir\u00e1 trabalhar na cria\u00e7\u00e3o de pacotes tur\u00edsticos que incluam essa essas cidades, fortalecendo assim, o potencial do segmento na regi\u00e3o.<\/p>\n<p><b>Divulga\u00e7\u00e3o dos Destinos Brasileiros<\/b><\/p>\n<p>Em paralelo \u00e0s atividades da feira, a Setur-MA participou de um jantar oferecido pela emissora CNN Brasil e Warner Bros aos secret\u00e1rios Estaduais de Turismo. O objetivo do encontro foi fazer parcerias de divulga\u00e7\u00e3o dos destinos brasileiros no canal CNN Travel, onde \u00e9 veiculado assuntos espec\u00edficos sobre o segmento do turismo, na Am\u00e9rica Latina.<\/p>\n<p><b>Cria\u00e7\u00e3o de Novos Roteiro<\/b><\/p>\n<p>A secret\u00e1ria Socorro Ara\u00fajo se reuni\u00e3o com o secret\u00e1rio de Turismo do Tocantins, Hercy Filho, e o presidente da Goi\u00e1s Turismo, Fabr\u00edcio Amaral, para tratar sobre a cria\u00e7\u00e3o do roteiro tur\u00edstico que conecte os principais destinos do Maranh\u00e3o, Tocantins, Goi\u00e1s e Distrito Federal.<\/p>\n<p>A expectativa \u00e9 que os quatro estados, que comp\u00f5em a rota do Cons\u00f3rcio Brasil Central, apresente a formata\u00e7\u00e3o de seus roteiros que possam interligar os destinos da Chapada das Mesas, Serras Gerais, Jalap\u00e3o e Chapada dos Veadeiros.<\/p>\n<p>Ap\u00f3s essa fase institucional, a proposta ser\u00e1 apresentada ao trade para que possa ser apreciada para poss\u00edveis mudan\u00e7as e ajustes. Uma vez aprovada, a proposta poder\u00e1 ser roteirizada e comercializada.<\/p>\n<p><b>Abav Expo 2025<\/b><\/p>\n<p>Ap\u00f3s ser realizada em 2023 no Rio de Janeiro, a Abav retorna \u00e0 capital carioca no ano que vem. O evento ser\u00e1 realizado entre os dias 8 a 10 de outubro, no Riocentro.<\/span><\/p>\n<p style=\"text-align: justify;\">\n<p class=\"TextBody\" style=\"text-align: justify;\"><span lang=\"EN-US\" style=\"font-size: 14pt;\">Secretaria de Turismo\u00a0\u00a0\u00a0(98) 3232-0995\u00a0\u00a0\u00a0ascomseturma@gmail.com<br \/>\nGoverno MA\u00a0\u00a0\u00a0(98) 2108-6316\u00a0\u00a0\u00a0agencia.secap@secap.ma.gov.br<\/span><\/p>\n<p>&nbsp;<\/p>\n<p><em>Fonte: fmalomaranhao<\/em><\/p>\n<p>&nbsp;<\/p>\n<p>&nbsp;<\/p>\n","protected":false},"excerpt":{"rendered":"<p>Divulgar e fomentar os destinos tur\u00edsticos maranhenses por meio de a\u00e7\u00f5es promocionais. Durante tr\u00eas dias a Secretaria de Estado do Turismo (Setur-MA) proporcionou aos visitantes da Abav Expo 2024, em Bras\u00edlia, a oportunidade de conhecer sobre as belezas naturais dos atrativos, a gastronomia e a cultura do Maranh\u00e3o.\u00a0 \u201cEsses grandes eventos s\u00e3o uma \u00f3tima oportunidade [&hellip;]<\/p>\n","protected":false},"author":1,"featured_media":2604,"comment_status":"open","ping_status":"open","sticky":false,"template":"","format":"standard","meta":[],"categories":[1],"tags":[],"_links":{"self":[{"href":"https:\/\/revistamaranhaoturismo.com\/index.php?rest_route=\/wp\/v2\/posts\/2603"}],"collection":[{"href":"https:\/\/revistamaranhaoturismo.com\/index.php?rest_route=\/wp\/v2\/posts"}],"about":[{"href":"https:\/\/revistamaranhaoturismo.com\/index.php?rest_route=\/wp\/v2\/types\/post"}],"author":[{"embeddable":true,"href":"https:\/\/revistamaranhaoturismo.com\/index.php?rest_route=\/wp\/v2\/users\/1"}],"replies":[{"embeddable":true,"href":"https:\/\/revistamaranhaoturismo.com\/index.php?rest_route=%2Fwp%2Fv2%2Fcomments&post=2603"}],"version-history":[{"count":1,"href":"https:\/\/revistamaranhaoturismo.com\/index.php?rest_route=\/wp\/v2\/posts\/2603\/revisions"}],"predecessor-version":[{"id":2605,"href":"https:\/\/revistamaranhaoturismo.com\/index.php?rest_route=\/wp\/v2\/posts\/2603\/revisions\/2605"}],"wp:featuredmedia":[{"embeddable":true,"href":"https:\/\/revistamaranhaoturismo.com\/index.php?rest_route=\/wp\/v2\/media\/2604"}],"wp:attachment":[{"href":"https:\/\/revistamaranhaoturismo.com\/index.php?rest_route=%2Fwp%2Fv2%2Fmedia&parent=2603"}],"wp:term":[{"taxonomy":"category","embeddable":true,"href":"https:\/\/revistamaranhaoturismo.com\/index.php?rest_route=%2Fwp%2Fv2%2Fcategories&post=2603"},{"taxonomy":"post_tag","embeddable":true,"href":"https:\/\/revistamaranhaoturismo.com\/index.php?rest_route=%2Fwp%2Fv2%2Ftags&post=2603"}],"curies":[{"name":"wp","href":"https:\/\/api.w.org\/{rel}","templated":true}]}}