{"id":2609,"date":"2024-10-09T09:54:07","date_gmt":"2024-10-09T12:54:07","guid":{"rendered":"https:\/\/revistamaranhaoturismo.com\/?p=2609"},"modified":"2024-10-09T09:54:07","modified_gmt":"2024-10-09T12:54:07","slug":"associacao-comercial-do-maranhao-realiza-nesta-quarta-9-o-forum-da-mulher-empresaria","status":"publish","type":"post","link":"https:\/\/revistamaranhaoturismo.com\/?p=2609","title":{"rendered":"Associa\u00e7\u00e3o Comercial do Maranh\u00e3o realiza nesta quarta (9), o F\u00f3rum da Mulher Empres\u00e1ria"},"content":{"rendered":"<p style=\"text-align: justify;\"><span style=\"font-size: 14pt;\">Nesta quarta-feira, 9 de outubro, a Associa\u00e7\u00e3o Comercial do Maranh\u00e3o (ACM) realiza, a partir das 17h, o 22\u00ba F\u00f3rum da Mulher Empres\u00e1ria. O evento, que tem assinatura do Conselho da Mulher Empres\u00e1ria, o ACM Mulher, acontece no Blue Tree S\u00e3o Lu\u00eds, e tem como tema \u201cMulheres vencedoras: jornada de sucesso\u201d.<\/span><\/p>\n<p style=\"text-align: justify;\"><span style=\"font-size: 14pt;\">Para a presidente do ACM Mulher, a empres\u00e1ria Jacira Haickel, o F\u00f3rum, mais uma vez, ser\u00e1 uma oportunidade para que mulheres empreendedoras dialoguem sobre os desafios e prazeres de empreender no Brasil e de como elas podem, cada vez mais, ocupar espa\u00e7os de poder e lutar por pol\u00edticas que promovam equidade de g\u00eanero.<\/span><\/p>\n<p style=\"text-align: justify;\"><span style=\"font-size: 14pt;\"><em>\u201cAs \u00faltimas edi\u00e7\u00f5es do F\u00f3rum da Mulher Empres\u00e1ria se consagraram como eventos impactantes, transformadores e s\u00f3 quem tem a experi\u00eancia de estar neste evento do ACM Mulher sabe exatamente do que estamos falando, pois o f\u00f3rum \u00e9 uma verdadeira imers\u00e3o em conhecimento, de promo\u00e7\u00e3o de debates, networking e, claro, de conhecer de perto hist\u00f3rias\u00a0 inspiradoras de mulheres que s\u00e3o sucessos em suas \u00e1reas de atua\u00e7\u00e3o\u201d,<\/em>\u00a0observou Jacira Haickel.<\/span><\/p>\n<p style=\"text-align: justify;\"><span style=\"font-size: 14pt;\">O F\u00f3rum da Mulher Empres\u00e1ria deste ano contar\u00e1 com a participa\u00e7\u00e3o especial, para palestra m\u00e1ster, de Edna Vasselo Goldoni, uma voz vibrante do empreendedorismo feminino. Edna Goldoni, aos 63 anos, tem uma trajet\u00f3ria multifacetada que transita da biomedicina \u00e0s vendas e \u00e0 lideran\u00e7a de movimentos pelo protagonismo feminino, ela \u00e9 fundadora do Instituto Vasselo Goldoni e CEO da VG Desenvolvimento Humano, Edna tem liderado o \u201cEncontro com Mulheres de Sucesso\u201d por mais de uma d\u00e9cada, criando um espa\u00e7o onde mulheres inspiradoras compartilham suas jornadas, desafiando e redefinindo o que significa ser uma mulher de sucesso.<\/span><\/p>\n<h3 id=\"historias-que-inspiram\" class=\"rb-heading-index-2\" style=\"text-align: justify;\"><span style=\"font-size: 14pt;\">Hist\u00f3rias que inspiram<\/span><\/h3>\n<p style=\"text-align: justify;\"><span style=\"font-size: 14pt;\">Al\u00e9m dessa participa\u00e7\u00e3o de renome nacional, o F\u00f3rum da Mulher Empres\u00e1ria ter\u00e1 o painel \u201cElas lideram \u2013 hist\u00f3rias de sucesso e gest\u00e3o que inspiram\u201d, que tem entre suas convidadas, Isabela Murad, CEO e diretora criativa das empresas Z\u00e9 Pereira e Z\u00e9 Pereira Caf\u00e9 e do escrit\u00f3rio Isabela Murad Arquitetura; de T\u00e2nia Miyake,\u00a0engenheira de alimenta\u00e7\u00e3o e s\u00f3cia-administradora da Cervejaria D ona e tamb\u00e9m de Silvia Carvalho Nascimento e Silva, presidente do Instituto AVB, conselheira no Instituto A\u00e7o Brasil e vice-presidente do conselho de administra\u00e7\u00e3o da International Iron Metallics Association (IIMA).<\/span><\/p>\n<p style=\"text-align: justify;\"><span style=\"font-size: 14pt;\">O F\u00f3rum da Mulher Empres\u00e1ria tamb\u00e9m \u00e9 uma oportunidade de celebrar as empreendedoras do Maranh\u00e3o. O evento ainda ter\u00e1 o Trof\u00e9u \u201cMulher Not\u00e1vel\u201d, um reconhecimento \u00e0s mulheres, cujas trajet\u00f3rias impactam a sociedade e outras mulheres. Neste ano, quem sobe ao palco para receber a homenagem \u00e9 Jenilce Pav\u00e3o, CEO do Cemp Maranh\u00e3o e vencedora na Categoria Empresarial; Nelinha do Baba\u00e7u, do Projeto Baba\u00e7u, escolhida para a Categoria Inova\u00e7\u00e3o e Xarlene Mafra Colistet, empreendedora social e membro do Instituto Abra\u00e7ar, escolhida para a categoria Social.<\/span><\/p>\n<p style=\"text-align: justify;\"><span style=\"font-size: 14pt;\">De acordo com o presidente da Associa\u00e7\u00e3o Comercial do Maranh\u00e3o, o empres\u00e1rio Cristiano Barroso Fernandes, o F\u00f3rum da Mulher Empres\u00e1ria, culmina na celebra\u00e7\u00e3o do poder e da resili\u00eancia das mulheres maranhenses no mundo dos neg\u00f3cios.<em>\u00a0\u201cTemos a certeza de que, cada encontro em mais de 20 anos de F\u00f3rum, surge uma oportunidade de crescimento e de mostrar a for\u00e7a que a empreendedora tem quando est\u00e1 unida \u00e0s outras empreendedoras\u201d,<\/em>\u00a0observou o presidente.<\/span><\/p>\n<p style=\"text-align: justify;\"><span style=\"font-size: 14pt;\">A 22\u00aa edi\u00e7\u00e3o do F\u00f3rum da Mulher Empres\u00e1ria conta com o patroc\u00ednio do Governo do Maranh\u00e3o e Porto do Itaqui, Cimento Bravo, Blue Tree S\u00e3o Lu\u00eds Hotel, Central de Eventos, Compasso, Banco do Nordeste e Governo Federal, Grupo Original,\u00a0 Artex, AVB, Clara Gest\u00e3o de Ativos, Ragnatela, Multiplique Contabilidade, Alvorada Motos, El\u00e9trica Vis\u00e3o , Psiu, Alphaways e Bolsa Para Mulher. Apoio: Sesi, Senai e Fiema, Sebrae, Entre M\u00e3es, Luxo Natural, Simone Castilho Cerimonial, Gr\u00e1fica Minerva, Innovaeco e Fecom\u00e9rcio-MA<\/span><\/p>\n<p>&nbsp;<\/p>\n<p><em>Fonte: nedilsonmachado<\/em><\/p>\n","protected":false},"excerpt":{"rendered":"<p>Nesta quarta-feira, 9 de outubro, a Associa\u00e7\u00e3o Comercial do Maranh\u00e3o (ACM) realiza, a partir das 17h, o 22\u00ba F\u00f3rum da Mulher Empres\u00e1ria. O evento, que tem assinatura do Conselho da Mulher Empres\u00e1ria, o ACM Mulher, acontece no Blue Tree S\u00e3o Lu\u00eds, e tem como tema \u201cMulheres vencedoras: jornada de sucesso\u201d. Para a presidente do ACM [&hellip;]<\/p>\n","protected":false},"author":1,"featured_media":2610,"comment_status":"open","ping_status":"open","sticky":false,"template":"","format":"standard","meta":[],"categories":[1],"tags":[],"_links":{"self":[{"href":"https:\/\/revistamaranhaoturismo.com\/index.php?rest_route=\/wp\/v2\/posts\/2609"}],"collection":[{"href":"https:\/\/revistamaranhaoturismo.com\/index.php?rest_route=\/wp\/v2\/posts"}],"about":[{"href":"https:\/\/revistamaranhaoturismo.com\/index.php?rest_route=\/wp\/v2\/types\/post"}],"author":[{"embeddable":true,"href":"https:\/\/revistamaranhaoturismo.com\/index.php?rest_route=\/wp\/v2\/users\/1"}],"replies":[{"embeddable":true,"href":"https:\/\/revistamaranhaoturismo.com\/index.php?rest_route=%2Fwp%2Fv2%2Fcomments&post=2609"}],"version-history":[{"count":1,"href":"https:\/\/revistamaranhaoturismo.com\/index.php?rest_route=\/wp\/v2\/posts\/2609\/revisions"}],"predecessor-version":[{"id":2611,"href":"https:\/\/revistamaranhaoturismo.com\/index.php?rest_route=\/wp\/v2\/posts\/2609\/revisions\/2611"}],"wp:featuredmedia":[{"embeddable":true,"href":"https:\/\/revistamaranhaoturismo.com\/index.php?rest_route=\/wp\/v2\/media\/2610"}],"wp:attachment":[{"href":"https:\/\/revistamaranhaoturismo.com\/index.php?rest_route=%2Fwp%2Fv2%2Fmedia&parent=2609"}],"wp:term":[{"taxonomy":"category","embeddable":true,"href":"https:\/\/revistamaranhaoturismo.com\/index.php?rest_route=%2Fwp%2Fv2%2Fcategories&post=2609"},{"taxonomy":"post_tag","embeddable":true,"href":"https:\/\/revistamaranhaoturismo.com\/index.php?rest_route=%2Fwp%2Fv2%2Ftags&post=2609"}],"curies":[{"name":"wp","href":"https:\/\/api.w.org\/{rel}","templated":true}]}}