{"id":2613,"date":"2024-10-11T12:17:15","date_gmt":"2024-10-11T15:17:15","guid":{"rendered":"https:\/\/revistamaranhaoturismo.com\/?p=2613"},"modified":"2024-10-11T12:31:43","modified_gmt":"2024-10-11T15:31:43","slug":"a-prefeitura-de-sao-luis-por-intermedio-da-secretaria-municipal-turismo-promove-o-destino-sao-luis-na-italia","status":"publish","type":"post","link":"https:\/\/revistamaranhaoturismo.com\/?p=2613","title":{"rendered":"A Prefeitura de S\u00e3o Lu\u00eds,  por interm\u00e9dio da Secretaria Municipal de Turismo, promove o destino S\u00e3o Lu\u00eds na It\u00e1lia"},"content":{"rendered":"<p style=\"text-align: justify;\"><span style=\"font-size: 14pt;\">A Prefeitura de S\u00e3o Lu\u00eds marca presen\u00e7a na TTG Travel Experience 2024, o principal evento de turismo de lazer da It\u00e1lia, realizado em Rimini, de 9 a 11 de outubro.<\/span><\/p>\n<p style=\"text-align: justify;\"><span style=\"font-size: 14pt;\">Um stand da Secretaria de Turismo de S\u00e3o Lu\u00eds foi montado para promover a capital maranhense e o seu rico acervo hist\u00f3rico e diversificada cultura, com foco na diversidade e sustentabilidade.<\/span><\/p>\n<p><a href=\"https:\/\/revistamaranhaoturismo.com\/a-prefeitura-de-sao-luis-por-intermedio-da-secretaria-municipal-turismo-promove-o-destino-sao-luis-na-italia\/kjgjhghjg\/\" rel=\"attachment wp-att-2617\"><img decoding=\"async\" loading=\"lazy\" class=\"aligncenter size-full wp-image-2617\" src=\"https:\/\/revistamaranhaoturismo.com\/wp-content\/uploads\/2024\/10\/kjgjhghjg.webp\" alt=\"\" width=\"568\" height=\"426\" data-wp-pid=\"2617\" srcset=\"https:\/\/revistamaranhaoturismo.com\/wp-content\/uploads\/2024\/10\/kjgjhghjg.webp 568w, https:\/\/revistamaranhaoturismo.com\/wp-content\/uploads\/2024\/10\/kjgjhghjg-300x225.webp 300w\" sizes=\"(max-width: 568px) 100vw, 568px\" \/><\/a><\/p>\n<p style=\"text-align: justify;\"><span style=\"font-size: 14pt;\">A participa\u00e7\u00e3o de S\u00e3o Lu\u00eds na TTG Travel Experience \u00e9 essencial para incrementar a sua visibilidade internacional e estabelecer uma aut\u00eantica conex\u00e3o com a sua hist\u00f3ria e cultura.<\/span><\/p>\n<p style=\"text-align: justify;\"><span style=\"font-size: 14pt;\">O secret\u00e1rio de Turismo de S\u00e3o Lu\u00eds, Saulo Santos, pontuou que a participa\u00e7\u00e3o da Setur na TTG Travel Experience 2024 visa destacar os principais atrativos da capital maranhense e sua cultura aut\u00eantica.<\/span><\/p>\n<p style=\"text-align: justify;\"><span style=\"font-size: 14pt;\">\u201cA presen\u00e7a de S\u00e3o Lu\u00eds na feira \u00e9 um convite aos europeus para descobrirem o destino maranhense, que oferece uma rica variedade de experi\u00eancias culturais e gastron\u00f4micas\u201d, refletiu Saulo Santos.<\/span><\/p>\n<p><a href=\"https:\/\/revistamaranhaoturismo.com\/a-prefeitura-de-sao-luis-por-intermedio-da-secretaria-municipal-turismo-promove-o-destino-sao-luis-na-italia\/kukhjhkjhkjh\/\" rel=\"attachment wp-att-2616\"><img decoding=\"async\" loading=\"lazy\" class=\"aligncenter size-full wp-image-2616\" src=\"https:\/\/revistamaranhaoturismo.com\/wp-content\/uploads\/2024\/10\/kukhjhkjhkjh.webp\" alt=\"\" width=\"568\" height=\"426\" data-wp-pid=\"2616\" srcset=\"https:\/\/revistamaranhaoturismo.com\/wp-content\/uploads\/2024\/10\/kukhjhkjhkjh.webp 568w, https:\/\/revistamaranhaoturismo.com\/wp-content\/uploads\/2024\/10\/kukhjhkjhkjh-300x225.webp 300w\" sizes=\"(max-width: 568px) 100vw, 568px\" \/><\/a><\/p>\n<p style=\"text-align: justify;\"><span style=\"font-size: 14pt;\">Para o secret\u00e1rio, com influ\u00eancias ind\u00edgenas, africanas e europeias, \u201ca cidade de S\u00e3o Lu\u00eds se destaca por sua pluralidade cultural e sabores \u00fanicos, tornando-se um destino atraente para turistas que buscam uma imers\u00e3o em tradi\u00e7\u00f5es aut\u00eanticas e sustent\u00e1veis\u201d.<\/span><\/p>\n<p style=\"text-align: justify;\"><span style=\"font-size: 14pt;\">A feira se reveste em uma oportunidade estrat\u00e9gica para o turismo ludovicense se conectar com o trade tur\u00edstico europeu, destacando o patrim\u00f4nio cultural e natural da cidade, que inclui o centro hist\u00f3rico tombado pela Unesco e suas belezas naturais.<\/span><\/p>\n<p><em>Fotos cedidas pela Setur SLZ\/ Divulga\u00e7\u00e3o<\/em><\/p>\n","protected":false},"excerpt":{"rendered":"<p>A Prefeitura de S\u00e3o Lu\u00eds marca presen\u00e7a na TTG Travel Experience 2024, o principal evento de turismo de lazer da It\u00e1lia, realizado em Rimini, de 9 a 11 de outubro. Um stand da Secretaria de Turismo de S\u00e3o Lu\u00eds foi montado para promover a capital maranhense e o seu rico acervo hist\u00f3rico e diversificada cultura, [&hellip;]<\/p>\n","protected":false},"author":1,"featured_media":2621,"comment_status":"open","ping_status":"open","sticky":false,"template":"","format":"standard","meta":[],"categories":[1],"tags":[],"_links":{"self":[{"href":"https:\/\/revistamaranhaoturismo.com\/index.php?rest_route=\/wp\/v2\/posts\/2613"}],"collection":[{"href":"https:\/\/revistamaranhaoturismo.com\/index.php?rest_route=\/wp\/v2\/posts"}],"about":[{"href":"https:\/\/revistamaranhaoturismo.com\/index.php?rest_route=\/wp\/v2\/types\/post"}],"author":[{"embeddable":true,"href":"https:\/\/revistamaranhaoturismo.com\/index.php?rest_route=\/wp\/v2\/users\/1"}],"replies":[{"embeddable":true,"href":"https:\/\/revistamaranhaoturismo.com\/index.php?rest_route=%2Fwp%2Fv2%2Fcomments&post=2613"}],"version-history":[{"count":4,"href":"https:\/\/revistamaranhaoturismo.com\/index.php?rest_route=\/wp\/v2\/posts\/2613\/revisions"}],"predecessor-version":[{"id":2620,"href":"https:\/\/revistamaranhaoturismo.com\/index.php?rest_route=\/wp\/v2\/posts\/2613\/revisions\/2620"}],"wp:featuredmedia":[{"embeddable":true,"href":"https:\/\/revistamaranhaoturismo.com\/index.php?rest_route=\/wp\/v2\/media\/2621"}],"wp:attachment":[{"href":"https:\/\/revistamaranhaoturismo.com\/index.php?rest_route=%2Fwp%2Fv2%2Fmedia&parent=2613"}],"wp:term":[{"taxonomy":"category","embeddable":true,"href":"https:\/\/revistamaranhaoturismo.com\/index.php?rest_route=%2Fwp%2Fv2%2Fcategories&post=2613"},{"taxonomy":"post_tag","embeddable":true,"href":"https:\/\/revistamaranhaoturismo.com\/index.php?rest_route=%2Fwp%2Fv2%2Ftags&post=2613"}],"curies":[{"name":"wp","href":"https:\/\/api.w.org\/{rel}","templated":true}]}}