{"id":2625,"date":"2024-10-17T18:28:46","date_gmt":"2024-10-17T21:28:46","guid":{"rendered":"https:\/\/revistamaranhaoturismo.com\/?p=2625"},"modified":"2024-10-17T18:45:43","modified_gmt":"2024-10-17T21:45:43","slug":"turismo-de-experiencia-cresce-no-brasil-e-abre-novos-mercados-para-os-pequenos-negocios","status":"publish","type":"post","link":"https:\/\/revistamaranhaoturismo.com\/?p=2625","title":{"rendered":"Turismo de experi\u00eancia cresce no Brasil e abre novos mercados para os pequenos neg\u00f3cios"},"content":{"rendered":"<p style=\"text-align: justify;\"><span style=\"font-size: 14pt;\">O turismo de experi\u00eancia j\u00e1 \u00e9 o respons\u00e1vel por aproximadamente 60% do faturamento dos pequenos neg\u00f3cios da ind\u00fastria do turismo no Brasil. <span style=\"color: #000000;\">\u00c9 o que aponta uma pesquisa do Sebrae e do TRVL LAB, laborat\u00f3rio de intelig\u00eancia de mercado em viagens. Segundo o levantamento, as experi\u00eancias vivenciadas em uma viagem s\u00e3o a maior motiva\u00e7\u00e3o de praticamente 9 em cada 10 turistas brasileira.<\/span>\u00a0O contato com a natureza e o ecoturismo est\u00e3o entre os maiores interesses desse p\u00fablico (57%) e quase 70% buscam por momentos de relaxamento.<\/span><\/p>\n<p style=\"text-align: justify;\"><span style=\"font-size: 14pt;\">Segundo a analista de Competitividade do Sebrae Germana Magalh\u00e3es, o Brasil tem muito a ganhar com o fortalecimento desse perfil do turista nacional e estrangeiro. Ela destaca que o levantamento do Sebrae mostra que o brasileiro est\u00e1 sintonizado com o comportamento do mercado global, que tem registrado um crescimento expressivo do turismo de experi\u00eancia.<\/span><\/p>\n<blockquote><p><span style=\"font-size: 14pt;\"><strong>Motivado principalmente pelo impacto do per\u00edodo de isolamento social gerado pela pandemia, o ato de viajar se fortaleceu como uma atividade explorat\u00f3ria, com foco em experi\u00eancias para se aproveitar o melhor de cada lugar. Essa atitude tornou-se fator determinante para a escolha, inclusive, dos\u00a0<span class=\"quote-end\">destinos.<\/span><\/strong><\/span><\/p>\n<p><span style=\"font-size: 14pt;\">Germana Magalh\u00e3es, analista de Competitividade do Sebrae<\/span><\/p>\n<p><span style=\"font-size: 14pt;\">&#8211;<\/span><\/p><\/blockquote>\n<p style=\"text-align: justify;\"><span style=\"font-size: 14pt;\">\u201cAl\u00e9m de termos um pa\u00eds rico e diverso, que oferece atrativos que v\u00e3o da floresta Amaz\u00f4nica \u00e0s praias, do Pantanal \u00e0s serras ga\u00fachas, temos tamb\u00e9m um povo com uma cultura \u00fanica\u201d, acrescenta a especialista. Dados do Sebrae mostram que o ecoturismo j\u00e1 \u00e9 ofertado em 66% das empresas dessa ind\u00fastria e que a busca pelo turismo de experi\u00eancia vem crescendo na ordem de 30% ao ano.<\/span><\/p>\n<p style=\"text-align: justify;\"><span style=\"font-size: 14pt;\"><strong>A for\u00e7a do pequeno neg\u00f3cio<\/strong><\/span><\/p>\n<p style=\"text-align: justify;\"><span style=\"font-size: 14pt;\">O presidente do Sebrae Nacional, D\u00e9cio Lima, lembra que a ind\u00fastria do turismo \u00e9 uma das atividades econ\u00f4micas que mais contribui para a descentraliza\u00e7\u00e3o de renda porque envolve uma ampla cadeia de setores e profissionais, criando oportunidades em diversas \u00e1reas e localidades. Desde grandes redes de hotelaria, empresas de transporte, at\u00e9 restaurantes e com\u00e9rcios locais, o turismo gera empregos e renda em regi\u00f5es que, muitas vezes, dependem dessa atividade como principal fonte de recursos.<\/span><\/p>\n<blockquote><p><span style=\"font-size: 14pt;\"><strong>Ao atrair visitantes, o turismo dinamiza a economia de cidades e regi\u00f5es, incentivando o crescimento de neg\u00f3cios e proporcionando a cria\u00e7\u00e3o de empregos diretos e indiretos. Al\u00e9m disso, o turismo beneficia de forma significativa profissionais aut\u00f4nomos, como guias tur\u00edsticos, artes\u00e3os, vendedores de produtos locais e prestadores de servi\u00e7os, que encontram no fluxo de turistas uma clientela diversificada e em constante\u00a0<span class=\"quote-end\">renova\u00e7\u00e3o.<\/span><\/strong><\/span><\/p>\n<p><span style=\"font-size: 14pt;\">D\u00e9cio Lima, presidente do Sebrae Nacional.<\/span><\/p><\/blockquote>\n<p style=\"text-align: justify;\"><span style=\"font-size: 14pt;\">Para o Sebrae, o turismo de aventura ou turismo de experi\u00eancia potencializa ainda mais essa descentraliza\u00e7\u00e3o de renda, ao atrair um perfil de viajante disposto a explorar locais menos convencionais, como \u00e1reas rurais, montanhas, florestas e pequenas comunidades. \u201cEsse tipo de turismo valoriza o contato com a natureza, a cultura local e as tradi\u00e7\u00f5es, criando oportunidades para o desenvolvimento sustent\u00e1vel das pequenas localidades. Ao incentivar o consumo de servi\u00e7os e produtos aut\u00eanticos e locais, essa modalidade de turismo fortalece economias regionais, diversifica as atividades econ\u00f4micas e gera impacto positivo na renda e na infraestrutura das regi\u00f5es visitadas, contribuindo para o crescimento do pa\u00eds de forma mais equilibrada e inclusiva\u201d, conclui D\u00e9cio Lima.<\/span><\/p>\n<p style=\"text-align: justify;\"><span style=\"font-size: 14pt;\"><strong>Destinos Tur\u00edsticos Inteligentes<\/strong><\/span><\/p>\n<p style=\"text-align: justify;\"><span style=\"font-size: 14pt;\">O Sebrae desenvolve o Programa Turismo Futuro Brasil em 12 munic\u00edpios brasileiros, por meio de uma parceria com o Banco Interamericano de Desenvolvimento (BID). As cidades de Belo Horizonte (MG), Piren\u00f3polis (GO), Novo Air\u00e3o (AM), S\u00e3o Lu\u00eds (MA), Bel\u00e9m (PA), Bombinhas (SC), Bonito (MS), Ilhabela (SP), Paraty (RJ), Curitiba (PR), Recife (PE) e Penedo (AL) s\u00e3o alvo dessa iniciativa que tem como objetivo fomentar as diretrizes do Destino Tur\u00edstico Inteligente (DTI), como acessibilidade, sustentabilidade, inova\u00e7\u00e3o, tecnologia, criatividade, entre outros.<\/span><\/p>\n<p style=\"text-align: justify;\"><span style=\"font-size: 14pt;\">As cidades selecionadas est\u00e3o recebendo o apoio de uma consultoria externa que, em parceria com representantes dos setores p\u00fablico e privado e do terceiro setor desses munic\u00edpios, est\u00e1 desenhando ou atualizando estrat\u00e9gias de desenvolvimento tur\u00edstico.<\/span><\/p>\n<p style=\"text-align: justify;\"><span style=\"font-size: 14pt;\">Como parte da iniciativa est\u00e3o sendo constru\u00eddos planos operacionais para colocar essas estrat\u00e9gias em pr\u00e1tica, priorizando as a\u00e7\u00f5es para cada etapa. Al\u00e9m disso, as a\u00e7\u00f5es mais relevantes contar\u00e3o com o apoio na fase de implementa\u00e7\u00e3o. Todo o trabalho ser\u00e1 uma constru\u00e7\u00e3o conjunta com as cidades, para que as a\u00e7\u00f5es de fato atendam \u00e0s diferentes realidades locais e tenham continuidade ao longo do tempo.<\/span><\/p>\n<p style=\"text-align: justify;\"><span style=\"font-size: 14pt;\">Conhe\u00e7a algumas das boas pr\u00e1ticas desenvolvidas com o apoio do Sebrae:<\/span><\/p>\n<div id=\"attachment_26272\" class=\"wp-caption alignleft\" style=\"text-align: justify; width: 774px;\">\n<figure id=\"attachment_26272\" aria-describedby=\"caption-attachment-26272\" style=\"width: 774px\" class=\"wp-caption alignleft\"><img decoding=\"async\" loading=\"lazy\" class=\"wp-image-26272\" src=\"https:\/\/agenciasebrae.com.br\/wp-content\/uploads\/2024\/10\/Museu-de-Gastronomia-de-Sao-Luis.jpg\" alt=\"\" width=\"774\" height=\"470\" \/><figcaption id=\"caption-attachment-26272\" class=\"wp-caption-text\">Museu de Gastronomia de S\u00e3o Lu\u00eds. Foto: Prefeitura de S\u00e3o Lu\u00eds.<\/figcaption><\/figure>\n<\/div>\n<p style=\"text-align: justify;\"><span style=\"font-size: 14pt;\"><strong>S\u00e3o Lu\u00eds (MA)<\/strong><\/span><span style=\"font-size: 14pt;\">A introdu\u00e7\u00e3o de audioguias nos atrativos tur\u00edsticos Museu da Gastronomia Maranhense e do Mirante da Cidade proporciona aos visitantes uma experi\u00eancia enriquecedora, permitindo-lhes explorar as hist\u00f3rias e contextos desses locais. Essa inova\u00e7\u00e3o amplia a acessibilidade, atendendo a diversos p\u00fablicos, e destaca o compromisso com a democratiza\u00e7\u00e3o da cultura e do patrim\u00f4nio.<\/span><\/p>\n<p style=\"text-align: justify;\"><span style=\"font-size: 14pt;\"><strong>Bombinhas (SC)<\/strong><\/span><\/p>\n<p style=\"text-align: justify;\"><span style=\"font-size: 14pt;\">A cidade conquistou o pr\u00eamio ambiental Bandeira Azul, que \u00e9 concedido para praias que atendem crit\u00e9rios de qualidade da \u00e1gua, educa\u00e7\u00e3o ambiental, seguran\u00e7a e gest\u00e3o ambiental. Esse reconhecimento garante praias limpas, seguras e com infraestrutura adequada para o turismo sustent\u00e1vel.<\/span><\/p>\n<p style=\"text-align: justify;\"><span style=\"font-size: 14pt;\"><strong>Bonito (MS)<\/strong><\/span><\/p>\n<p style=\"text-align: justify;\"><span style=\"font-size: 14pt;\">Bonito, destino de ecoturismo reconhecido internacionalmente, alcan\u00e7ou a Certifica\u00e7\u00e3o de Carbono Neutro como resultado do compromisso da comunidade local e do trade tur\u00edstico na conscientiza\u00e7\u00e3o ambiental e redu\u00e7\u00e3o das emiss\u00f5es de carbono. A iniciativa busca enfrentar as mudan\u00e7as clim\u00e1ticas, preservar o ambiente natural e melhorar a qualidade de vida da popula\u00e7\u00e3o.<\/span><\/p>\n<div id=\"attachment_26273\" class=\"wp-caption alignnone\" style=\"text-align: justify;\"><span style=\"font-size: 14pt;\"><img decoding=\"async\" loading=\"lazy\" class=\"wp-image-26273 size-full\" src=\"https:\/\/agenciasebrae.com.br\/wp-content\/uploads\/2024\/10\/00396401.jpg\" alt=\"\" width=\"800\" height=\"533\" \/>Curta Curitiba Na Palma da M\u00e3o, miniaturas de atrativos de Curitiba. Foto: Hully Paiva\/SMCS<\/span><\/div>\n<p style=\"text-align: justify;\"><span style=\"font-size: 14pt;\"><strong>Curitiba (PR)<\/strong><\/span><\/p>\n<p style=\"text-align: justify;\"><span style=\"font-size: 14pt;\">O projeto\u00a0<a href=\"https:\/\/www.curitiba.pr.gov.br\/servicos\/turismo-com-acessibilidade-e-na-palma-da-mao\/862\" target=\"_blank\" rel=\"noopener\">Curta Curitiba na Palma da M\u00e3o<\/a>\u00a0torna a cidade acess\u00edvel para pessoas com defici\u00eancia visual, oferecendo miniaturas t\u00e1teis dos principais pontos tur\u00edsticos e informa\u00e7\u00f5es em \u00e1udio. A iniciativa est\u00e1 dispon\u00edvel para guias tur\u00edsticos e pessoas com defici\u00eancia. Os kits podem ser solicitados on-line ou retirados nos locais designados, incluindo miniaturas e informa\u00e7\u00f5es.<\/span><\/p>\n<p style=\"text-align: justify;\"><span style=\"font-size: 14pt;\">Mais n\u00fameros da pesquisa do Sebrae sobre o Turismo de Experi\u00eancia:<\/span><\/p>\n<ul style=\"text-align: justify;\">\n<li><span style=\"font-size: 14pt;\">\u00a042% viajam com companheiro e filhos;<\/span><\/li>\n<li><span style=\"font-size: 14pt;\">86% dizem que as experi\u00eancias s\u00e3o o aspecto mais importante da viagem;<\/span><\/li>\n<li><span style=\"font-size: 14pt;\">63% realizam passeios a p\u00e9 pela cidade durante as suas viagens;<\/span><\/li>\n<li><span style=\"font-size: 14pt;\">57% est\u00e3o conectados com passeios pela natureza ou de ecoturismo;<\/span><\/li>\n<li><span style=\"font-size: 14pt;\">67% querem vivenciar momentos de relaxamento;<\/span><\/li>\n<li><span style=\"font-size: 14pt;\">77% utilizam o Instagram como principal plataforma para descobrir a experi\u00eancia pela primeira vez;<\/span><\/li>\n<li><span style=\"font-size: 14pt;\">52% pesquisam por experi\u00eancias ao mesmo tempo em que buscam por voos e ou hospedagem;<\/span><\/li>\n<li><span style=\"font-size: 14pt;\">46% realizam a reserva ou compra das experi\u00eancias ao mesmo tempo em que pesquisam por voos e \/ou hospedagem;<\/span><\/li>\n<li><span style=\"font-size: 14pt;\">56% utilizaram sites e aplicativos de ag\u00eancias de viagens on-line para compra ou reserva de experi\u00eancias;<\/span><\/li>\n<li><span style=\"font-size: 14pt;\">R$ 5 mil \u00e9 a estimativa de gastos em experi\u00eancia para 35% dos entrevistados;<\/span><\/li>\n<li><span style=\"font-size: 14pt;\">70% utilizam o cart\u00e3o de cr\u00e9dito ou d\u00e9bito como principal forma de pagamento.<\/span><\/li>\n<\/ul>\n<p style=\"text-align: justify;\"><span style=\"font-size: 14pt;\"><strong>Compre do Pequeno<\/strong><\/span><\/p>\n<p style=\"text-align: justify;\"><span style=\"font-size: 14pt;\">No m\u00eas em que o pa\u00eds comemora o Dia da Micro e Pequena Empresa \u2013 celebrado em 5 de outubro \u2013, o Sebrae realiza uma ampla mobiliza\u00e7\u00e3o para conscientizar a sociedade brasileira sobre a import\u00e2ncia dos pequenos neg\u00f3cios para a economia e para a vida da popula\u00e7\u00e3o. O movimento \u201cCompre do Pequeno\u201d busca incentivar as pessoas para o consumo consciente, priorizando as micro e pequenas empresas no momento da compra. O Sebrae acredita que, desse modo, cada brasileiro est\u00e1 dando a sua contribui\u00e7\u00e3o para movimentar a economia, contribuindo com a gera\u00e7\u00e3o de empregos e com o desenvolvimento sustent\u00e1vel das pequenas\u00a0comunidades.<\/span><\/p>\n<p style=\"text-align: justify;\"><span style=\"font-size: 14pt;\">\u201cOs donos de pequenos neg\u00f3cios s\u00e3o a for\u00e7a que impulsiona o Brasil e s\u00e3o parte importante do sucesso da nossa economia, que est\u00e1 entre as mais pujantes do mundo\u201d, comenta o presidente do Sebrae, D\u00e9cio Lima. \u201cPor esse motivo, o Sebrae elegeu o m\u00eas de outubro \u2013 quando se comemora o Dia Nacional da Micro e Pequena empresa \u2013 para conscientizar o consumidor brasileiro sobre a import\u00e2ncia de valorizar os pequenos neg\u00f3cios no momento da compra de um produto ou servi\u00e7o\u201d, acrescenta.<\/span><\/p>\n<p>&nbsp;<\/p>\n<p><em>Fonte: https:\/\/agenciasebrae.com.br\/<\/em><\/p>\n","protected":false},"excerpt":{"rendered":"<p>O turismo de experi\u00eancia j\u00e1 \u00e9 o respons\u00e1vel por aproximadamente 60% do faturamento dos pequenos neg\u00f3cios da ind\u00fastria do turismo no Brasil. \u00c9 o que aponta uma pesquisa do Sebrae e do TRVL LAB, laborat\u00f3rio de intelig\u00eancia de mercado em viagens. Segundo o levantamento, as experi\u00eancias vivenciadas em uma viagem s\u00e3o a maior motiva\u00e7\u00e3o de [&hellip;]<\/p>\n","protected":false},"author":1,"featured_media":2626,"comment_status":"open","ping_status":"open","sticky":false,"template":"","format":"standard","meta":[],"categories":[1],"tags":[],"_links":{"self":[{"href":"https:\/\/revistamaranhaoturismo.com\/index.php?rest_route=\/wp\/v2\/posts\/2625"}],"collection":[{"href":"https:\/\/revistamaranhaoturismo.com\/index.php?rest_route=\/wp\/v2\/posts"}],"about":[{"href":"https:\/\/revistamaranhaoturismo.com\/index.php?rest_route=\/wp\/v2\/types\/post"}],"author":[{"embeddable":true,"href":"https:\/\/revistamaranhaoturismo.com\/index.php?rest_route=\/wp\/v2\/users\/1"}],"replies":[{"embeddable":true,"href":"https:\/\/revistamaranhaoturismo.com\/index.php?rest_route=%2Fwp%2Fv2%2Fcomments&post=2625"}],"version-history":[{"count":4,"href":"https:\/\/revistamaranhaoturismo.com\/index.php?rest_route=\/wp\/v2\/posts\/2625\/revisions"}],"predecessor-version":[{"id":2630,"href":"https:\/\/revistamaranhaoturismo.com\/index.php?rest_route=\/wp\/v2\/posts\/2625\/revisions\/2630"}],"wp:featuredmedia":[{"embeddable":true,"href":"https:\/\/revistamaranhaoturismo.com\/index.php?rest_route=\/wp\/v2\/media\/2626"}],"wp:attachment":[{"href":"https:\/\/revistamaranhaoturismo.com\/index.php?rest_route=%2Fwp%2Fv2%2Fmedia&parent=2625"}],"wp:term":[{"taxonomy":"category","embeddable":true,"href":"https:\/\/revistamaranhaoturismo.com\/index.php?rest_route=%2Fwp%2Fv2%2Fcategories&post=2625"},{"taxonomy":"post_tag","embeddable":true,"href":"https:\/\/revistamaranhaoturismo.com\/index.php?rest_route=%2Fwp%2Fv2%2Ftags&post=2625"}],"curies":[{"name":"wp","href":"https:\/\/api.w.org\/{rel}","templated":true}]}}