{"id":2632,"date":"2024-10-21T14:52:29","date_gmt":"2024-10-21T17:52:29","guid":{"rendered":"https:\/\/revistamaranhaoturismo.com\/?p=2632"},"modified":"2024-10-21T14:53:08","modified_gmt":"2024-10-21T17:53:08","slug":"marta-rossi-criadora-da-feira-internacional-de-turismo-de-gramado-rs-conhecida-por-suas-iniciativas-inovadoras-em-sustentabilidade-no-setor-e-o-festuris-conquistam-premio-internacional-de-turismo-s","status":"publish","type":"post","link":"https:\/\/revistamaranhaoturismo.com\/?p=2632","title":{"rendered":"Marta Rossi, criadora da Feira Internacional de Turismo de Gramado\/RS, conhecida por suas iniciativas inovadoras em sustentabilidade no setor, e o Festuris conquistam Pr\u00eamio Internacional de Turismo Sustent\u00e1vel"},"content":{"rendered":"<p style=\"text-align: justify;\"><span style=\"font-size: 14pt;\">A empres\u00e1ria gramadense Marta Rossi, fundadora da Rossi e Zorzanello de Gramado\/RS, ganhou o pr\u00eamio \u201cBoas Pr\u00e1ticas em Turismo Sustent\u00e1vel e ODS Rumo a uma Gera\u00e7\u00e3o de Igualdade\u201d, que est\u00e1 em sua terceira edi\u00e7\u00e3o. O concurso \u00e9 promovido pela Federa\u00e7\u00e3o Internacional de Associa\u00e7\u00f5es de Executivas de Empresas Tur\u00edsticas (FIASEET).<\/span><\/p>\n<p style=\"text-align: justify;\"><span style=\"font-size: 14pt;\">A divulga\u00e7\u00e3o do resultado ocorreu nesta semana, durante o congresso da entidade que acontece at\u00e9 dia 18, na Rep\u00fablica Dominicana. O Festuris \u2013 Feira Internacional de Turismo de Gramado, evento que ela organiza, tamb\u00e9m conquistou o primeiro lugar na categoria Associada.<\/span><\/p>\n<p style=\"text-align: justify;\"><span style=\"font-size: 14pt;\">Marta, respons\u00e1vel por eventos importantes na cidade de Gramado, foi premiada por suas pr\u00e1ticas que promovem o desenvolvimento sustent\u00e1vel nas esferas econ\u00f4mica, ambiental e sociocultural. Em termos econ\u00f4micos, a Rossi e Zorzanello \u00e9 respons\u00e1vel por marcas como o Festuris Gramado e o Connection Terroirs do Brasil, al\u00e9m do extinto Chocofest.<\/span><\/p>\n<p style=\"text-align: justify;\"><span style=\"font-size: 14pt;\">Com o Festuris, no ano passado, a economia local e regional teve um impacto de cerca de R$ 50 milh\u00f5es. Em neg\u00f3cios durante a Feira, a estimativa \u00e9 de que foram gerados mais de R$ 400 milh\u00f5es.<\/span><\/p>\n<p style=\"text-align: justify;\"><span style=\"font-size: 14pt;\">Na \u00e1rea ambiental, o Festuris \u00e9 pioneiro no debate e proposi\u00e7\u00e3o de alternativas para a sustentabilidade no turismo. Uma das a\u00e7\u00f5es realizadas \u00e9 a \u00c1rvore da Integra\u00e7\u00e3o, que envolve o plantio de uma arauc\u00e1ria no p\u00e1tio do Centro de Eventos. A iniciativa tamb\u00e9m inclui a distribui\u00e7\u00e3o de mudas e pr\u00e1ticas como a redu\u00e7\u00e3o do uso de pl\u00e1sticos durante o evento, bem como a separa\u00e7\u00e3o de res\u00edduos e a destina\u00e7\u00e3o correta.<\/span><\/p>\n<p style=\"text-align: justify;\"><span style=\"font-size: 14pt;\">No \u00e2mbito social, Marta Rossi, por meio da Rossi e Zorzanello, apoia mensalmente o Selo Empresa Amiga da APAE. Durante o Festuris, a Associa\u00e7\u00e3o de Pais e Amigos dos Excepcionais e a Associa\u00e7\u00e3o Materna de Apoio e Empreendedorismo recebem apoio. A Escola Municipal Vicente Casagrande tamb\u00e9m \u00e9 contemplada com recursos oriundos do Transporte Solid\u00e1rio, que oferece transfer do aeroporto at\u00e9 Gramado durante o evento. Atividades envolvendo o PAMA e a Semearhis tamb\u00e9m s\u00e3o realizadas.<\/span><\/p>\n<p style=\"text-align: justify;\"><span style=\"font-size: 14pt;\">\u201cN\u00e3o almejamos premia\u00e7\u00f5es, mas o bem-estar das nossas comunidades. Reconhecimentos como este nos orgulham e mostram que estamos no caminho certo\u201d, destaca Marta Rossi.<\/span><\/p>\n<p style=\"text-align: justify;\"><span style=\"font-size: 14pt;\">A Federa\u00e7\u00e3o foi criada no M\u00e9xico em 1980, e possui atua\u00e7\u00e3o em 10 pa\u00edses: Brasil, Espanha, Argentina, Uruguai, Paraguai, Chile, Peru, Rep\u00fablica Dom\u00ednio, Panam\u00e1 e M\u00e9xico. A participa\u00e7\u00e3o neste concurso foi uma indica\u00e7\u00e3o da Associa\u00e7\u00e3o Federativa de Executivas de Empresas de Turismo (AFEET), que atua no Brasil h\u00e1 41 anos.<\/span><\/p>\n<p style=\"text-align: justify;\"><span style=\"font-size: 14pt;\">SOBRE O FESTURIS &#8211; O Festuris &#8211; Feira Internacional de Turismo \u00e9 um evento que acontece em Gramado desde 1989. \u00c9 um palco de debates de temas relevantes da atualidade e uma feira de neg\u00f3cios, considerada a mais efetiva em resultados para os expositores. Para este ano, o Festuris estima um crescimento entre 10% e 15%, com mais de 400 estandes na feira e mais de 50 destinos internacionais. Mais de 2.500 marcas devem participar.<\/span><\/p>\n<p>&nbsp;<\/p>\n<p><em>Fonte: blogdojornalistaarnaldomoreira<\/em><\/p>\n","protected":false},"excerpt":{"rendered":"<p>A empres\u00e1ria gramadense Marta Rossi, fundadora da Rossi e Zorzanello de Gramado\/RS, ganhou o pr\u00eamio \u201cBoas Pr\u00e1ticas em Turismo Sustent\u00e1vel e ODS Rumo a uma Gera\u00e7\u00e3o de Igualdade\u201d, que est\u00e1 em sua terceira edi\u00e7\u00e3o. O concurso \u00e9 promovido pela Federa\u00e7\u00e3o Internacional de Associa\u00e7\u00f5es de Executivas de Empresas Tur\u00edsticas (FIASEET). A divulga\u00e7\u00e3o do resultado ocorreu nesta [&hellip;]<\/p>\n","protected":false},"author":1,"featured_media":2633,"comment_status":"open","ping_status":"open","sticky":false,"template":"","format":"standard","meta":[],"categories":[1],"tags":[],"_links":{"self":[{"href":"https:\/\/revistamaranhaoturismo.com\/index.php?rest_route=\/wp\/v2\/posts\/2632"}],"collection":[{"href":"https:\/\/revistamaranhaoturismo.com\/index.php?rest_route=\/wp\/v2\/posts"}],"about":[{"href":"https:\/\/revistamaranhaoturismo.com\/index.php?rest_route=\/wp\/v2\/types\/post"}],"author":[{"embeddable":true,"href":"https:\/\/revistamaranhaoturismo.com\/index.php?rest_route=\/wp\/v2\/users\/1"}],"replies":[{"embeddable":true,"href":"https:\/\/revistamaranhaoturismo.com\/index.php?rest_route=%2Fwp%2Fv2%2Fcomments&post=2632"}],"version-history":[{"count":2,"href":"https:\/\/revistamaranhaoturismo.com\/index.php?rest_route=\/wp\/v2\/posts\/2632\/revisions"}],"predecessor-version":[{"id":2635,"href":"https:\/\/revistamaranhaoturismo.com\/index.php?rest_route=\/wp\/v2\/posts\/2632\/revisions\/2635"}],"wp:featuredmedia":[{"embeddable":true,"href":"https:\/\/revistamaranhaoturismo.com\/index.php?rest_route=\/wp\/v2\/media\/2633"}],"wp:attachment":[{"href":"https:\/\/revistamaranhaoturismo.com\/index.php?rest_route=%2Fwp%2Fv2%2Fmedia&parent=2632"}],"wp:term":[{"taxonomy":"category","embeddable":true,"href":"https:\/\/revistamaranhaoturismo.com\/index.php?rest_route=%2Fwp%2Fv2%2Fcategories&post=2632"},{"taxonomy":"post_tag","embeddable":true,"href":"https:\/\/revistamaranhaoturismo.com\/index.php?rest_route=%2Fwp%2Fv2%2Ftags&post=2632"}],"curies":[{"name":"wp","href":"https:\/\/api.w.org\/{rel}","templated":true}]}}