{"id":2637,"date":"2024-10-31T19:18:52","date_gmt":"2024-10-31T22:18:52","guid":{"rendered":"https:\/\/revistamaranhaoturismo.com\/?p=2637"},"modified":"2024-10-31T19:18:53","modified_gmt":"2024-10-31T22:18:53","slug":"caravanas-de-natal-da-coca-cola-chegam-a-sao-luis-neste-sabado-e-domingo-saiba-mais-detalhes","status":"publish","type":"post","link":"https:\/\/revistamaranhaoturismo.com\/?p=2637","title":{"rendered":"Caravanas de Natal da Coca-Cola chegam a S\u00e3o Lu\u00eds neste s\u00e1bado e domingo; saiba mais detalhes"},"content":{"rendered":"<p style=\"text-align: justify;\"><em><span style=\"font-size: 14pt;\">Os caminh\u00f5es iluminados percorrem a capital do Maranh\u00e3o nos dias 02 e 03, a partir das 18h<\/span><\/em><\/p>\n<p style=\"text-align: justify;\"><span style=\"font-size: 14pt;\">O Natal vem vindo e para celebrar a magia de uma das \u00e9pocas mais emocionantes do ano, a Caravana de Natal da Coca-Cola j\u00e1 est\u00e1 percorrendo o pa\u00eds desde o m\u00eas de outubro. No pr\u00f3ximo fim de semana, s\u00e1bado (02) e domingo (03) \u00e9 a vez de S\u00e3o Lu\u00eds (MA) receber esse momento m\u00e1gico que ilumina, encanta e emociona o p\u00fablico por onde passa.<\/span><\/p>\n<p style=\"text-align: justify;\"><span style=\"font-size: 14pt;\">Os desfiles natalinos que tem o Papai Noel como protagonista fazem parte da campanha de Natal da Coca-Cola 2024 intitulada \u201cDesperte o Papai Noel que h\u00e1 em voc\u00ea\u201d. Os caminh\u00f5es desfilar\u00e3o a partir das 18h, passando por pontos da cidade como a Pra\u00e7a Viva Maiob\u00e3o, Mix Mateus, Assai Atacadista, Solar Coca-Cola Outeiro da Cruz, Parque do Rangedor, Forte Santo Antonio, Pra\u00e7a do Foguete (Lagoa da Jansen) e o Shopping da Ilha. No Nordeste, a responsabilidade por espalhar toda essa magia fica por conta da Solar Coca-Cola, fabricante do Sistema Coca-Cola com atua\u00e7\u00e3o em 70% do territ\u00f3rio brasileiro e a produ\u00e7\u00e3o executiva \u00e9 da ag\u00eancia Dot., respons\u00e1vel pela opera\u00e7\u00e3o 360\u00ba das Caravanas Iluminadas desde 2018.<\/span><\/p>\n<p><a href=\"https:\/\/revistamaranhaoturismo.com\/caravanas-de-natal-da-coca-cola-chegam-a-sao-luis-neste-sabado-e-domingo-saiba-mais-detalhes\/caravana-sao-luis-2024-2\/\" rel=\"attachment wp-att-2639\"><img decoding=\"async\" loading=\"lazy\" class=\"aligncenter size-full wp-image-2639\" src=\"https:\/\/revistamaranhaoturismo.com\/wp-content\/uploads\/2024\/10\/CARAVANA-SAO-LUIS-2024-2-scaled.jpg\" alt=\"\" width=\"2560\" height=\"1707\" data-wp-pid=\"2639\" srcset=\"https:\/\/revistamaranhaoturismo.com\/wp-content\/uploads\/2024\/10\/CARAVANA-SAO-LUIS-2024-2-scaled.jpg 2560w, https:\/\/revistamaranhaoturismo.com\/wp-content\/uploads\/2024\/10\/CARAVANA-SAO-LUIS-2024-2-300x200.jpg 300w, https:\/\/revistamaranhaoturismo.com\/wp-content\/uploads\/2024\/10\/CARAVANA-SAO-LUIS-2024-2-1024x683.jpg 1024w, https:\/\/revistamaranhaoturismo.com\/wp-content\/uploads\/2024\/10\/CARAVANA-SAO-LUIS-2024-2-768x512.jpg 768w, https:\/\/revistamaranhaoturismo.com\/wp-content\/uploads\/2024\/10\/CARAVANA-SAO-LUIS-2024-2-1536x1024.jpg 1536w, https:\/\/revistamaranhaoturismo.com\/wp-content\/uploads\/2024\/10\/CARAVANA-SAO-LUIS-2024-2-2048x1365.jpg 2048w, https:\/\/revistamaranhaoturismo.com\/wp-content\/uploads\/2024\/10\/CARAVANA-SAO-LUIS-2024-2-750x500.jpg 750w, https:\/\/revistamaranhaoturismo.com\/wp-content\/uploads\/2024\/10\/CARAVANA-SAO-LUIS-2024-2-1140x760.jpg 1140w, https:\/\/revistamaranhaoturismo.com\/wp-content\/uploads\/2024\/10\/CARAVANA-SAO-LUIS-2024-2-800x533.jpg 800w\" sizes=\"(max-width: 2560px) 100vw, 2560px\" \/><\/a><\/p>\n<p style=\"text-align: justify;\"><span style=\"font-size: 14pt;\">\u201cAs caravanas de Natal da Coca-Cola tiveram recorde de p\u00fablico em 2023, e esse ano esperamos contagiar cada vez mais pessoas com esse espet\u00e1culo que j\u00e1 virou uma tradi\u00e7\u00e3o natalina! Ficamos emocionados e orgulhosos por proporcionar esse momento de alegria genu\u00edna num p\u00fablico t\u00e3o diverso, sejam crian\u00e7as, jovens, adultos ou idosos. Contribuir com a constru\u00e7\u00e3o de mem\u00f3rias felizes de milhares de brasileiros e brasileiras \u00e9 o verdadeiro sentido do Natal e as caravanas fazem parte disso, pois despertam o esp\u00edrito natalino e o Papai Noel que existe em cada um de n\u00f3s\u201d, destaca Natasha Castro, gerente de marketing e experi\u00eancia e respons\u00e1vel pelas Caravanas Iluminadas da Solar Coca-Cola.<\/span><\/p>\n<p style=\"text-align: justify;\"><span style=\"font-size: 14pt;\">Somente no Nordeste, os caminh\u00f5es iluminados que transportam o bom velhinho v\u00e3o rodar os nove estados, passando por 26 cidades, com 29 apresenta\u00e7\u00f5es que v\u00e3o encantar milhares de pessoas em capitais e alguns munic\u00edpios das regi\u00f5es metropolitanas e interior, emocionando e encantando o p\u00fablico ao longo dos 6 mil quil\u00f4metros que estar\u00e3o percorrendo dentro de tr\u00eas meses.<\/span><\/p>\n<p><a href=\"https:\/\/revistamaranhaoturismo.com\/caravanas-de-natal-da-coca-cola-chegam-a-sao-luis-neste-sabado-e-domingo-saiba-mais-detalhes\/default-3\/\" rel=\"attachment wp-att-2640\"><img decoding=\"async\" loading=\"lazy\" class=\"size-full wp-image-2640\" src=\"https:\/\/revistamaranhaoturismo.com\/wp-content\/uploads\/2024\/10\/CARAVANA-SAO-LUIS-2024-3-scaled.jpg\" alt=\"\" width=\"2560\" height=\"1440\" data-wp-pid=\"2640\" srcset=\"https:\/\/revistamaranhaoturismo.com\/wp-content\/uploads\/2024\/10\/CARAVANA-SAO-LUIS-2024-3-scaled.jpg 2560w, https:\/\/revistamaranhaoturismo.com\/wp-content\/uploads\/2024\/10\/CARAVANA-SAO-LUIS-2024-3-300x169.jpg 300w, https:\/\/revistamaranhaoturismo.com\/wp-content\/uploads\/2024\/10\/CARAVANA-SAO-LUIS-2024-3-1024x576.jpg 1024w, https:\/\/revistamaranhaoturismo.com\/wp-content\/uploads\/2024\/10\/CARAVANA-SAO-LUIS-2024-3-768x432.jpg 768w, https:\/\/revistamaranhaoturismo.com\/wp-content\/uploads\/2024\/10\/CARAVANA-SAO-LUIS-2024-3-1536x864.jpg 1536w, https:\/\/revistamaranhaoturismo.com\/wp-content\/uploads\/2024\/10\/CARAVANA-SAO-LUIS-2024-3-2048x1152.jpg 2048w, https:\/\/revistamaranhaoturismo.com\/wp-content\/uploads\/2024\/10\/CARAVANA-SAO-LUIS-2024-3-750x422.jpg 750w, https:\/\/revistamaranhaoturismo.com\/wp-content\/uploads\/2024\/10\/CARAVANA-SAO-LUIS-2024-3-1140x641.jpg 1140w, https:\/\/revistamaranhaoturismo.com\/wp-content\/uploads\/2024\/10\/CARAVANA-SAO-LUIS-2024-3-800x450.jpg 800w\" sizes=\"(max-width: 2560px) 100vw, 2560px\" \/><\/a><\/p>\n<p style=\"text-align: justify;\"><span style=\"font-size: 14pt;\">Ao todo, os desfiles natalinos liderados pela Solar devem contar com 7 caravanas simult\u00e2neas, passando por 50 cidades em 15 estados brasileiros. Ao todo, ser\u00e3o mais de 8 mil km rodados. Os caminh\u00f5es far\u00e3o paradas em shoppings, pontos de venda e pontos tur\u00edsticos durante 35 dias, com in\u00edcio no dia 27 de outubro, no Crato (CE) e devem finalizar no dia 22 de dezembro, em Natal (RN).<\/span><\/p>\n<p style=\"text-align: justify;\"><strong><span style=\"font-size: 14pt;\">Acompanhe o trajeto<\/span><\/strong><\/p>\n<p style=\"text-align: justify;\"><span style=\"font-size: 14pt;\">S\u00e3o Lu\u00eds (02\/11): a partir das 18h, a Caravana de Natal da Coca-Cola passa pela Pra\u00e7a Viva Maiob\u00e3o, com paradas no Mix Mateus e no Assai Atacadista, finalizando na Solar Coca-Cola Outeiro da Cruz. O percurso completo pode ser conferido no link: https:\/\/natal.coca-cola.com.br\/ (a rota est\u00e1 sujeita a altera\u00e7\u00f5es sem aviso pr\u00e9vio).<\/span><\/p>\n<p style=\"text-align: justify;\"><span style=\"font-size: 14pt;\">S\u00e3o Lu\u00eds (03\/11): a partir das 18h, a Caravana de Natal da Coca-Cola passa pelo Parque do Rangedor, com paradas no Forte Santo Antonio e na Pra\u00e7a do Foguete (Lagoa da Jansen), fianlizando no Shopping da Ilha. A rota completa pode ser vista no link: https:\/\/natal.coca-cola.com.br\/ (a rota est\u00e1 sujeita a altera\u00e7\u00f5es sem aviso pr\u00e9vio).<\/span><\/p>\n<p>&nbsp;<\/p>\n","protected":false},"excerpt":{"rendered":"<p>Os caminh\u00f5es iluminados percorrem a capital do Maranh\u00e3o nos dias 02 e 03, a partir das 18h O Natal vem vindo e para celebrar a magia de uma das \u00e9pocas mais emocionantes do ano, a Caravana de Natal da Coca-Cola j\u00e1 est\u00e1 percorrendo o pa\u00eds desde o m\u00eas de outubro. No pr\u00f3ximo fim de semana, [&hellip;]<\/p>\n","protected":false},"author":1,"featured_media":2638,"comment_status":"open","ping_status":"open","sticky":false,"template":"","format":"standard","meta":[],"categories":[1],"tags":[],"_links":{"self":[{"href":"https:\/\/revistamaranhaoturismo.com\/index.php?rest_route=\/wp\/v2\/posts\/2637"}],"collection":[{"href":"https:\/\/revistamaranhaoturismo.com\/index.php?rest_route=\/wp\/v2\/posts"}],"about":[{"href":"https:\/\/revistamaranhaoturismo.com\/index.php?rest_route=\/wp\/v2\/types\/post"}],"author":[{"embeddable":true,"href":"https:\/\/revistamaranhaoturismo.com\/index.php?rest_route=\/wp\/v2\/users\/1"}],"replies":[{"embeddable":true,"href":"https:\/\/revistamaranhaoturismo.com\/index.php?rest_route=%2Fwp%2Fv2%2Fcomments&post=2637"}],"version-history":[{"count":2,"href":"https:\/\/revistamaranhaoturismo.com\/index.php?rest_route=\/wp\/v2\/posts\/2637\/revisions"}],"predecessor-version":[{"id":2642,"href":"https:\/\/revistamaranhaoturismo.com\/index.php?rest_route=\/wp\/v2\/posts\/2637\/revisions\/2642"}],"wp:featuredmedia":[{"embeddable":true,"href":"https:\/\/revistamaranhaoturismo.com\/index.php?rest_route=\/wp\/v2\/media\/2638"}],"wp:attachment":[{"href":"https:\/\/revistamaranhaoturismo.com\/index.php?rest_route=%2Fwp%2Fv2%2Fmedia&parent=2637"}],"wp:term":[{"taxonomy":"category","embeddable":true,"href":"https:\/\/revistamaranhaoturismo.com\/index.php?rest_route=%2Fwp%2Fv2%2Fcategories&post=2637"},{"taxonomy":"post_tag","embeddable":true,"href":"https:\/\/revistamaranhaoturismo.com\/index.php?rest_route=%2Fwp%2Fv2%2Ftags&post=2637"}],"curies":[{"name":"wp","href":"https:\/\/api.w.org\/{rel}","templated":true}]}}