{"id":2647,"date":"2024-11-07T10:04:31","date_gmt":"2024-11-07T13:04:31","guid":{"rendered":"https:\/\/revistamaranhaoturismo.com\/?p=2647"},"modified":"2024-11-07T10:31:28","modified_gmt":"2024-11-07T13:31:28","slug":"vila-gale-confirma-novos-hoteis-no-maranhao-durante-a-festuris-em-gramadors","status":"publish","type":"post","link":"https:\/\/revistamaranhaoturismo.com\/?p=2647","title":{"rendered":"Vila Gal\u00e9 confirma novos hot\u00e9is no Maranh\u00e3o durante a Festuris em Gramado(RS)"},"content":{"rendered":"<p style=\"text-align: justify;\"><span style=\"font-size: 14pt;\">A rede Vila Gal\u00e9 marcar\u00e1 presen\u00e7a no Festival Internacional de Turismo (Festuris) de Gramado, que acontece de 7 a 10 de novembro, com um estande exclusivo onde revelar\u00e1 detalhes sobre seus\u00a0novos hot\u00e9is em constru\u00e7\u00e3o\u00a0no Brasil. A expectativa \u00e9 que a 36\u00aa edi\u00e7\u00e3o do evento atraia cerca de 12 mil profissionais do setor, todos em busca das mais recentes tend\u00eancias do turismo nacional e internacional. O estande da Vila Gal\u00e9 est\u00e1 localizado na Rua B, n\u00ba 27.<\/span><\/p>\n<p style=\"text-align: justify;\"><span style=\"font-size: 14pt;\">Entre as novidades, o destaque \u00e9 o Vila Gal\u00e9 Collection Sunset Cumbuco, que ser\u00e1 inaugurado no final de novembro. Este ser\u00e1 o primeiro de uma s\u00e9rie de empreendimentos da linha\u00a0Collection\u00a0previstos para os pr\u00f3ximos tr\u00eas anos, resultado de um projeto ambicioso liderado pelo fundador e presidente da rede, Jorge Rebelo de Almeida. O resort, que traz um conceito intimista, contar\u00e1 com 116 quartos, piscina externa, um completo SPA com piscina interna, salas de massagem, academia, quadras esportivas e um parque aqu\u00e1tico infantil.<\/span><\/p>\n<p style=\"text-align: justify;\"><span style=\"font-size: 14pt;\">Em 2025, ser\u00e1 a vez do Vila Gal\u00e9 Collection Ouro Preto, em Minas Gerais, e do Vila Gal\u00e9 Collection Amaz\u00f4nia, em Bel\u00e9m. J\u00e1 em 2026, est\u00e3o previstos a inaugura\u00e7\u00e3o do Vila Gal\u00e9 Collection Coruripe e o Vila Gal\u00e9 Nep Kids, ambos em Alagoas, al\u00e9m de dois novos hot\u00e9is no charmoso centro hist\u00f3rico de S\u00e3o Lu\u00eds, no Maranh\u00e3o.<\/span><\/p>\n<p style=\"text-align: justify;\"><span style=\"font-size: 14pt;\">Durante o evento, a Vila Gal\u00e9 tamb\u00e9m apresentar\u00e1 as novidades dos hot\u00e9is e resorts j\u00e1 existentes, que est\u00e3o se preparando para a temporada de ver\u00e3o. Os visitantes ainda poder\u00e3o conhecer mais sobre as op\u00e7\u00f5es de hospedagem em Portugal, Cuba e Espanha.<\/span><\/p>\n<p style=\"text-align: justify;\"><span style=\"font-size: 14pt;\">A gerente Adriana Borges e sua equipe Comercial estar\u00e3o presentes para representar o grupo.\u00a0\u201cO Festuris Gramado \u00e9 uma ferramenta essencial para divulgarmos nossas inova\u00e7\u00f5es e a qualidade que a rede Vila Gal\u00e9 oferece. Estamos em crescimento e desejamos fortalecer nosso relacionamento com parceiros, al\u00e9m de conquistar novas oportunidades de neg\u00f3cios\u201d,\u00a0afirma Adriana.<\/span><\/p>\n<p><em>Fonte: BlogdoNed<\/em><\/p>\n","protected":false},"excerpt":{"rendered":"<p>A rede Vila Gal\u00e9 marcar\u00e1 presen\u00e7a no Festival Internacional de Turismo (Festuris) de Gramado, que acontece de 7 a 10 de novembro, com um estande exclusivo onde revelar\u00e1 detalhes sobre seus\u00a0novos hot\u00e9is em constru\u00e7\u00e3o\u00a0no Brasil. A expectativa \u00e9 que a 36\u00aa edi\u00e7\u00e3o do evento atraia cerca de 12 mil profissionais do setor, todos em busca [&hellip;]<\/p>\n","protected":false},"author":1,"featured_media":2650,"comment_status":"open","ping_status":"open","sticky":false,"template":"","format":"standard","meta":[],"categories":[1],"tags":[],"_links":{"self":[{"href":"https:\/\/revistamaranhaoturismo.com\/index.php?rest_route=\/wp\/v2\/posts\/2647"}],"collection":[{"href":"https:\/\/revistamaranhaoturismo.com\/index.php?rest_route=\/wp\/v2\/posts"}],"about":[{"href":"https:\/\/revistamaranhaoturismo.com\/index.php?rest_route=\/wp\/v2\/types\/post"}],"author":[{"embeddable":true,"href":"https:\/\/revistamaranhaoturismo.com\/index.php?rest_route=\/wp\/v2\/users\/1"}],"replies":[{"embeddable":true,"href":"https:\/\/revistamaranhaoturismo.com\/index.php?rest_route=%2Fwp%2Fv2%2Fcomments&post=2647"}],"version-history":[{"count":3,"href":"https:\/\/revistamaranhaoturismo.com\/index.php?rest_route=\/wp\/v2\/posts\/2647\/revisions"}],"predecessor-version":[{"id":2652,"href":"https:\/\/revistamaranhaoturismo.com\/index.php?rest_route=\/wp\/v2\/posts\/2647\/revisions\/2652"}],"wp:featuredmedia":[{"embeddable":true,"href":"https:\/\/revistamaranhaoturismo.com\/index.php?rest_route=\/wp\/v2\/media\/2650"}],"wp:attachment":[{"href":"https:\/\/revistamaranhaoturismo.com\/index.php?rest_route=%2Fwp%2Fv2%2Fmedia&parent=2647"}],"wp:term":[{"taxonomy":"category","embeddable":true,"href":"https:\/\/revistamaranhaoturismo.com\/index.php?rest_route=%2Fwp%2Fv2%2Fcategories&post=2647"},{"taxonomy":"post_tag","embeddable":true,"href":"https:\/\/revistamaranhaoturismo.com\/index.php?rest_route=%2Fwp%2Fv2%2Ftags&post=2647"}],"curies":[{"name":"wp","href":"https:\/\/api.w.org\/{rel}","templated":true}]}}