{"id":2669,"date":"2024-11-19T09:22:19","date_gmt":"2024-11-19T12:22:19","guid":{"rendered":"https:\/\/revistamaranhaoturismo.com\/?p=2669"},"modified":"2024-11-19T09:22:19","modified_gmt":"2024-11-19T12:22:19","slug":"primeiro-fim-de-semana-de-atividades-do-mobiliza-slz-movimenta-cidade","status":"publish","type":"post","link":"https:\/\/revistamaranhaoturismo.com\/?p=2669","title":{"rendered":"Primeiro fim de semana de atividades do Mobiliza SLZ movimenta cidade"},"content":{"rendered":"<div data-breakout=\"normal\">\n<p dir=\"auto\"><span style=\"font-size: 14pt;\"><strong><em>Hist\u00f3ria, gastronomia, m\u00fasica, moda, feiras criativas e cultura geek deram o tom dos dois primeiros dias do evento, que se estende at\u00e9 o pr\u00f3ximo domingo, 24<\/em><\/strong><\/span><\/p>\n<p id=\"viewer-b25fi125\" class=\"_48tL5 i1-1t Ax6Q2 LzgXi\" dir=\"auto\" style=\"text-align: justify;\"><span class=\"E-T7K Ax6Q2\" style=\"font-size: 14pt;\">&#8220;O desejo que eu tenho \u00e9 de conhecer a minha hist\u00f3ria e poder repassar isso aos meus filhos&#8221;, conta a radiologista Fabiana Cutrim, que participou de um city tour pelo Centro Hist\u00f3rico de S\u00e3o Lu\u00eds. Apresentando um novo olhar sobre a hist\u00f3ria da cidade, a atividade integrou o primeiro dia de a\u00e7\u00f5es do Mobiliza S\u00e3o Lu\u00eds, movimento que conecta turismo, cultura e economia criativa na capital maranhense. Ao todo, foram realizadas 18 atividades somente nos dois primeiros dias do evento, iniciado no s\u00e1bado (16).<\/span><\/p>\n<\/div>\n<div style=\"text-align: justify;\" data-breakout=\"normal\">\n<p id=\"viewer-qa78e128\" class=\"_48tL5 i1-1t Ax6Q2 LzgXi\" dir=\"auto\"><span class=\"E-T7K Ax6Q2\" style=\"font-size: 14pt;\">O bairro da Madre Deus e a regi\u00e3o da Liberdade, repletos de cultura e hist\u00f3ria, tamb\u00e9m foram palco de visitas guiadas durante o primeiro fim de semana do Mobiliza SLZ. Mas nem s\u00f3 de roteiros a p\u00e9 foi composta a agenda do movimento. O &#8220;Reggae Cruise&#8221; prop\u00f4s observar S\u00e3o Lu\u00eds a partir de uma perspectiva inusitada, em um passeio de barco que partiu da Ponta d&#8217;Areia ao som de muito reggae, salsa e outros ritmos musicais, circundando o Centro Hist\u00f3rico, Barragem do Bacanga e Espig\u00e3o pelas \u00e1guas da Jamaica brasileira.<\/span><\/p>\n<\/div>\n<div style=\"text-align: justify;\" data-breakout=\"normal\">\n<div id=\"viewer-ftgi3577\" class=\"VSd-n\">\n<div class=\"_3R35u oO7vd\">\n<figure class=\"e2Rew\" tabindex=\"0\" role=\"button\" data-hook=\"imageViewer\" aria-haspopup=\"true\">\n<div id=\"ftgi3577\" class=\"wY-mT CWaBm _5ZJQW\"><span style=\"font-size: 14pt;\"><img decoding=\"async\" src=\"https:\/\/static.wixstatic.com\/media\/7dcec5_29808343e042451883ff4201b5cc7fb4~mv2.jpg\/v1\/fill\/w_568,h_670,al_c,q_85,usm_0.66_1.00_0.01,enc_auto\/7dcec5_29808343e042451883ff4201b5cc7fb4~mv2.jpg\" alt=\"\" data-pin-url=\"https:\/\/www.cazumbaonline.com.br\/post\/primeiro-fim-de-semana-de-atividades-do-mobiliza-slz-movimenta-cidade\" data-pin-media=\"https:\/\/static.wixstatic.com\/media\/7dcec5_29808343e042451883ff4201b5cc7fb4~mv2.jpg\/v1\/fill\/w_1200,h_1416,al_c,q_85\/7dcec5_29808343e042451883ff4201b5cc7fb4~mv2.jpg\" data-load-done=\"\" \/><\/span><\/div>\n<\/figure>\n<\/div>\n<\/div>\n<\/div>\n<div style=\"text-align: justify;\" data-hook=\"rcv-block10\"><span style=\"font-size: 14pt;\">Al\u00e9m dos passeios, experi\u00eancias gastron\u00f4micas n\u00e3o faltaram. O &#8220;Sabores do Mar\u00e1&#8221; ofereceu degusta\u00e7\u00e3o de petiscos e de bebidas destiladas maranhenses em bares e restaurantes da Avenida Litor\u00e2nea, no s\u00e1bado (16) e no domingo (17), e vai seguir com programa\u00e7\u00e3o nos dias 22, 23 e 24 de novembro. No Gapara, a Casa de Elena promoveu degusta\u00e7\u00e3o e venda de produtos derivados do cux\u00e1, com atra\u00e7\u00e3o musical.<\/span><\/div>\n<div style=\"text-align: justify;\" data-breakout=\"normal\">\n<p id=\"viewer-ecuee134\" class=\"_48tL5 i1-1t Ax6Q2 LzgXi\" dir=\"auto\"><span class=\"E-T7K Ax6Q2\" style=\"font-size: 14pt;\">Musicalidade e dan\u00e7a tiveram espa\u00e7os dedicados no Mobiliza. O samba agitou a tarde e a noite de s\u00e1bado (16) da Ponta d&#8217;Areia, no Cr\u00e9ole Bar, com apresenta\u00e7\u00f5es de diversos artistas maranhenses. No Centro, o coreto da Avenida Beira-Mar foi embalado pelo Tambor de Crioula, patrim\u00f4nio brasileiro que \u00e9 uma das mais aut\u00eanticas manifesta\u00e7\u00f5es culturais do Maranh\u00e3o.<\/span><\/p>\n<\/div>\n<div style=\"text-align: justify;\" data-breakout=\"normal\">\n<div id=\"viewer-5n9rd761\" class=\"VSd-n\">\n<div class=\"_3R35u oO7vd\">\n<figure class=\"e2Rew\" tabindex=\"0\" role=\"button\" data-hook=\"imageViewer\" aria-haspopup=\"true\">\n<div id=\"5n9rd761\" class=\"wY-mT CWaBm _5ZJQW\"><span style=\"font-size: 14pt;\"><img decoding=\"async\" src=\"https:\/\/static.wixstatic.com\/media\/7dcec5_b1079690f35742368257b4086cc4b452~mv2.jpg\/v1\/fill\/w_568,h_502,al_c,q_80,usm_0.66_1.00_0.01,enc_auto\/7dcec5_b1079690f35742368257b4086cc4b452~mv2.jpg\" alt=\"\" data-pin-url=\"https:\/\/www.cazumbaonline.com.br\/post\/primeiro-fim-de-semana-de-atividades-do-mobiliza-slz-movimenta-cidade\" data-pin-media=\"https:\/\/static.wixstatic.com\/media\/7dcec5_b1079690f35742368257b4086cc4b452~mv2.jpg\/v1\/fill\/w_1264,h_1118,al_c,q_85\/7dcec5_b1079690f35742368257b4086cc4b452~mv2.jpg\" data-load-done=\"\" \/><\/span><\/div>\n<\/figure>\n<\/div>\n<\/div>\n<\/div>\n<div style=\"text-align: justify;\" data-breakout=\"normal\">\n<p id=\"viewer-9xnvs137\" class=\"_48tL5 i1-1t S9qoV LzgXi\" dir=\"auto\"><span class=\"E-T7K\" style=\"font-size: 14pt;\"><em>A empreendedora Huthelles Meireles comenta que a feira criativa realizada no Coroadinho fortalece a comunidade (Foto: Divulga\u00e7\u00e3o\/Mobiliza SLZ)<\/em><\/span><\/p>\n<\/div>\n<div style=\"text-align: justify;\" data-breakout=\"normal\">\n<p id=\"viewer-obgg71632\" class=\"_48tL5 i1-1t Ax6Q2 LzgXi\" dir=\"auto\"><span class=\"E-T7K Ax6Q2\" style=\"font-size: 14pt;\">Tamb\u00e9m teve m\u00fasica nas feiras criativas, com exposi\u00e7\u00e3o e venda de produtos e servi\u00e7os, a come\u00e7ar pela &#8220;Feira de Vinil e Cultura&#8221;, no Cohajap, onde ela foi protagonista. A &#8220;Expo Angelim&#8221;, a &#8220;Feirinha dos Artistas&#8221;, a &#8220;Expo Lojas SLZ&#8221; e o &#8220;Mercado Minha Pariceira&#8221; movimentaram os bairros Angelim, Centro, Cohama e a pra\u00e7a da Lagoa da Jansen, respectivamente. J\u00e1 a &#8220;Feira Encontro de Brech\u00f3s&#8221; reuniu pequenos neg\u00f3cios voltados ao artesanato, arte e moda circular no Centro.<\/span><\/p>\n<\/div>\n<div style=\"text-align: justify;\" data-breakout=\"normal\">\n<p id=\"viewer-dt7n5140\" class=\"_48tL5 i1-1t Ax6Q2 LzgXi\" dir=\"auto\"><span class=\"E-T7K Ax6Q2\" style=\"font-size: 14pt;\">Na vis\u00e3o da empreendedora Huthelles Meireles, que comercializou seus produtos na &#8220;8\u00aa Feirinha Criativa do Polo Coroadinho&#8221;, o Mobiliza fortalece o empreendedorismo na regi\u00e3o e gera transforma\u00e7\u00e3o. &#8220;Faz com que pessoas possam nos enxergar e nos verem como, realmente, uma pot\u00eancia. Porque n\u00f3s somos da favela, mas somos pot\u00eancia&#8221;, afirma a dona da Huthelles Gourmet, moradora do Coroadinho.<\/span><\/p>\n<\/div>\n<div style=\"text-align: justify;\" data-breakout=\"normal\">\n<p id=\"viewer-ytmb3143\" class=\"_48tL5 i1-1t Ax6Q2 LzgXi\" dir=\"auto\"><span class=\"E-T7K Ax6Q2\" style=\"font-size: 14pt;\"><strong>Moda, cultura geek e conhecimento<\/strong><\/span><\/p>\n<\/div>\n<div style=\"text-align: justify;\" data-breakout=\"normal\">\n<div id=\"viewer-mt4wt945\" class=\"VSd-n\">\n<div class=\"_3R35u oO7vd\">\n<figure class=\"e2Rew\" tabindex=\"0\" role=\"button\" data-hook=\"imageViewer\" aria-haspopup=\"true\">\n<div id=\"mt4wt945\" class=\"wY-mT CWaBm _5ZJQW\"><span style=\"font-size: 14pt;\"><img decoding=\"async\" src=\"https:\/\/static.wixstatic.com\/media\/7dcec5_34b398c3208e42b29d17dcc8525a0fa3~mv2.jpg\/v1\/fill\/w_568,h_398,al_c,q_80,usm_0.66_1.00_0.01,enc_auto\/7dcec5_34b398c3208e42b29d17dcc8525a0fa3~mv2.jpg\" alt=\"\" data-pin-url=\"https:\/\/www.cazumbaonline.com.br\/post\/primeiro-fim-de-semana-de-atividades-do-mobiliza-slz-movimenta-cidade\" data-pin-media=\"https:\/\/static.wixstatic.com\/media\/7dcec5_34b398c3208e42b29d17dcc8525a0fa3~mv2.jpg\/v1\/fill\/w_3356,h_2351,al_c,q_90\/7dcec5_34b398c3208e42b29d17dcc8525a0fa3~mv2.jpg\" data-load-done=\"\" \/><\/span><\/div>\n<\/figure>\n<\/div>\n<\/div>\n<\/div>\n<div style=\"text-align: justify;\" data-breakout=\"normal\">\n<p id=\"viewer-1ipui146\" class=\"_48tL5 i1-1t S9qoV LzgXi\" dir=\"auto\"><span class=\"E-T7K\" style=\"font-size: 14pt;\"><em>Evento &#8220;Matsuri&#8221; reuniu interessados na cultura geek no Multicenter Sebrae (Foto: Divulga\u00e7\u00e3o\/Mobiliza SLZ)<\/em><\/span><\/p>\n<\/div>\n<div style=\"text-align: justify;\" data-breakout=\"normal\">\n<p id=\"viewer-wicvt1787\" class=\"_48tL5 i1-1t Ax6Q2 LzgXi\" dir=\"auto\"><span class=\"E-T7K Ax6Q2\" style=\"font-size: 14pt;\">No s\u00e1bado (16), a 5\u00aa edi\u00e7\u00e3o do &#8220;CPDMODA Fashion Show V&#8221; ocupou a F\u00e1brica Santa Am\u00e9lia, no Centro, com performances de moda, rodas de conversa e desfiles com pe\u00e7as de novos designers e estilistas. No Alto do Calhau, durante todo o fim de semana, o Multicenter Sebrae foi tomado pelo &#8220;Matsuri&#8221;, evento cujo objetivo \u00e9 democratizar a cultura geek no Maranh\u00e3o e estimular o turismo cultural, empreendedorismo e economia criativa.<\/span><\/p>\n<\/div>\n<div style=\"text-align: justify;\" data-breakout=\"normal\">\n<p id=\"viewer-7ure8149\" class=\"_48tL5 i1-1t Ax6Q2 LzgXi\" dir=\"auto\"><span class=\"E-T7K Ax6Q2\" style=\"font-size: 14pt;\">Visando compartilhar conhecimento com os fazedores de cultura da capital, no s\u00e1bado (16) foi realizada no bairro Anil a oficina &#8220;Salic para iniciantes: como cadastrar projeto na Lei Rouanet&#8221;, que forneceu informa\u00e7\u00f5es b\u00e1sicas sobre como submeter projeto no Sistema de Apoio \u00e0s Leis de Incentivo \u00e0 Cultura (Salic).<\/span><\/p>\n<\/div>\n<div style=\"text-align: justify;\" data-breakout=\"normal\">\n<p id=\"viewer-y51ll152\" class=\"_48tL5 i1-1t Ax6Q2 LzgXi\" dir=\"auto\"><span class=\"E-T7K Ax6Q2\" style=\"font-size: 14pt;\">Na avalia\u00e7\u00e3o da coordenadora-geral do Mobiliza SLZ, Danielle Abreu, o primeiro fim de semana do evento cumpriu bem o papel de movimentar a cidade, com atividades espalhadas em v\u00e1rios pontos da capital, e fortalecer a economia criativa em S\u00e3o Lu\u00eds. &#8220;J\u00e1 come\u00e7amos a perceber nessa edi\u00e7\u00e3o eventos mais s\u00f3lidos, melhor organizados, com empreendedores mais conectados, de v\u00e1rias cadeias diferentes da economia criativa&#8221;, analisa a coordenadora.<\/span><\/p>\n<\/div>\n<div style=\"text-align: justify;\" data-breakout=\"normal\">\n<p id=\"viewer-v2qq0155\" class=\"_48tL5 i1-1t Ax6Q2 LzgXi\" dir=\"auto\"><span class=\"E-T7K Ax6Q2\" style=\"font-size: 14pt;\"><strong>Mobiliza S\u00e3o Lu\u00eds<\/strong><\/span><\/p>\n<\/div>\n<div style=\"text-align: justify;\" data-breakout=\"normal\">\n<div id=\"viewer-v3r8g1205\" class=\"VSd-n\">\n<div class=\"_3R35u oO7vd\">\n<figure class=\"e2Rew\" tabindex=\"0\" role=\"button\" data-hook=\"imageViewer\" aria-haspopup=\"true\">\n<div id=\"v3r8g1205\" class=\"wY-mT CWaBm _5ZJQW\"><span style=\"font-size: 14pt;\"><img decoding=\"async\" src=\"https:\/\/static.wixstatic.com\/media\/7dcec5_a98a28b0d97d473e9810e7a15d3d4b18~mv2.jpg\/v1\/fill\/w_568,h_536,al_c,q_80,usm_0.66_1.00_0.01,enc_auto\/7dcec5_a98a28b0d97d473e9810e7a15d3d4b18~mv2.jpg\" alt=\"\" data-pin-url=\"https:\/\/www.cazumbaonline.com.br\/post\/primeiro-fim-de-semana-de-atividades-do-mobiliza-slz-movimenta-cidade\" data-pin-media=\"https:\/\/static.wixstatic.com\/media\/7dcec5_a98a28b0d97d473e9810e7a15d3d4b18~mv2.jpg\/v1\/fill\/w_3024,h_2852,al_c,q_90\/7dcec5_a98a28b0d97d473e9810e7a15d3d4b18~mv2.jpg\" data-load-done=\"\" \/><\/span><\/div>\n<\/figure>\n<\/div>\n<\/div>\n<\/div>\n<div style=\"text-align: justify;\" data-breakout=\"normal\">\n<p id=\"viewer-k244c1207\" class=\"_48tL5 i1-1t S9qoV LzgXi\" dir=\"auto\"><span class=\"E-T7K\" style=\"font-size: 14pt;\"><em>O diretor t\u00e9cnico do Sebrae Maranh\u00e3o, Mauro Borralho, idealizador do Mobiliza SLZ, e a coordenadora-geral do movimento, Danielle Abreu (Foto: Divulga\u00e7\u00e3o\/Mobiliza SLZ)<\/em><\/span><\/p>\n<\/div>\n<div style=\"text-align: justify;\" data-breakout=\"normal\">\n<p id=\"viewer-ib6yd158\" class=\"_48tL5 i1-1t Ax6Q2 LzgXi\" dir=\"auto\"><span class=\"E-T7K Ax6Q2\" style=\"font-size: 14pt;\">O Mobiliza SLZ \u00e9 um movimento que fomenta a cultura, o turismo e a economia criativa na capital do Maranh\u00e3o, fortalecendo os empreendedores que atuam nesses segmentos em S\u00e3o Lu\u00eds. Desde 2021, o Mobiliza promove compartilhamento de conhecimento e conecta pessoas, de modo a estimular parcerias estrat\u00e9gicas e tamb\u00e9m a ampliar a visibilidade dos produtos e servi\u00e7os oferecidos pelos criativos, o que ocorre anualmente durante os nove dias de realiza\u00e7\u00e3o do evento.<\/span><\/p>\n<\/div>\n<div style=\"text-align: justify;\" data-breakout=\"normal\">\n<p id=\"viewer-gs2ft161\" class=\"_48tL5 i1-1t Ax6Q2 LzgXi\" dir=\"auto\"><span class=\"E-T7K Ax6Q2\" style=\"font-size: 14pt;\">No \u00faltimo dia 5 de novembro, o Mobiliza SLZ ganhou um importante reconhecimento no Pr\u00eamio Marandu JOMP, na categoria Sociedade Civil. A programa\u00e7\u00e3o foi organizada pela ag\u00eancia Marandu, reconhecida ag\u00eancia de inova\u00e7\u00e3o e empreendedorismo da UEMA. Antes disso, o movimento foi campe\u00e3o da categoria Melhores Conex\u00f5es Significativas, no 3\u00ba Pr\u00eamio de Turismo Respons\u00e1vel da WTM Latin America, e foi premiado em duas categorias no 1\u00ba Pr\u00eamio SOLu\u00edses Ecossistema de Inova\u00e7\u00e3o.<\/span><\/p>\n<\/div>\n<div style=\"text-align: justify;\" data-breakout=\"normal\">\n<p id=\"viewer-k0dif164\" class=\"_48tL5 i1-1t Ax6Q2 LzgXi\" dir=\"auto\"><span class=\"E-T7K Ax6Q2\" style=\"font-size: 14pt;\">A terceira edi\u00e7\u00e3o do Mobiliza, que ocorreu em setembro do ano passado, foi marcada por recordes: foram mais de mil empreendedores envolvidos direta e indiretamente, e mais de 20 mil pessoas alcan\u00e7adas pelas a\u00e7\u00f5es desenvolvidas. Nesta quarta edi\u00e7\u00e3o, o movimento organizado pelo Sebrae tem o apoio do Sistema Fiema, por meio do Senai e do SESI.<\/span><\/p>\n<\/div>\n<div style=\"text-align: justify;\" data-hook=\"rcv-block40\"><\/div>\n<div data-breakout=\"normal\">\n<p id=\"viewer-yj9052114\" class=\"_48tL5 i1-1t Cizkc LzgXi\" dir=\"auto\" style=\"text-align: justify;\"><span class=\"E-T7K\" style=\"font-size: 12pt;\">Informa\u00e7\u00e3o: Sebrae MA<\/span><\/p>\n<p dir=\"auto\"><span style=\"font-size: 12pt;\">Fonte: cazumbaonline<\/span><\/p>\n<\/div>\n","protected":false},"excerpt":{"rendered":"<p>Hist\u00f3ria, gastronomia, m\u00fasica, moda, feiras criativas e cultura geek deram o tom dos dois primeiros dias do evento, que se estende at\u00e9 o pr\u00f3ximo domingo, 24 &#8220;O desejo que eu tenho \u00e9 de conhecer a minha hist\u00f3ria e poder repassar isso aos meus filhos&#8221;, conta a radiologista Fabiana Cutrim, que participou de um city tour [&hellip;]<\/p>\n","protected":false},"author":1,"featured_media":2670,"comment_status":"open","ping_status":"open","sticky":false,"template":"","format":"standard","meta":[],"categories":[1],"tags":[],"_links":{"self":[{"href":"https:\/\/revistamaranhaoturismo.com\/index.php?rest_route=\/wp\/v2\/posts\/2669"}],"collection":[{"href":"https:\/\/revistamaranhaoturismo.com\/index.php?rest_route=\/wp\/v2\/posts"}],"about":[{"href":"https:\/\/revistamaranhaoturismo.com\/index.php?rest_route=\/wp\/v2\/types\/post"}],"author":[{"embeddable":true,"href":"https:\/\/revistamaranhaoturismo.com\/index.php?rest_route=\/wp\/v2\/users\/1"}],"replies":[{"embeddable":true,"href":"https:\/\/revistamaranhaoturismo.com\/index.php?rest_route=%2Fwp%2Fv2%2Fcomments&post=2669"}],"version-history":[{"count":1,"href":"https:\/\/revistamaranhaoturismo.com\/index.php?rest_route=\/wp\/v2\/posts\/2669\/revisions"}],"predecessor-version":[{"id":2671,"href":"https:\/\/revistamaranhaoturismo.com\/index.php?rest_route=\/wp\/v2\/posts\/2669\/revisions\/2671"}],"wp:featuredmedia":[{"embeddable":true,"href":"https:\/\/revistamaranhaoturismo.com\/index.php?rest_route=\/wp\/v2\/media\/2670"}],"wp:attachment":[{"href":"https:\/\/revistamaranhaoturismo.com\/index.php?rest_route=%2Fwp%2Fv2%2Fmedia&parent=2669"}],"wp:term":[{"taxonomy":"category","embeddable":true,"href":"https:\/\/revistamaranhaoturismo.com\/index.php?rest_route=%2Fwp%2Fv2%2Fcategories&post=2669"},{"taxonomy":"post_tag","embeddable":true,"href":"https:\/\/revistamaranhaoturismo.com\/index.php?rest_route=%2Fwp%2Fv2%2Ftags&post=2669"}],"curies":[{"name":"wp","href":"https:\/\/api.w.org\/{rel}","templated":true}]}}