{"id":2672,"date":"2024-11-20T16:24:38","date_gmt":"2024-11-20T19:24:38","guid":{"rendered":"https:\/\/revistamaranhaoturismo.com\/?p=2672"},"modified":"2024-11-20T16:24:38","modified_gmt":"2024-11-20T19:24:38","slug":"primeiro-seminario-de-turismo-do-polo-munin-destaca-integracao-regional-e-planejamento-estrategico","status":"publish","type":"post","link":"https:\/\/revistamaranhaoturismo.com\/?p=2672","title":{"rendered":"Primeiro Semin\u00e1rio de Turismo do Polo Munin destaca integra\u00e7\u00e3o regional e planejamento estrat\u00e9gico"},"content":{"rendered":"<div data-breakout=\"normal\">\n<p dir=\"auto\" style=\"text-align: justify;\"><span style=\"font-size: 14pt;\"><em>Assuntos como capta\u00e7\u00e3o de recursos e formata\u00e7\u00e3o de novos Roteiros promoveram integra\u00e7\u00e3o entre gestores p\u00fablicos, institui\u00e7\u00f5es de fomento e empres\u00e1rios em favor do turismo Sustent\u00e1vel <\/em><\/span><\/p>\n<p id=\"viewer-j4u7r2\" class=\"wsU3o OlIbR EWmQ2 BqjLQ\" dir=\"auto\" style=\"text-align: justify;\"><span class=\"cluSW EWmQ2\" style=\"font-size: 14pt;\">Realizado no dia 19 de novembro no Hotel e Pousada Sossego dos Nascimento, em Icatu, o *Primeiro Semin\u00e1rio de Turismo da Regi\u00e3o do Munim* marcou um importante avan\u00e7o no planejamento e desenvolvimento do turismo local.<\/span><\/p>\n<\/div>\n<div style=\"text-align: justify;\" data-breakout=\"normal\">\n<p id=\"viewer-jhr1e802\" class=\"wsU3o OlIbR EWmQ2 BqjLQ\" dir=\"auto\"><span class=\"cluSW EWmQ2\" style=\"font-size: 14pt;\">Promovido pelo Sebrae, por meio da Unidade de Neg\u00f3cios Len\u00e7\u00f3is Munim, o evento reuniu gestores p\u00fablicos, empres\u00e1rios, prefeitos eleitos, representantes de institui\u00e7\u00f5es de fomento e agentes do turismo para debater estrat\u00e9gias voltadas \u00e0 governan\u00e7a, sustentabilidade, cultura e empreendedorismo no setor tur\u00edstico.<\/span><\/p>\n<\/div>\n<div style=\"text-align: justify;\" data-breakout=\"normal\">\n<h2 id=\"viewer-2bcs16\" class=\"_0-9kb q87H1 D4VE2 BqjLQ\" dir=\"auto\"><span class=\"kYdtu\" style=\"font-size: 14pt;\"><strong>Temas<\/strong> <strong>Centrais<\/strong> <strong>do<\/strong> <strong>Semin\u00e1rio<\/strong><\/span><\/h2>\n<\/div>\n<div style=\"text-align: justify;\" data-breakout=\"normal\">\n<div id=\"viewer-nfbwg886\" class=\"gm5ci\">\n<div class=\"_53iv9 AUApt\">\n<figure class=\"_8jXxT\" tabindex=\"0\" role=\"button\" data-hook=\"imageViewer\" aria-haspopup=\"true\">\n<div id=\"nfbwg886\" class=\"_3EYSQ _1b9c4 J5XSD\"><span style=\"font-size: 14pt;\"><img decoding=\"async\" src=\"https:\/\/static.wixstatic.com\/media\/7dcec5_6caae1e78f6b41c1bb955d1c43619f56~mv2.jpg\/v1\/fill\/w_568,h_757,al_c,q_85,usm_0.66_1.00_0.01,enc_auto\/7dcec5_6caae1e78f6b41c1bb955d1c43619f56~mv2.jpg\" alt=\"\" data-pin-url=\"https:\/\/www.cazumbaonline.com.br\/post\/primeiro-semin\u00e1rio-de-turismo-do-polo-munin-destaca-integra\u00e7\u00e3o-regional-e-planejamento-estrat\u00e9gico\" data-pin-media=\"https:\/\/static.wixstatic.com\/media\/7dcec5_6caae1e78f6b41c1bb955d1c43619f56~mv2.jpg\/v1\/fill\/w_1200,h_1600,al_c,q_85\/7dcec5_6caae1e78f6b41c1bb955d1c43619f56~mv2.jpg\" data-load-done=\"\" \/><\/span><\/div>\n<\/figure>\n<\/div>\n<\/div>\n<\/div>\n<div style=\"text-align: justify;\" data-breakout=\"normal\">\n<p id=\"viewer-38kf3896\" class=\"wsU3o OlIbR EWmQ2 BqjLQ\" dir=\"auto\"><span class=\"cluSW EWmQ2\" style=\"font-size: 14pt;\">O encontro abordou quest\u00f5es estrat\u00e9gicas para o fortalecimento do turismo no Polo Munim, como:<\/span><\/p>\n<\/div>\n<div style=\"text-align: justify;\" data-breakout=\"normal\">\n<p id=\"viewer-ysg7f11\" class=\"wsU3o OlIbR EWmQ2 BqjLQ\" dir=\"auto\"><span class=\"cluSW EWmQ2\" style=\"font-size: 14pt;\">&#8211; Formaliza\u00e7\u00e3o da <strong>Inst\u00e2ncia<\/strong> <strong>de<\/strong> <strong>Governan\u00e7a<\/strong> <strong>Regional<\/strong> <strong>do<\/strong> <strong>Turismo<\/strong> <strong>do<\/strong> <strong>polo<\/strong> <strong>Munim<\/strong> (<strong>IGR<\/strong> <strong>Munim<\/strong>)<\/span><\/p>\n<\/div>\n<div style=\"text-align: justify;\" data-breakout=\"normal\">\n<p id=\"viewer-rded913\" class=\"wsU3o OlIbR EWmQ2 BqjLQ\" dir=\"auto\"><span class=\"cluSW EWmQ2\" style=\"font-size: 14pt;\">&#8211; Estrutura\u00e7\u00e3o de <strong>roteiros<\/strong> <strong>tur\u00edsticos<\/strong> <strong>integrados<\/strong>;<\/span><\/p>\n<\/div>\n<div style=\"text-align: justify;\" data-breakout=\"normal\">\n<p id=\"viewer-8fune15\" class=\"wsU3o OlIbR EWmQ2 BqjLQ\" dir=\"auto\"><span class=\"cluSW EWmQ2\" style=\"font-size: 14pt;\">&#8211; <strong>Sinaliza\u00e7\u00e3o<\/strong> <strong>tur\u00edstica<\/strong> para facilitar o acesso e promover destinos;<\/span><\/p>\n<\/div>\n<div style=\"text-align: justify;\" data-breakout=\"normal\">\n<p id=\"viewer-fte0a17\" class=\"wsU3o OlIbR EWmQ2 BqjLQ\" dir=\"auto\"><span class=\"cluSW EWmQ2\" style=\"font-size: 14pt;\">&#8211; Desenvolvimento de <strong>projetos<\/strong> <strong>especiais<\/strong> para o turismo n\u00e1utico, de aventura e cultural.<\/span><\/p>\n<\/div>\n<div style=\"text-align: justify;\" data-breakout=\"normal\">\n<h2 id=\"viewer-0ooih20\" class=\"_0-9kb q87H1 D4VE2 BqjLQ\" dir=\"auto\"><span class=\"kYdtu\" style=\"font-size: 14pt;\"><strong>Foco<\/strong> <strong>do<\/strong> <strong>Semin\u00e1rio<\/strong><\/span><\/h2>\n<\/div>\n<div style=\"text-align: justify;\" data-breakout=\"normal\">\n<div id=\"viewer-hb3xc1658\" class=\"gm5ci\">\n<div class=\"_53iv9 AUApt\">\n<figure class=\"_8jXxT\" tabindex=\"0\" role=\"button\" data-hook=\"imageViewer\" aria-haspopup=\"true\">\n<div id=\"hb3xc1658\" class=\"_3EYSQ _1b9c4 J5XSD\"><span style=\"font-size: 14pt;\"><img decoding=\"async\" src=\"https:\/\/static.wixstatic.com\/media\/7dcec5_03ffd035f7f24b83b580764eb9c657b4~mv2.jpg\/v1\/fill\/w_568,h_1010,al_c,q_85,usm_0.66_1.00_0.01,enc_auto\/7dcec5_03ffd035f7f24b83b580764eb9c657b4~mv2.jpg\" alt=\"\" data-pin-url=\"https:\/\/www.cazumbaonline.com.br\/post\/primeiro-semin\u00e1rio-de-turismo-do-polo-munin-destaca-integra\u00e7\u00e3o-regional-e-planejamento-estrat\u00e9gico\" data-pin-media=\"https:\/\/static.wixstatic.com\/media\/7dcec5_03ffd035f7f24b83b580764eb9c657b4~mv2.jpg\/v1\/fill\/w_720,h_1280,al_c,q_85\/7dcec5_03ffd035f7f24b83b580764eb9c657b4~mv2.jpg\" data-load-done=\"\" \/><\/span><\/div>\n<\/figure>\n<\/div>\n<\/div>\n<\/div>\n<div style=\"text-align: justify;\" data-breakout=\"normal\">\n<p id=\"viewer-6zrl71714\" class=\"wsU3o OlIbR EWmQ2 BqjLQ\" dir=\"auto\"><span class=\"cluSW EWmQ2\" style=\"font-size: 14pt;\">O evento teve como objetivo principal sensibilizar autoridades e empres\u00e1rios para os benef\u00edcios econ\u00f4micos, sociais e ambientais do turismo sustent\u00e1vel. Al\u00e9m disso, buscou:<\/span><\/p>\n<\/div>\n<div style=\"text-align: justify;\" data-breakout=\"normal\">\n<p id=\"viewer-m1hk725\" class=\"wsU3o OlIbR EWmQ2 BqjLQ\" dir=\"auto\"><span class=\"cluSW EWmQ2\" style=\"font-size: 14pt;\">&#8211; Formalizar a IGR Munim como instrumento de gest\u00e3o compartilhada entre os munic\u00edpios;<\/span><\/p>\n<\/div>\n<div style=\"text-align: justify;\" data-breakout=\"normal\">\n<p id=\"viewer-t96k327\" class=\"wsU3o OlIbR EWmQ2 BqjLQ\" dir=\"auto\"><span class=\"cluSW EWmQ2\" style=\"font-size: 14pt;\">&#8211; Promover capacita\u00e7\u00f5es e parcerias para capta\u00e7\u00e3o de recursos;<\/span><\/p>\n<\/div>\n<div style=\"text-align: justify;\" data-breakout=\"normal\">\n<p id=\"viewer-2rqhu29\" class=\"wsU3o OlIbR EWmQ2 BqjLQ\" dir=\"auto\"><span class=\"cluSW EWmQ2\" style=\"font-size: 14pt;\">&#8211; Debater novas oportunidades de neg\u00f3cios, incluindo circuitos tur\u00edsticos inovadores.<\/span><\/p>\n<\/div>\n<div style=\"text-align: justify;\" data-breakout=\"normal\">\n<h2 id=\"viewer-ndxnt32\" class=\"_0-9kb q87H1 D4VE2 BqjLQ\" dir=\"auto\"><span class=\"kYdtu\" style=\"font-size: 14pt;\"> <strong>Participa\u00e7\u00f5es<\/strong> <strong>de<\/strong> <strong>Destaque<\/strong><\/span><\/h2>\n<\/div>\n<div style=\"text-align: justify;\" data-breakout=\"normal\">\n<div id=\"viewer-hd5z02430\" class=\"gm5ci\">\n<div class=\"_53iv9 AUApt\">\n<figure class=\"_8jXxT\" tabindex=\"0\" role=\"button\" data-hook=\"imageViewer\" aria-haspopup=\"true\">\n<div id=\"hd5z02430\" class=\"_3EYSQ _1b9c4 J5XSD\"><span style=\"font-size: 14pt;\"><img decoding=\"async\" src=\"https:\/\/static.wixstatic.com\/media\/7dcec5_41cd2fc6c95f45499a4a999779e9c843~mv2.jpg\/v1\/fill\/w_568,h_320,al_c,q_80,usm_0.66_1.00_0.01,enc_auto\/7dcec5_41cd2fc6c95f45499a4a999779e9c843~mv2.jpg\" alt=\"\" data-pin-url=\"https:\/\/www.cazumbaonline.com.br\/post\/primeiro-semin\u00e1rio-de-turismo-do-polo-munin-destaca-integra\u00e7\u00e3o-regional-e-planejamento-estrat\u00e9gico\" data-pin-media=\"https:\/\/static.wixstatic.com\/media\/7dcec5_41cd2fc6c95f45499a4a999779e9c843~mv2.jpg\/v1\/fill\/w_1280,h_720,al_c,q_85\/7dcec5_41cd2fc6c95f45499a4a999779e9c843~mv2.jpg\" data-load-done=\"\" \/><\/span><\/div>\n<\/figure>\n<\/div>\n<\/div>\n<\/div>\n<div style=\"text-align: justify;\" data-breakout=\"normal\">\n<p id=\"viewer-bt5n62496\" class=\"wsU3o OlIbR D4VE2 BqjLQ\" dir=\"auto\"><span class=\"cluSW\" style=\"font-size: 14pt;\">Entre os participantes, estiveram:<\/span><\/p>\n<\/div>\n<div style=\"text-align: justify;\" data-breakout=\"normal\">\n<p id=\"viewer-l3kr537\" class=\"wsU3o OlIbR EWmQ2 BqjLQ\" dir=\"auto\"><span class=\"cluSW EWmQ2\" style=\"font-size: 14pt;\">&#8211; <strong>Prefeito<\/strong> <strong>Walace<\/strong> <strong>Azevedo<\/strong>, anfitri\u00e3o e prefeito de Icatu, que destacou:<\/span><\/p>\n<\/div>\n<div style=\"text-align: justify;\" data-breakout=\"normal\">\n<div id=\"viewer-fi9l139\" dir=\"ltr\">\n<blockquote class=\"-GDL0\">\n<div id=\"viewer-1d3pn5686\" class=\"EWmQ2 BqjLQ\" dir=\"auto\"><span class=\"cluSW EWmQ2\" style=\"font-size: 14pt;\">_&#8221;Este semin\u00e1rio \u00e9 uma oportunidade hist\u00f3rica para unirmos esfor\u00e7os e consolidarmos a Regi\u00e3o do Munim como refer\u00eancia no turismo do Maranh\u00e3o. Nosso potencial natural e cultural \u00e9 imenso, e com a integra\u00e7\u00e3o dos munic\u00edpios, teremos ainda mais for\u00e7a.&#8221;<\/span><\/div>\n<\/blockquote>\n<\/div>\n<\/div>\n<div style=\"text-align: justify;\" data-breakout=\"normal\">\n<p id=\"viewer-irs8g42\" class=\"wsU3o OlIbR EWmQ2 BqjLQ\" dir=\"auto\"><span class=\"cluSW EWmQ2\" style=\"font-size: 14pt;\"><strong>David<\/strong> <strong>Amorim<\/strong>, gerente da Unidade de Neg\u00f3cios Len\u00e7\u00f3is Munim do Sebrae, que refor\u00e7ou:<\/span><\/p>\n<\/div>\n<div style=\"text-align: justify;\" data-breakout=\"normal\">\n<div id=\"viewer-dvms444\" dir=\"ltr\">\n<blockquote class=\"-GDL0\">\n<div id=\"viewer-sfqy86921\" class=\"EWmQ2 BqjLQ\" dir=\"auto\"><span class=\"cluSW EWmQ2\" style=\"font-size: 14pt;\"> _&#8221;A integra\u00e7\u00e3o regional \u00e9 essencial para que possamos criar experi\u00eancias tur\u00edsticas \u00fanicas e sustent\u00e1veis. Este \u00e9 o momento de transformar o potencial do Polo Munim em realidade, com planejamento, governan\u00e7a e parcerias s\u00f3lidas.&#8221;<\/span><\/div>\n<\/blockquote>\n<\/div>\n<\/div>\n<div style=\"text-align: justify;\" data-breakout=\"normal\">\n<p id=\"viewer-b5r9k47\" class=\"wsU3o OlIbR EWmQ2 BqjLQ\" dir=\"auto\"><span class=\"cluSW EWmQ2\" style=\"font-size: 14pt;\"><strong>Le\u00f4nidas<\/strong> <strong>Ara\u00fajo<\/strong>, da Ag\u00eancia Executiva Metropolitana (AGEM), que ressaltou:<\/span><\/p>\n<\/div>\n<div style=\"text-align: justify;\" data-breakout=\"normal\">\n<div id=\"viewer-jnh6v8653\" dir=\"ltr\">\n<blockquote class=\"-GDL0\">\n<div id=\"viewer-4bqt28747\" class=\"EWmQ2 BqjLQ\" dir=\"auto\"><span class=\"cluSW EWmQ2\" style=\"font-size: 14pt;\">_&#8221;A infraestrutura e a sinaliza\u00e7\u00e3o tur\u00edstica s\u00e3o elementos fundamentais para conectar os munic\u00edpios e atrair visitantes. A AGEM est\u00e1 comprometida em apoiar projetos que fortale\u00e7am a integra\u00e7\u00e3o regional e melhorem a experi\u00eancia dos turistas.&#8221;<\/span><\/div>\n<\/blockquote>\n<\/div>\n<\/div>\n<div style=\"text-align: justify;\" data-breakout=\"normal\">\n<p id=\"viewer-6jbfz52\" class=\"wsU3o OlIbR EWmQ2 BqjLQ\" dir=\"auto\"><span class=\"cluSW EWmQ2\" style=\"font-size: 14pt;\">Subsecret\u00e1rio de Turismo do Maranh\u00e3o, <strong>Luiz<\/strong> <strong>Tadeu<\/strong>, representando o governo estadual, que afirmou:<\/span><\/p>\n<\/div>\n<div style=\"text-align: justify;\" data-breakout=\"normal\">\n<div id=\"viewer-ko15g54\" dir=\"ltr\">\n<blockquote class=\"-GDL0\">\n<div id=\"viewer-91w2r10362\" class=\"EWmQ2 BqjLQ\" dir=\"auto\"><span class=\"cluSW EWmQ2\" style=\"font-size: 14pt;\">_&#8221;O turismo no Maranh\u00e3o precisa ser pensado de forma estrat\u00e9gica e regionalizada. A Regi\u00e3o do Munim possui um enorme potencial, e o Governo do Estado estar\u00e1 presente para apoiar iniciativas que gerem desenvolvimento e valorizem as riquezas culturais e naturais.&#8221;<\/span><\/div>\n<\/blockquote>\n<\/div>\n<\/div>\n<div style=\"text-align: justify;\" data-breakout=\"normal\">\n<h2 id=\"viewer-1ojdv11431\" class=\"_0-9kb q87H1 D4VE2 BqjLQ\" dir=\"auto\"><span class=\"kYdtu\" style=\"font-size: 14pt;\"><strong>Resultados<\/strong> e <strong>Perspectivas<\/strong>*<\/span><\/h2>\n<\/div>\n<div style=\"text-align: justify;\" data-breakout=\"normal\">\n<div id=\"viewer-zihzn3422\" class=\"gm5ci\">\n<div class=\"_53iv9 AUApt\">\n<figure class=\"_8jXxT\" tabindex=\"0\" role=\"button\" data-hook=\"imageViewer\" aria-haspopup=\"true\">\n<div id=\"zihzn3422\" class=\"_3EYSQ _1b9c4 J5XSD\"><span style=\"font-size: 14pt;\"><img decoding=\"async\" src=\"https:\/\/static.wixstatic.com\/media\/7dcec5_9ce9991732a94c6982145d9f15ac5735~mv2.jpg\/v1\/fill\/w_568,h_757,al_c,q_85,usm_0.66_1.00_0.01,enc_auto\/7dcec5_9ce9991732a94c6982145d9f15ac5735~mv2.jpg\" alt=\"\" data-pin-url=\"https:\/\/www.cazumbaonline.com.br\/post\/primeiro-semin\u00e1rio-de-turismo-do-polo-munin-destaca-integra\u00e7\u00e3o-regional-e-planejamento-estrat\u00e9gico\" data-pin-media=\"https:\/\/static.wixstatic.com\/media\/7dcec5_9ce9991732a94c6982145d9f15ac5735~mv2.jpg\/v1\/fill\/w_1200,h_1600,al_c,q_85\/7dcec5_9ce9991732a94c6982145d9f15ac5735~mv2.jpg\" data-load-done=\"\" \/><\/span><\/div>\n<\/figure>\n<\/div>\n<\/div>\n<\/div>\n<div style=\"text-align: justify;\" data-breakout=\"normal\">\n<p id=\"viewer-4vhzl3517\" class=\"wsU3o OlIbR EWmQ2 BqjLQ\" dir=\"auto\"><span class=\"cluSW EWmQ2\" style=\"font-size: 14pt;\">O semin\u00e1rio deixou como legado:<\/span><\/p>\n<\/div>\n<div style=\"text-align: justify;\" data-breakout=\"normal\">\n<p id=\"viewer-a1y8f62\" class=\"wsU3o OlIbR EWmQ2 BqjLQ\" dir=\"auto\"><span class=\"cluSW EWmQ2\" style=\"font-size: 14pt;\">&#8211; <strong>Fortalecimento<\/strong> <strong>da<\/strong> <strong>governan\u00e7a<\/strong> <strong>regional<\/strong>, com avan\u00e7os na formaliza\u00e7\u00e3o da IGR;<\/span><\/p>\n<\/div>\n<div style=\"text-align: justify;\" data-breakout=\"normal\">\n<p id=\"viewer-9pizv64\" class=\"wsU3o OlIbR EWmQ2 BqjLQ\" dir=\"auto\"><span class=\"cluSW EWmQ2\" style=\"font-size: 14pt;\">&#8211; Novas parcerias entre munic\u00edpios e o setor privado;<\/span><\/p>\n<\/div>\n<div style=\"text-align: justify;\" data-breakout=\"normal\">\n<p id=\"viewer-oafts66\" class=\"wsU3o OlIbR EWmQ2 BqjLQ\" dir=\"auto\"><span class=\"cluSW EWmQ2\" style=\"font-size: 14pt;\">&#8211; Valoriza\u00e7\u00e3o do turismo cultural, com foco nas tradi\u00e7\u00f5es locais;<\/span><\/p>\n<\/div>\n<div style=\"text-align: justify;\" data-breakout=\"normal\">\n<p id=\"viewer-dx6dt68\" class=\"wsU3o OlIbR EWmQ2 BqjLQ\" dir=\"auto\"><span class=\"cluSW EWmQ2\" style=\"font-size: 14pt;\">&#8211; Planejamento para estruturar roteiros de turismo de aventura e n\u00e1utico.<\/span><\/p>\n<\/div>\n<div style=\"text-align: justify;\" data-breakout=\"normal\">\n<p id=\"viewer-pbm6p71\" class=\"wsU3o OlIbR EWmQ2 BqjLQ\" dir=\"auto\"><span class=\"cluSW EWmQ2\" style=\"font-size: 14pt;\">Com representatividade expressiva e o engajamento das lideran\u00e7as, o evento foi um marco para impulsionar o turismo no Polo Munim, consolidando-o como um dos principais destinos do Maranh\u00e3o.<\/span><\/p>\n<\/div>\n<div style=\"text-align: justify;\" data-breakout=\"normal\">\n<p id=\"viewer-qulvx13740\" class=\"wsU3o OlIbR EWmQ2 BqjLQ\" dir=\"auto\"><span class=\"cluSW EWmQ2\" style=\"font-size: 14pt;\">O compromisso com a sustentabilidade, a cultura e o empreendedorismo segue como diretriz para transformar a regi\u00e3o em um polo de destaque no cen\u00e1rio tur\u00edstico regional e nacional.<\/span><\/p>\n<\/div>\n<div data-breakout=\"normal\">\n<p id=\"viewer-ecimg14070\" class=\"wsU3o OlIbR hPfSw BqjLQ\" dir=\"auto\" style=\"text-align: justify;\"><span class=\"cluSW\" style=\"font-size: 12pt;\">Imagens: Unidade de Neg\u00f3cios Len\u00e7\u00f3is Munin\/Divulga\u00e7\u00e3o<\/span><\/p>\n<\/div>\n<p dir=\"auto\"><span style=\"font-size: 12pt;\">Fonte: cazumbaonline<\/span><\/p>\n","protected":false},"excerpt":{"rendered":"<p>Assuntos como capta\u00e7\u00e3o de recursos e formata\u00e7\u00e3o de novos Roteiros promoveram integra\u00e7\u00e3o entre gestores p\u00fablicos, institui\u00e7\u00f5es de fomento e empres\u00e1rios em favor do turismo Sustent\u00e1vel Realizado no dia 19 de novembro no Hotel e Pousada Sossego dos Nascimento, em Icatu, o *Primeiro Semin\u00e1rio de Turismo da Regi\u00e3o do Munim* marcou um importante avan\u00e7o no planejamento [&hellip;]<\/p>\n","protected":false},"author":1,"featured_media":2673,"comment_status":"open","ping_status":"open","sticky":false,"template":"","format":"standard","meta":[],"categories":[1],"tags":[],"_links":{"self":[{"href":"https:\/\/revistamaranhaoturismo.com\/index.php?rest_route=\/wp\/v2\/posts\/2672"}],"collection":[{"href":"https:\/\/revistamaranhaoturismo.com\/index.php?rest_route=\/wp\/v2\/posts"}],"about":[{"href":"https:\/\/revistamaranhaoturismo.com\/index.php?rest_route=\/wp\/v2\/types\/post"}],"author":[{"embeddable":true,"href":"https:\/\/revistamaranhaoturismo.com\/index.php?rest_route=\/wp\/v2\/users\/1"}],"replies":[{"embeddable":true,"href":"https:\/\/revistamaranhaoturismo.com\/index.php?rest_route=%2Fwp%2Fv2%2Fcomments&post=2672"}],"version-history":[{"count":1,"href":"https:\/\/revistamaranhaoturismo.com\/index.php?rest_route=\/wp\/v2\/posts\/2672\/revisions"}],"predecessor-version":[{"id":2674,"href":"https:\/\/revistamaranhaoturismo.com\/index.php?rest_route=\/wp\/v2\/posts\/2672\/revisions\/2674"}],"wp:featuredmedia":[{"embeddable":true,"href":"https:\/\/revistamaranhaoturismo.com\/index.php?rest_route=\/wp\/v2\/media\/2673"}],"wp:attachment":[{"href":"https:\/\/revistamaranhaoturismo.com\/index.php?rest_route=%2Fwp%2Fv2%2Fmedia&parent=2672"}],"wp:term":[{"taxonomy":"category","embeddable":true,"href":"https:\/\/revistamaranhaoturismo.com\/index.php?rest_route=%2Fwp%2Fv2%2Fcategories&post=2672"},{"taxonomy":"post_tag","embeddable":true,"href":"https:\/\/revistamaranhaoturismo.com\/index.php?rest_route=%2Fwp%2Fv2%2Ftags&post=2672"}],"curies":[{"name":"wp","href":"https:\/\/api.w.org\/{rel}","templated":true}]}}