{"id":2675,"date":"2024-11-22T12:26:38","date_gmt":"2024-11-22T15:26:38","guid":{"rendered":"https:\/\/revistamaranhaoturismo.com\/?p=2675"},"modified":"2024-11-22T12:33:39","modified_gmt":"2024-11-22T15:33:39","slug":"feiras-criativas-estimulam-empreendedorismo-feminino-na-capital-maranhense","status":"publish","type":"post","link":"https:\/\/revistamaranhaoturismo.com\/?p=2675","title":{"rendered":"Feiras criativas estimulam empreendedorismo feminino na capital maranhense"},"content":{"rendered":"<p dir=\"ltr\" style=\"text-align: justify;\"><em><span style=\"font-size: 14pt;\">Integrando a programa\u00e7\u00e3o do Mobiliza SLZ, eventos realizados prioritariamente por mulheres utilizam a for\u00e7a do coletivo para conquistarem mais espa\u00e7o e visibilidade<\/span><\/em><\/p>\n<p dir=\"ltr\" style=\"text-align: justify;\"><span style=\"font-size: 14pt;\">No m\u00eas em que se celebra o Dia Mundial do Empreendedorismo Feminino, comemorado em 19 de novembro, a cidade de S\u00e3o Lu\u00eds j\u00e1 recebeu quatro iniciativas que apoiam a mulher empreendedora: a &#8220;Feira Encontro de Brech\u00f3s&#8221;, a &#8220;Expo Angelim&#8221;, a &#8220;Expo Lojas SLZ&#8221; e o &#8220;Mercado Minha Pariceira&#8221;. As a\u00e7\u00f5es fazem parte da extensa agenda de atividades da 4\u00aa edi\u00e7\u00e3o do\u00a0<a href=\"https:\/\/mobilizaslz.com.br\/\" target=\"_blank\" rel=\"noopener noreferrer\" data-saferedirecturl=\"https:\/\/www.google.com\/url?q=https:\/\/mobilizaslz.com.br\/&amp;source=gmail&amp;ust=1732369977334000&amp;usg=AOvVaw3BeJNRacGMrx1CImknxxc0\">Mobiliza SLZ<\/a>, evento que fomenta o turismo, a cultura e a economia criativa na capital, de 16 a 24 de novembro.<\/span><\/p>\n<p dir=\"ltr\"><a href=\"https:\/\/revistamaranhaoturismo.com\/feiras-criativas-estimulam-empreendedorismo-feminino-na-capital-maranhense\/foto-2-gabrielle-arruda\/\" rel=\"attachment wp-att-2678\"><img decoding=\"async\" loading=\"lazy\" class=\"aligncenter size-full wp-image-2678\" src=\"https:\/\/revistamaranhaoturismo.com\/wp-content\/uploads\/2024\/11\/Foto-2-Gabrielle-Arruda-scaled.jpg\" alt=\"\" width=\"2560\" height=\"1978\" data-wp-pid=\"2678\" srcset=\"https:\/\/revistamaranhaoturismo.com\/wp-content\/uploads\/2024\/11\/Foto-2-Gabrielle-Arruda-scaled.jpg 2560w, https:\/\/revistamaranhaoturismo.com\/wp-content\/uploads\/2024\/11\/Foto-2-Gabrielle-Arruda-300x232.jpg 300w, https:\/\/revistamaranhaoturismo.com\/wp-content\/uploads\/2024\/11\/Foto-2-Gabrielle-Arruda-1024x791.jpg 1024w, https:\/\/revistamaranhaoturismo.com\/wp-content\/uploads\/2024\/11\/Foto-2-Gabrielle-Arruda-768x593.jpg 768w, https:\/\/revistamaranhaoturismo.com\/wp-content\/uploads\/2024\/11\/Foto-2-Gabrielle-Arruda-1536x1187.jpg 1536w, https:\/\/revistamaranhaoturismo.com\/wp-content\/uploads\/2024\/11\/Foto-2-Gabrielle-Arruda-2048x1583.jpg 2048w, https:\/\/revistamaranhaoturismo.com\/wp-content\/uploads\/2024\/11\/Foto-2-Gabrielle-Arruda-750x580.jpg 750w, https:\/\/revistamaranhaoturismo.com\/wp-content\/uploads\/2024\/11\/Foto-2-Gabrielle-Arruda-1140x881.jpg 1140w, https:\/\/revistamaranhaoturismo.com\/wp-content\/uploads\/2024\/11\/Foto-2-Gabrielle-Arruda-800x618.jpg 800w\" sizes=\"(max-width: 2560px) 100vw, 2560px\" \/><\/a><\/p>\n<p dir=\"ltr\" style=\"text-align: justify;\"><span style=\"font-size: 14pt;\">A ilustradora Gabrielle Arruda, de 28 anos, transformou a paix\u00e3o em profiss\u00e3o, e hoje pinta murais em parede e ilustra materiais de papelaria, expostos no &#8220;Mercado Minha Pariceira&#8221;. Para ela, as feiras criativas s\u00e3o necess\u00e1rias por darem maior visibilidade aos pequenos neg\u00f3cios, de modo a aumentar a clientela e possibilitar trocas importantes entre os empreendedores. &#8220;N\u00f3s nos ajudamos e crescemos juntos&#8221;, afirma Arruda.<\/span><\/p>\n<p dir=\"ltr\" style=\"text-align: justify;\"><span style=\"font-size: 14pt;\">Realizada no domingo (17), na pra\u00e7a da Lagoa da Jansen, a feira visa fazer o empreendedorismo feminino local crescer de forma justa e transparente, valorizando o trabalho manual e independente, resume Samira de Ara\u00fajo, respons\u00e1vel pela atividade. &#8220;O maior objetivo do &#8216;Mercado Minha Pariceira&#8217;, al\u00e9m do senso de coletividade, \u00e9 a forma de interagir com o consumo consciente. Fazer com que o consumidor final saiba de onde vem, como foi feito e quem fez o seu produto&#8221;, completa.<\/span><\/p>\n<p dir=\"ltr\"><a href=\"https:\/\/revistamaranhaoturismo.com\/feiras-criativas-estimulam-empreendedorismo-feminino-na-capital-maranhense\/foto-4-centro-de-sao-luis\/\" rel=\"attachment wp-att-2679\"><img decoding=\"async\" loading=\"lazy\" class=\"aligncenter size-full wp-image-2679\" src=\"https:\/\/revistamaranhaoturismo.com\/wp-content\/uploads\/2024\/11\/Foto-4-Centro-de-Sao-Luis-scaled.jpg\" alt=\"\" width=\"1957\" height=\"2560\" data-wp-pid=\"2679\" srcset=\"https:\/\/revistamaranhaoturismo.com\/wp-content\/uploads\/2024\/11\/Foto-4-Centro-de-Sao-Luis-scaled.jpg 1957w, https:\/\/revistamaranhaoturismo.com\/wp-content\/uploads\/2024\/11\/Foto-4-Centro-de-Sao-Luis-229x300.jpg 229w, https:\/\/revistamaranhaoturismo.com\/wp-content\/uploads\/2024\/11\/Foto-4-Centro-de-Sao-Luis-783x1024.jpg 783w, https:\/\/revistamaranhaoturismo.com\/wp-content\/uploads\/2024\/11\/Foto-4-Centro-de-Sao-Luis-768x1005.jpg 768w, https:\/\/revistamaranhaoturismo.com\/wp-content\/uploads\/2024\/11\/Foto-4-Centro-de-Sao-Luis-1174x1536.jpg 1174w, https:\/\/revistamaranhaoturismo.com\/wp-content\/uploads\/2024\/11\/Foto-4-Centro-de-Sao-Luis-1565x2048.jpg 1565w, https:\/\/revistamaranhaoturismo.com\/wp-content\/uploads\/2024\/11\/Foto-4-Centro-de-Sao-Luis-750x981.jpg 750w, https:\/\/revistamaranhaoturismo.com\/wp-content\/uploads\/2024\/11\/Foto-4-Centro-de-Sao-Luis-1140x1492.jpg 1140w, https:\/\/revistamaranhaoturismo.com\/wp-content\/uploads\/2024\/11\/Foto-4-Centro-de-Sao-Luis-800x1047.jpg 800w\" sizes=\"(max-width: 1957px) 100vw, 1957px\" \/><\/a><\/p>\n<p dir=\"ltr\" style=\"text-align: justify;\"><span style=\"font-size: 14pt;\">Os demais eventos que tamb\u00e9m miraram no fomento ao empreendedorismo feminino aconteceram no s\u00e1bado (16), primeiro dia de atividades do Mobiliza. A &#8220;Feira Encontro de Brech\u00f3s&#8221; ocorreu no Centro, o &#8220;Expo Angelim&#8221; no bairro Angelim e a &#8220;Expo Lojas SLZ&#8221; na Cohama. &#8220;Gosto muito de fazer parte disso e poder trazer mulheres empreendedoras de lugares afins para realmente juntar, conectar e, sobretudo, inspirar&#8221;, diz Ivana Andr\u00e9a, organizadora da &#8220;Expo Lojas SLZ&#8221;.<\/span><\/p>\n<p dir=\"ltr\" style=\"text-align: justify;\"><span style=\"font-size: 14pt;\">Pr\u00f3ximas agendas<\/span><\/p>\n<p dir=\"ltr\" style=\"text-align: justify;\"><span style=\"font-size: 14pt;\">No pr\u00f3ximo s\u00e1bado (23), o &#8220;Mobiliza a Palma&#8221; vai movimentar a Rua da Palma, Centro Hist\u00f3rico de S\u00e3o Lu\u00eds, das 16h \u00e0s 21h, no Instituto de Estudos Sociais e Terapias Integrativas (IESTI). Al\u00e9m de exposi\u00e7\u00e3o de produtos e servi\u00e7os de empreendedoras da regi\u00e3o e do projeto &#8220;Feirinha Delas&#8221;, a a\u00e7\u00e3o tamb\u00e9m vai contar com m\u00fasica ao vivo, roda de capoeira, apresenta\u00e7\u00f5es culturais e visita guiada ao casar\u00e3o do IESTI.<\/span><\/p>\n<p dir=\"ltr\"><a href=\"https:\/\/revistamaranhaoturismo.com\/feiras-criativas-estimulam-empreendedorismo-feminino-na-capital-maranhense\/foto-3-ivana-andrea\/\" rel=\"attachment wp-att-2676\"><img decoding=\"async\" loading=\"lazy\" class=\"aligncenter size-full wp-image-2676\" src=\"https:\/\/revistamaranhaoturismo.com\/wp-content\/uploads\/2024\/11\/Foto-3-Ivana-Andrea-scaled.jpg\" alt=\"\" width=\"2560\" height=\"2560\" data-wp-pid=\"2676\" srcset=\"https:\/\/revistamaranhaoturismo.com\/wp-content\/uploads\/2024\/11\/Foto-3-Ivana-Andrea-scaled.jpg 2560w, https:\/\/revistamaranhaoturismo.com\/wp-content\/uploads\/2024\/11\/Foto-3-Ivana-Andrea-300x300.jpg 300w, https:\/\/revistamaranhaoturismo.com\/wp-content\/uploads\/2024\/11\/Foto-3-Ivana-Andrea-1024x1024.jpg 1024w, https:\/\/revistamaranhaoturismo.com\/wp-content\/uploads\/2024\/11\/Foto-3-Ivana-Andrea-150x150.jpg 150w, https:\/\/revistamaranhaoturismo.com\/wp-content\/uploads\/2024\/11\/Foto-3-Ivana-Andrea-768x768.jpg 768w, https:\/\/revistamaranhaoturismo.com\/wp-content\/uploads\/2024\/11\/Foto-3-Ivana-Andrea-1536x1536.jpg 1536w, https:\/\/revistamaranhaoturismo.com\/wp-content\/uploads\/2024\/11\/Foto-3-Ivana-Andrea-2048x2048.jpg 2048w, https:\/\/revistamaranhaoturismo.com\/wp-content\/uploads\/2024\/11\/Foto-3-Ivana-Andrea-75x75.jpg 75w, https:\/\/revistamaranhaoturismo.com\/wp-content\/uploads\/2024\/11\/Foto-3-Ivana-Andrea-750x750.jpg 750w, https:\/\/revistamaranhaoturismo.com\/wp-content\/uploads\/2024\/11\/Foto-3-Ivana-Andrea-1140x1140.jpg 1140w, https:\/\/revistamaranhaoturismo.com\/wp-content\/uploads\/2024\/11\/Foto-3-Ivana-Andrea-800x800.jpg 800w, https:\/\/revistamaranhaoturismo.com\/wp-content\/uploads\/2024\/11\/Foto-3-Ivana-Andrea-600x600.jpg 600w\" sizes=\"(max-width: 2560px) 100vw, 2560px\" \/><\/a><\/p>\n<p dir=\"ltr\" style=\"text-align: justify;\"><span style=\"font-size: 14pt;\">No mesmo dia, a &#8220;Feira MA Preta&#8221; vai promover o afroempreendedorismo e celebrar a cultura negra, com apresenta\u00e7\u00f5es art\u00edsticas e exposi\u00e7\u00f5es de produtos e servi\u00e7os em feira com forte participa\u00e7\u00e3o de empreendedoras negras. Haver\u00e1 ainda espa\u00e7os de gastronomia afro-brasileira, de networking empresarial e de di\u00e1logo sobre empreendedorismo, cultura e resist\u00eancia. A atividade ser\u00e1 realizada na Pra\u00e7a das Merc\u00eas, Centro, das 16h \u00e0s 23h, e se estender\u00e1 at\u00e9 o dia 30 de novembro.<\/span><\/p>\n<p dir=\"ltr\" style=\"text-align: justify;\"><span style=\"font-size: 14pt;\">A programa\u00e7\u00e3o completa do Mobiliza SLZ est\u00e1 dispon\u00edvel no site\u00a0<a href=\"https:\/\/mobilizaslz.com.br\/\" target=\"_blank\" rel=\"noopener noreferrer\" data-saferedirecturl=\"https:\/\/www.google.com\/url?q=https:\/\/mobilizaslz.com.br\/&amp;source=gmail&amp;ust=1732369977334000&amp;usg=AOvVaw3BeJNRacGMrx1CImknxxc0\">mobilizaslz.com.br<\/a>\u00a0e no Instagram do movimento (@mobilizasaoluis).<\/span><\/p>\n<p dir=\"ltr\" style=\"text-align: justify;\"><span style=\"font-size: 14pt;\">N\u00fameros<\/span><\/p>\n<p dir=\"ltr\" style=\"text-align: justify;\"><span style=\"font-size: 14pt;\">Quase 70% das atividades conduzidas pelos produtores culturais no Mobiliza S\u00e3o Lu\u00eds s\u00e3o lideradas por mulheres. Elas s\u00e3o maioria no movimento, apesar de serem minoria entre os donos de neg\u00f3cio no Maranh\u00e3o, respondendo por apenas um ter\u00e7o do total de empreendimentos do estado, entre formais e informais. O dado \u00e9 de\u00a0<a href=\"https:\/\/ma.agenciasebrae.com.br\/dados\/mulheres-sao-responsaveis-por-um-terco-dos-empreendimentos-no-maranhao\/\" target=\"_blank\" rel=\"noopener noreferrer\" data-saferedirecturl=\"https:\/\/www.google.com\/url?q=https:\/\/ma.agenciasebrae.com.br\/dados\/mulheres-sao-responsaveis-por-um-terco-dos-empreendimentos-no-maranhao\/&amp;source=gmail&amp;ust=1732369977334000&amp;usg=AOvVaw05YirikYUHBrndOeFjvf3g\">levantamento produzido pelo Sebrae Maranh\u00e3o<\/a>, em mar\u00e7o deste ano, que revelou ainda que somente cerca de 14% do total de mulheres empreendedoras possuem empresa formalizada.<\/span><\/p>\n","protected":false},"excerpt":{"rendered":"<p>Integrando a programa\u00e7\u00e3o do Mobiliza SLZ, eventos realizados prioritariamente por mulheres utilizam a for\u00e7a do coletivo para conquistarem mais espa\u00e7o e visibilidade No m\u00eas em que se celebra o Dia Mundial do Empreendedorismo Feminino, comemorado em 19 de novembro, a cidade de S\u00e3o Lu\u00eds j\u00e1 recebeu quatro iniciativas que apoiam a mulher empreendedora: a &#8220;Feira [&hellip;]<\/p>\n","protected":false},"author":1,"featured_media":2677,"comment_status":"open","ping_status":"open","sticky":false,"template":"","format":"standard","meta":[],"categories":[1],"tags":[],"_links":{"self":[{"href":"https:\/\/revistamaranhaoturismo.com\/index.php?rest_route=\/wp\/v2\/posts\/2675"}],"collection":[{"href":"https:\/\/revistamaranhaoturismo.com\/index.php?rest_route=\/wp\/v2\/posts"}],"about":[{"href":"https:\/\/revistamaranhaoturismo.com\/index.php?rest_route=\/wp\/v2\/types\/post"}],"author":[{"embeddable":true,"href":"https:\/\/revistamaranhaoturismo.com\/index.php?rest_route=\/wp\/v2\/users\/1"}],"replies":[{"embeddable":true,"href":"https:\/\/revistamaranhaoturismo.com\/index.php?rest_route=%2Fwp%2Fv2%2Fcomments&post=2675"}],"version-history":[{"count":2,"href":"https:\/\/revistamaranhaoturismo.com\/index.php?rest_route=\/wp\/v2\/posts\/2675\/revisions"}],"predecessor-version":[{"id":2681,"href":"https:\/\/revistamaranhaoturismo.com\/index.php?rest_route=\/wp\/v2\/posts\/2675\/revisions\/2681"}],"wp:featuredmedia":[{"embeddable":true,"href":"https:\/\/revistamaranhaoturismo.com\/index.php?rest_route=\/wp\/v2\/media\/2677"}],"wp:attachment":[{"href":"https:\/\/revistamaranhaoturismo.com\/index.php?rest_route=%2Fwp%2Fv2%2Fmedia&parent=2675"}],"wp:term":[{"taxonomy":"category","embeddable":true,"href":"https:\/\/revistamaranhaoturismo.com\/index.php?rest_route=%2Fwp%2Fv2%2Fcategories&post=2675"},{"taxonomy":"post_tag","embeddable":true,"href":"https:\/\/revistamaranhaoturismo.com\/index.php?rest_route=%2Fwp%2Fv2%2Ftags&post=2675"}],"curies":[{"name":"wp","href":"https:\/\/api.w.org\/{rel}","templated":true}]}}