{"id":4078,"date":"2026-01-26T20:59:38","date_gmt":"2026-01-26T23:59:38","guid":{"rendered":"https:\/\/revistamaranhaoturismo.com\/?p=4078"},"modified":"2026-01-26T20:59:38","modified_gmt":"2026-01-26T23:59:38","slug":"nova-praca-do-sol-e-entregue-totalmente-revitalizada-na-ponta-dareia","status":"publish","type":"post","link":"https:\/\/revistamaranhaoturismo.com\/?p=4078","title":{"rendered":"Nova Pra\u00e7a do Sol \u00e9 entregue totalmente revitalizada na Ponta d\u2019Areia"},"content":{"rendered":"<p style=\"text-align: justify;\"><strong><span style=\"font-size: 14pt;\">Obra do Governo do Estado devolve protagonismo de ponto tur\u00edstico ao local com uma das vistas mais privilegiadas da orla de S\u00e3o Lu\u00eds<\/span><\/strong><\/p>\n<p style=\"text-align: justify;\"><span style=\"font-size: 14pt;\">O visual da Ponta d\u2019Areia, em S\u00e3o Lu\u00eds, foi completamente renovado. O Governo do Estado do Maranh\u00e3o entregou para a popula\u00e7\u00e3o, nesta sexta-feira (23), a nova Pra\u00e7a do Sol. Totalmente repaginada, um dos pontos tur\u00edsticos mais amados de S\u00e3o Lu\u00eds agora conta com uma estrutura moderna, acess\u00edvel e pronta para receber tanto as fam\u00edlias maranhenses como os turistas, com todo o conforto que eles merecem.<\/span><\/p>\n<figure id=\"attachment_4080\" aria-describedby=\"caption-attachment-4080\" style=\"width: 1274px\" class=\"wp-caption aligncenter\"><a href=\"https:\/\/revistamaranhaoturismo.com\/?attachment_id=4080\" rel=\"attachment wp-att-4080\"><img decoding=\"async\" loading=\"lazy\" class=\"size-full wp-image-4080\" src=\"https:\/\/revistamaranhaoturismo.com\/wp-content\/uploads\/2026\/01\/ssaasas.png\" alt=\"\" width=\"1274\" height=\"849\" srcset=\"https:\/\/revistamaranhaoturismo.com\/wp-content\/uploads\/2026\/01\/ssaasas.png 1274w, https:\/\/revistamaranhaoturismo.com\/wp-content\/uploads\/2026\/01\/ssaasas-300x200.png 300w, https:\/\/revistamaranhaoturismo.com\/wp-content\/uploads\/2026\/01\/ssaasas-1024x682.png 1024w, https:\/\/revistamaranhaoturismo.com\/wp-content\/uploads\/2026\/01\/ssaasas-768x512.png 768w, https:\/\/revistamaranhaoturismo.com\/wp-content\/uploads\/2026\/01\/ssaasas-750x500.png 750w, https:\/\/revistamaranhaoturismo.com\/wp-content\/uploads\/2026\/01\/ssaasas-1140x760.png 1140w\" sizes=\"(max-width: 1274px) 100vw, 1274px\" \/><\/a><figcaption id=\"caption-attachment-4080\" class=\"wp-caption-text\"><span style=\"color: #000000;\"><strong>Fotos: Brunno Carvalho<\/strong><\/span><\/figcaption><\/figure>\n<p style=\"text-align: justify;\"><span style=\"font-size: 14pt;\">&#8220;Eu tenho certeza que a Pra\u00e7a do Sol vai ser o motivo de muitas pessoas virem para c\u00e1 tomar uma \u00e1gua de coco e desfrutar dessa vista maravilhosa. Um verdadeiro cart\u00e3o postal feito com capricho. Tudo aqui \u00e9 de primeira qualidade. N\u00e3o se mediu esfor\u00e7os para entregar um trabalho de qualidade para o povo&#8221;, ressaltou o governador Carlos Brand\u00e3o.<\/span><\/p>\n<p><span style=\"font-size: 14pt;\">Com uma \u00e1rea de 25 mil metros quadrados, a obra executada pela Secretaria de Estado da Infraestrutura (Sinfra) foi muito al\u00e9m da est\u00e9tica. O espa\u00e7o recebeu uma reforma estrutural, incluindo a renova\u00e7\u00e3o total dos pisos e das redes el\u00e9trica, hidr\u00e1ulica e sanit\u00e1ria.<\/span><\/p>\n<figure id=\"attachment_4081\" aria-describedby=\"caption-attachment-4081\" style=\"width: 1274px\" class=\"wp-caption aligncenter\"><a href=\"https:\/\/revistamaranhaoturismo.com\/?attachment_id=4081\" rel=\"attachment wp-att-4081\"><img decoding=\"async\" loading=\"lazy\" class=\"size-full wp-image-4081\" src=\"https:\/\/revistamaranhaoturismo.com\/wp-content\/uploads\/2026\/01\/qwqdqq.png\" alt=\"\" width=\"1274\" height=\"849\" srcset=\"https:\/\/revistamaranhaoturismo.com\/wp-content\/uploads\/2026\/01\/qwqdqq.png 1274w, https:\/\/revistamaranhaoturismo.com\/wp-content\/uploads\/2026\/01\/qwqdqq-300x200.png 300w, https:\/\/revistamaranhaoturismo.com\/wp-content\/uploads\/2026\/01\/qwqdqq-1024x682.png 1024w, https:\/\/revistamaranhaoturismo.com\/wp-content\/uploads\/2026\/01\/qwqdqq-768x512.png 768w, https:\/\/revistamaranhaoturismo.com\/wp-content\/uploads\/2026\/01\/qwqdqq-750x500.png 750w, https:\/\/revistamaranhaoturismo.com\/wp-content\/uploads\/2026\/01\/qwqdqq-1140x760.png 1140w\" sizes=\"(max-width: 1274px) 100vw, 1274px\" \/><\/a><figcaption id=\"caption-attachment-4081\" class=\"wp-caption-text\"><span style=\"color: #000000;\"><strong>Fotos: Brunno Carvalho<\/strong><\/span><\/figcaption><\/figure>\n<p style=\"text-align: justify;\"><span style=\"font-size: 14pt;\">Para o secret\u00e1rio de Estado da Infraestrutura, Apar\u00edcio Bandeira, a transforma\u00e7\u00e3o impressiona. &#8220;Existe uma Ponta d\u2019Areia antes dessa pra\u00e7a e outra depois dessa pra\u00e7a. S\u00e3o 25 mil metros quadrados dotados de toda modernidade. \u00c9 um prazer imenso entregar essa important\u00edssima obra na orla de S\u00e3o Lu\u00eds&#8221;, disse.<\/span><\/p>\n<p><span style=\"font-size: 14pt;\">A nova Pra\u00e7a do Sol foi pensada para ser o destino de lazer em qualquer dia da semana. Para encantar os visitantes, a escultura da sereia, feita em zirconita e assinada pelo artista Eduardo Sereno, est\u00e1 de volta. Ainda no ato da inaugura\u00e7\u00e3o, muitos visitantes aproveitaram para tirar fotos ao lado do monumento e contemplar um belo p\u00f4r do sol.<\/span><\/p>\n<figure id=\"attachment_4082\" aria-describedby=\"caption-attachment-4082\" style=\"width: 1274px\" class=\"wp-caption aligncenter\"><a href=\"https:\/\/revistamaranhaoturismo.com\/?attachment_id=4082\" rel=\"attachment wp-att-4082\"><img decoding=\"async\" loading=\"lazy\" class=\"size-full wp-image-4082\" src=\"https:\/\/revistamaranhaoturismo.com\/wp-content\/uploads\/2026\/01\/ddsddee.png\" alt=\"\" width=\"1274\" height=\"849\" srcset=\"https:\/\/revistamaranhaoturismo.com\/wp-content\/uploads\/2026\/01\/ddsddee.png 1274w, https:\/\/revistamaranhaoturismo.com\/wp-content\/uploads\/2026\/01\/ddsddee-300x200.png 300w, https:\/\/revistamaranhaoturismo.com\/wp-content\/uploads\/2026\/01\/ddsddee-1024x682.png 1024w, https:\/\/revistamaranhaoturismo.com\/wp-content\/uploads\/2026\/01\/ddsddee-768x512.png 768w, https:\/\/revistamaranhaoturismo.com\/wp-content\/uploads\/2026\/01\/ddsddee-750x500.png 750w, https:\/\/revistamaranhaoturismo.com\/wp-content\/uploads\/2026\/01\/ddsddee-1140x760.png 1140w\" sizes=\"(max-width: 1274px) 100vw, 1274px\" \/><\/a><figcaption id=\"caption-attachment-4082\" class=\"wp-caption-text\"><span style=\"color: #000000;\"><strong>Fotos: Brunno Carvalho<\/strong><\/span><\/figcaption><\/figure>\n<p style=\"text-align: justify;\"><span style=\"font-size: 14pt;\">Arte, gastronomia, bem-estar e lazer se unem em um s\u00f3 lugar. A pra\u00e7a de alimenta\u00e7\u00e3o completa possui 36 restaurantes e 11 barracas de \u00e1gua de coco. A pra\u00e7a tem ainda academia ao ar livre para quem n\u00e3o abre m\u00e3o do treino sentindo a brisa do mar. E, para a crian\u00e7ada, playground moderno, al\u00e9m do espa\u00e7o pet exclusivo para os amigos de quatro patas.<\/span><\/p>\n<p><span style=\"font-size: 14pt;\">O projeto tamb\u00e9m priorizou o cuidado com as pessoas. O local conta com rampas de acesso \u00e0 praia, novos guarda-corpos e um estacionamento organizado. Para garantir a tranquilidade dos frequentadores, um novo posto policial tamb\u00e9m foi instalado na \u00e1rea.<\/span><br \/>\n<a href=\"https:\/\/revistamaranhaoturismo.com\/?attachment_id=4096\" rel=\"attachment wp-att-4096\"><img decoding=\"async\" loading=\"lazy\" class=\"aligncenter size-full wp-image-4096\" src=\"https:\/\/revistamaranhaoturismo.com\/wp-content\/uploads\/2026\/01\/asasaaa.png\" alt=\"\" width=\"1274\" height=\"849\" srcset=\"https:\/\/revistamaranhaoturismo.com\/wp-content\/uploads\/2026\/01\/asasaaa.png 1274w, https:\/\/revistamaranhaoturismo.com\/wp-content\/uploads\/2026\/01\/asasaaa-300x200.png 300w, https:\/\/revistamaranhaoturismo.com\/wp-content\/uploads\/2026\/01\/asasaaa-1024x682.png 1024w, https:\/\/revistamaranhaoturismo.com\/wp-content\/uploads\/2026\/01\/asasaaa-768x512.png 768w, https:\/\/revistamaranhaoturismo.com\/wp-content\/uploads\/2026\/01\/asasaaa-750x500.png 750w, https:\/\/revistamaranhaoturismo.com\/wp-content\/uploads\/2026\/01\/asasaaa-1140x760.png 1140w\" sizes=\"(max-width: 1274px) 100vw, 1274px\" \/><\/a><span style=\"font-size: 14pt;\">A reforma da Pra\u00e7a do Sol eliminou barreiras arquitet\u00f4nicas que antes impediam o acesso de pessoas com mobilidade reduzida. De acordo com Leidiana Dias, secret\u00e1ria do Instituto Amor Incondicional, a substitui\u00e7\u00e3o do terreno irregular por um piso adequado transformou o local em um ponto tur\u00edstico, de fato, inclusivo.<\/span><\/p>\n<p><span style=\"font-size: 14pt;\">&#8220;Antes n\u00e3o tinha como vir, porque era cheio de pedra e n\u00e3o dava para andar com cadeira de rodas. Hoje, a gente v\u00ea que est\u00e1 com uma acessibilidade maravilhosa. O projeto pensou bastante nas pessoas com defici\u00eancia. N\u00e3o h\u00e1 mais nada que impe\u00e7a o deslocamento. \u00c9 maravilhoso poder trazer as crian\u00e7as para curtir essa vista sem nenhum tipo de empecilho&#8221;, observou Leidiana.<\/span><br \/>\n<a href=\"https:\/\/revistamaranhaoturismo.com\/?attachment_id=4095\" rel=\"attachment wp-att-4095\"><img decoding=\"async\" loading=\"lazy\" class=\"aligncenter size-full wp-image-4095\" src=\"https:\/\/revistamaranhaoturismo.com\/wp-content\/uploads\/2026\/01\/cdcdsaa.png\" alt=\"\" width=\"1274\" height=\"849\" srcset=\"https:\/\/revistamaranhaoturismo.com\/wp-content\/uploads\/2026\/01\/cdcdsaa.png 1274w, https:\/\/revistamaranhaoturismo.com\/wp-content\/uploads\/2026\/01\/cdcdsaa-300x200.png 300w, https:\/\/revistamaranhaoturismo.com\/wp-content\/uploads\/2026\/01\/cdcdsaa-1024x682.png 1024w, https:\/\/revistamaranhaoturismo.com\/wp-content\/uploads\/2026\/01\/cdcdsaa-768x512.png 768w, https:\/\/revistamaranhaoturismo.com\/wp-content\/uploads\/2026\/01\/cdcdsaa-750x500.png 750w, https:\/\/revistamaranhaoturismo.com\/wp-content\/uploads\/2026\/01\/cdcdsaa-1140x760.png 1140w\" sizes=\"(max-width: 1274px) 100vw, 1274px\" \/><\/a><span style=\"font-size: 14pt;\">Para quem acompanhou as d\u00e9cadas de abandono, a revitaliza\u00e7\u00e3o da Pra\u00e7a do Sol representa o resgate da autoestima do bairro Ponta d\u2019Areia. Moradora da regi\u00e3o h\u00e1 60 anos, a aposentada Juliete Pinheiro reconhece que o novo espa\u00e7o estimula o lazer noturno e a pr\u00e1tica de exerc\u00edcios f\u00edsicos.<\/span><\/p>\n<p><span style=\"font-size: 14pt;\">&#8220;A Pra\u00e7a do Sol era feia, agora est\u00e1 linda. Foi maravilhoso o servi\u00e7o do nosso governador. Ele est\u00e1 de parab\u00e9ns. A vista ficou mais bonita, voc\u00ea pode passear \u00e0 noite e fazer caminhada. As barraquinhas de coco e a \u00e1rea de gin\u00e1stica ficaram nota 10. Eu tiro o chap\u00e9u&#8221;, afirmou Juliete.<\/span><br \/>\n<a href=\"https:\/\/revistamaranhaoturismo.com\/?attachment_id=4094\" rel=\"attachment wp-att-4094\"><img decoding=\"async\" loading=\"lazy\" class=\"aligncenter size-full wp-image-4094\" src=\"https:\/\/revistamaranhaoturismo.com\/wp-content\/uploads\/2026\/01\/qasdadad.png\" alt=\"\" width=\"1274\" height=\"849\" srcset=\"https:\/\/revistamaranhaoturismo.com\/wp-content\/uploads\/2026\/01\/qasdadad.png 1274w, https:\/\/revistamaranhaoturismo.com\/wp-content\/uploads\/2026\/01\/qasdadad-300x200.png 300w, https:\/\/revistamaranhaoturismo.com\/wp-content\/uploads\/2026\/01\/qasdadad-1024x682.png 1024w, https:\/\/revistamaranhaoturismo.com\/wp-content\/uploads\/2026\/01\/qasdadad-768x512.png 768w, https:\/\/revistamaranhaoturismo.com\/wp-content\/uploads\/2026\/01\/qasdadad-750x500.png 750w, https:\/\/revistamaranhaoturismo.com\/wp-content\/uploads\/2026\/01\/qasdadad-1140x760.png 1140w\" sizes=\"(max-width: 1274px) 100vw, 1274px\" \/><\/a><span style=\"font-size: 14pt;\">O turismo maranhense \u00e9 um dos segmentos mais impactos pela entrega. &#8220;A Pra\u00e7a do Sol \u00e9 important\u00edssima para n\u00f3s. O turista vem para a cidade e quer conhecer lugares bonitos que tenham sentido e valor cultural. E n\u00f3s, da Setur-MA e da comunidade, ficamos muito felizes em receber uma pra\u00e7a t\u00e3o bonita, que tem um significado t\u00e3o grande para os maranhenses. Vamos preservar para manter vivas as nossas mem\u00f3rias\u201d, destacou a secret\u00e1ria de Estado do Turismo, Socorro Ara\u00fajo.<\/span><\/p>\n<p><span style=\"font-size: 14pt;\">A entrega contou com descerramento da placa de inaugura\u00e7\u00e3o, ben\u00e7\u00e3o na capela e cerim\u00f4nia com a presen\u00e7a de autoridades federais, estaduais e municipais, como: o secret\u00e1rio de Assuntos Municipalistas, Orleans Brand\u00e3o; o senador Weverton Rocha, o deputado federal Duarte Jr., e outros que comemoraram a revitaliza\u00e7\u00e3o como uma grande conquista.<\/span><\/p>\n<p><span style=\"font-size: 14pt;\"><strong>Homenagem a Jo\u00e3o Mohana<\/strong><\/span><\/p>\n<p><span style=\"font-size: 14pt;\">Ap\u00f3s o descerramento da placa ocorreu uma homenagem simb\u00f3lica ao Padre Jo\u00e3o Mohana com a presen\u00e7a da irm\u00e3 do religioso e foi carregada de emo\u00e7\u00e3o, especialmente durante a b\u00ean\u00e7\u00e3o na capela. O celebrante da missa recordou o per\u00edodo em que foi aluno de Mohana. Um tributo para reverenciar o legado do padre e m\u00e9dico maranhense.<\/span><br \/>\n<a href=\"https:\/\/revistamaranhaoturismo.com\/?attachment_id=4092\" rel=\"attachment wp-att-4092\"><img decoding=\"async\" loading=\"lazy\" class=\"aligncenter size-full wp-image-4092\" src=\"https:\/\/revistamaranhaoturismo.com\/wp-content\/uploads\/2026\/01\/asddfhjgk.png\" alt=\"\" width=\"478\" height=\"849\" srcset=\"https:\/\/revistamaranhaoturismo.com\/wp-content\/uploads\/2026\/01\/asddfhjgk.png 478w, https:\/\/revistamaranhaoturismo.com\/wp-content\/uploads\/2026\/01\/asddfhjgk-169x300.png 169w\" sizes=\"(max-width: 478px) 100vw, 478px\" \/><\/a><br \/>\n<span style=\"font-size: 14pt;\">Na nova pra\u00e7a foi instalada uma placa que conta a hist\u00f3ria de vida de Mohana, que foi padre, m\u00e9dico, psic\u00f3logo e escritor brasileiro com v\u00e1rios livros publicados.<\/span><\/p>\n<p><span style=\"font-size: 14pt;\">Padre Mohana era fiho de imigrantes libaneses e passou toda a inf\u00e2ncia e adolesc\u00eancia nas cidades de Coroat\u00e1, Bacabal e Viana, at\u00e9 que decidiu mudar-se para S\u00e3o Lu\u00eds para iniciar seus estudos.\u00a0<\/span><br \/>\n<a href=\"https:\/\/revistamaranhaoturismo.com\/?attachment_id=4093\" rel=\"attachment wp-att-4093\"><img decoding=\"async\" loading=\"lazy\" class=\"aligncenter size-full wp-image-4093\" src=\"https:\/\/revistamaranhaoturismo.com\/wp-content\/uploads\/2026\/01\/agrthhtrrth.png\" alt=\"\" width=\"1274\" height=\"849\" srcset=\"https:\/\/revistamaranhaoturismo.com\/wp-content\/uploads\/2026\/01\/agrthhtrrth.png 1274w, https:\/\/revistamaranhaoturismo.com\/wp-content\/uploads\/2026\/01\/agrthhtrrth-300x200.png 300w, https:\/\/revistamaranhaoturismo.com\/wp-content\/uploads\/2026\/01\/agrthhtrrth-1024x682.png 1024w, https:\/\/revistamaranhaoturismo.com\/wp-content\/uploads\/2026\/01\/agrthhtrrth-768x512.png 768w, https:\/\/revistamaranhaoturismo.com\/wp-content\/uploads\/2026\/01\/agrthhtrrth-750x500.png 750w, https:\/\/revistamaranhaoturismo.com\/wp-content\/uploads\/2026\/01\/agrthhtrrth-1140x760.png 1140w\" sizes=\"(max-width: 1274px) 100vw, 1274px\" \/><\/a><span style=\"font-size: 14pt;\">Em 1995 faleceu aos 70 anos deixando um legado de romances a frente do seu tempo, um verdadeiro exemplo de sarcerd\u00f3cio, espiritualidade e retid\u00e3o.<\/span><\/p>\n<p><a href=\"https:\/\/revistamaranhaoturismo.com\/?attachment_id=4091\" rel=\"attachment wp-att-4091\"><img decoding=\"async\" loading=\"lazy\" class=\"aligncenter size-full wp-image-4091\" src=\"https:\/\/revistamaranhaoturismo.com\/wp-content\/uploads\/2026\/01\/AaSddD.png\" alt=\"\" width=\"1274\" height=\"849\" srcset=\"https:\/\/revistamaranhaoturismo.com\/wp-content\/uploads\/2026\/01\/AaSddD.png 1274w, https:\/\/revistamaranhaoturismo.com\/wp-content\/uploads\/2026\/01\/AaSddD-300x200.png 300w, https:\/\/revistamaranhaoturismo.com\/wp-content\/uploads\/2026\/01\/AaSddD-1024x682.png 1024w, https:\/\/revistamaranhaoturismo.com\/wp-content\/uploads\/2026\/01\/AaSddD-768x512.png 768w, https:\/\/revistamaranhaoturismo.com\/wp-content\/uploads\/2026\/01\/AaSddD-750x500.png 750w, https:\/\/revistamaranhaoturismo.com\/wp-content\/uploads\/2026\/01\/AaSddD-1140x760.png 1140w\" sizes=\"(max-width: 1274px) 100vw, 1274px\" \/><\/a><\/p>\n<p><a href=\"https:\/\/revistamaranhaoturismo.com\/?attachment_id=4089\" rel=\"attachment wp-att-4089\"><img decoding=\"async\" loading=\"lazy\" class=\"aligncenter size-full wp-image-4089\" src=\"https:\/\/revistamaranhaoturismo.com\/wp-content\/uploads\/2026\/01\/xzcsdsdsdfsd.png\" alt=\"\" width=\"1274\" height=\"849\" srcset=\"https:\/\/revistamaranhaoturismo.com\/wp-content\/uploads\/2026\/01\/xzcsdsdsdfsd.png 1274w, https:\/\/revistamaranhaoturismo.com\/wp-content\/uploads\/2026\/01\/xzcsdsdsdfsd-300x200.png 300w, https:\/\/revistamaranhaoturismo.com\/wp-content\/uploads\/2026\/01\/xzcsdsdsdfsd-1024x682.png 1024w, https:\/\/revistamaranhaoturismo.com\/wp-content\/uploads\/2026\/01\/xzcsdsdsdfsd-768x512.png 768w, https:\/\/revistamaranhaoturismo.com\/wp-content\/uploads\/2026\/01\/xzcsdsdsdfsd-750x500.png 750w, https:\/\/revistamaranhaoturismo.com\/wp-content\/uploads\/2026\/01\/xzcsdsdsdfsd-1140x760.png 1140w\" sizes=\"(max-width: 1274px) 100vw, 1274px\" \/><\/a><a href=\"https:\/\/revistamaranhaoturismo.com\/?attachment_id=4088\" rel=\"attachment wp-att-4088\"><img decoding=\"async\" loading=\"lazy\" class=\"aligncenter size-full wp-image-4088\" src=\"https:\/\/revistamaranhaoturismo.com\/wp-content\/uploads\/2026\/01\/sadsadasfas.png\" alt=\"\" width=\"1274\" height=\"849\" srcset=\"https:\/\/revistamaranhaoturismo.com\/wp-content\/uploads\/2026\/01\/sadsadasfas.png 1274w, https:\/\/revistamaranhaoturismo.com\/wp-content\/uploads\/2026\/01\/sadsadasfas-300x200.png 300w, https:\/\/revistamaranhaoturismo.com\/wp-content\/uploads\/2026\/01\/sadsadasfas-1024x682.png 1024w, https:\/\/revistamaranhaoturismo.com\/wp-content\/uploads\/2026\/01\/sadsadasfas-768x512.png 768w, https:\/\/revistamaranhaoturismo.com\/wp-content\/uploads\/2026\/01\/sadsadasfas-750x500.png 750w, https:\/\/revistamaranhaoturismo.com\/wp-content\/uploads\/2026\/01\/sadsadasfas-1140x760.png 1140w\" sizes=\"(max-width: 1274px) 100vw, 1274px\" \/><\/a><a href=\"https:\/\/revistamaranhaoturismo.com\/?attachment_id=4087\" rel=\"attachment wp-att-4087\"><img decoding=\"async\" loading=\"lazy\" class=\"aligncenter size-full wp-image-4087\" src=\"https:\/\/revistamaranhaoturismo.com\/wp-content\/uploads\/2026\/01\/saasdda.png\" alt=\"\" width=\"1274\" height=\"849\" srcset=\"https:\/\/revistamaranhaoturismo.com\/wp-content\/uploads\/2026\/01\/saasdda.png 1274w, https:\/\/revistamaranhaoturismo.com\/wp-content\/uploads\/2026\/01\/saasdda-300x200.png 300w, https:\/\/revistamaranhaoturismo.com\/wp-content\/uploads\/2026\/01\/saasdda-1024x682.png 1024w, https:\/\/revistamaranhaoturismo.com\/wp-content\/uploads\/2026\/01\/saasdda-768x512.png 768w, https:\/\/revistamaranhaoturismo.com\/wp-content\/uploads\/2026\/01\/saasdda-750x500.png 750w, https:\/\/revistamaranhaoturismo.com\/wp-content\/uploads\/2026\/01\/saasdda-1140x760.png 1140w\" sizes=\"(max-width: 1274px) 100vw, 1274px\" \/><\/a><a href=\"https:\/\/revistamaranhaoturismo.com\/?attachment_id=4086\" rel=\"attachment wp-att-4086\"><img decoding=\"async\" loading=\"lazy\" class=\"aligncenter size-full wp-image-4086\" src=\"https:\/\/revistamaranhaoturismo.com\/wp-content\/uploads\/2026\/01\/zxccafafaffas.png\" alt=\"\" width=\"1274\" height=\"849\" srcset=\"https:\/\/revistamaranhaoturismo.com\/wp-content\/uploads\/2026\/01\/zxccafafaffas.png 1274w, https:\/\/revistamaranhaoturismo.com\/wp-content\/uploads\/2026\/01\/zxccafafaffas-300x200.png 300w, https:\/\/revistamaranhaoturismo.com\/wp-content\/uploads\/2026\/01\/zxccafafaffas-1024x682.png 1024w, https:\/\/revistamaranhaoturismo.com\/wp-content\/uploads\/2026\/01\/zxccafafaffas-768x512.png 768w, https:\/\/revistamaranhaoturismo.com\/wp-content\/uploads\/2026\/01\/zxccafafaffas-750x500.png 750w, https:\/\/revistamaranhaoturismo.com\/wp-content\/uploads\/2026\/01\/zxccafafaffas-1140x760.png 1140w\" sizes=\"(max-width: 1274px) 100vw, 1274px\" \/><\/a><a href=\"https:\/\/revistamaranhaoturismo.com\/?attachment_id=4085\" rel=\"attachment wp-att-4085\"><img decoding=\"async\" loading=\"lazy\" class=\"aligncenter size-full wp-image-4085\" src=\"https:\/\/revistamaranhaoturismo.com\/wp-content\/uploads\/2026\/01\/sadadsaddsaas.png\" alt=\"\" width=\"1274\" height=\"849\" srcset=\"https:\/\/revistamaranhaoturismo.com\/wp-content\/uploads\/2026\/01\/sadadsaddsaas.png 1274w, https:\/\/revistamaranhaoturismo.com\/wp-content\/uploads\/2026\/01\/sadadsaddsaas-300x200.png 300w, https:\/\/revistamaranhaoturismo.com\/wp-content\/uploads\/2026\/01\/sadadsaddsaas-1024x682.png 1024w, https:\/\/revistamaranhaoturismo.com\/wp-content\/uploads\/2026\/01\/sadadsaddsaas-768x512.png 768w, https:\/\/revistamaranhaoturismo.com\/wp-content\/uploads\/2026\/01\/sadadsaddsaas-750x500.png 750w, https:\/\/revistamaranhaoturismo.com\/wp-content\/uploads\/2026\/01\/sadadsaddsaas-1140x760.png 1140w\" sizes=\"(max-width: 1274px) 100vw, 1274px\" \/><\/a><a href=\"https:\/\/revistamaranhaoturismo.com\/?attachment_id=4084\" rel=\"attachment wp-att-4084\"><img decoding=\"async\" loading=\"lazy\" class=\"aligncenter size-full wp-image-4084\" src=\"https:\/\/revistamaranhaoturismo.com\/wp-content\/uploads\/2026\/01\/dsfgshhjjf.png\" alt=\"\" width=\"1274\" height=\"849\" srcset=\"https:\/\/revistamaranhaoturismo.com\/wp-content\/uploads\/2026\/01\/dsfgshhjjf.png 1274w, https:\/\/revistamaranhaoturismo.com\/wp-content\/uploads\/2026\/01\/dsfgshhjjf-300x200.png 300w, https:\/\/revistamaranhaoturismo.com\/wp-content\/uploads\/2026\/01\/dsfgshhjjf-1024x682.png 1024w, https:\/\/revistamaranhaoturismo.com\/wp-content\/uploads\/2026\/01\/dsfgshhjjf-768x512.png 768w, https:\/\/revistamaranhaoturismo.com\/wp-content\/uploads\/2026\/01\/dsfgshhjjf-750x500.png 750w, https:\/\/revistamaranhaoturismo.com\/wp-content\/uploads\/2026\/01\/dsfgshhjjf-1140x760.png 1140w\" sizes=\"(max-width: 1274px) 100vw, 1274px\" \/><\/a><a href=\"https:\/\/revistamaranhaoturismo.com\/?attachment_id=4083\" rel=\"attachment wp-att-4083\"><img decoding=\"async\" loading=\"lazy\" class=\"aligncenter size-full wp-image-4083\" src=\"https:\/\/revistamaranhaoturismo.com\/wp-content\/uploads\/2026\/01\/sadsadfsaasf.png\" alt=\"\" width=\"1274\" height=\"849\" srcset=\"https:\/\/revistamaranhaoturismo.com\/wp-content\/uploads\/2026\/01\/sadsadfsaasf.png 1274w, https:\/\/revistamaranhaoturismo.com\/wp-content\/uploads\/2026\/01\/sadsadfsaasf-300x200.png 300w, https:\/\/revistamaranhaoturismo.com\/wp-content\/uploads\/2026\/01\/sadsadfsaasf-1024x682.png 1024w, https:\/\/revistamaranhaoturismo.com\/wp-content\/uploads\/2026\/01\/sadsadfsaasf-768x512.png 768w, https:\/\/revistamaranhaoturismo.com\/wp-content\/uploads\/2026\/01\/sadsadfsaasf-750x500.png 750w, https:\/\/revistamaranhaoturismo.com\/wp-content\/uploads\/2026\/01\/sadsadfsaasf-1140x760.png 1140w\" sizes=\"(max-width: 1274px) 100vw, 1274px\" \/><\/a><\/p>\n<p><span style=\"color: #000000;\"><strong>Fonte: Ascom<\/strong><\/span><\/p>\n","protected":false},"excerpt":{"rendered":"<p>Obra do Governo do Estado devolve protagonismo de ponto tur\u00edstico ao local com uma das vistas mais privilegiadas da orla de S\u00e3o Lu\u00eds O visual da Ponta d\u2019Areia, em S\u00e3o Lu\u00eds, foi completamente renovado. O Governo do Estado do Maranh\u00e3o entregou para a popula\u00e7\u00e3o, nesta sexta-feira (23), a nova Pra\u00e7a do Sol. Totalmente repaginada, um [&hellip;]<\/p>\n","protected":false},"author":1,"featured_media":4079,"comment_status":"open","ping_status":"open","sticky":false,"template":"","format":"standard","meta":[],"categories":[97],"tags":[],"_links":{"self":[{"href":"https:\/\/revistamaranhaoturismo.com\/index.php?rest_route=\/wp\/v2\/posts\/4078"}],"collection":[{"href":"https:\/\/revistamaranhaoturismo.com\/index.php?rest_route=\/wp\/v2\/posts"}],"about":[{"href":"https:\/\/revistamaranhaoturismo.com\/index.php?rest_route=\/wp\/v2\/types\/post"}],"author":[{"embeddable":true,"href":"https:\/\/revistamaranhaoturismo.com\/index.php?rest_route=\/wp\/v2\/users\/1"}],"replies":[{"embeddable":true,"href":"https:\/\/revistamaranhaoturismo.com\/index.php?rest_route=%2Fwp%2Fv2%2Fcomments&post=4078"}],"version-history":[{"count":1,"href":"https:\/\/revistamaranhaoturismo.com\/index.php?rest_route=\/wp\/v2\/posts\/4078\/revisions"}],"predecessor-version":[{"id":4097,"href":"https:\/\/revistamaranhaoturismo.com\/index.php?rest_route=\/wp\/v2\/posts\/4078\/revisions\/4097"}],"wp:featuredmedia":[{"embeddable":true,"href":"https:\/\/revistamaranhaoturismo.com\/index.php?rest_route=\/wp\/v2\/media\/4079"}],"wp:attachment":[{"href":"https:\/\/revistamaranhaoturismo.com\/index.php?rest_route=%2Fwp%2Fv2%2Fmedia&parent=4078"}],"wp:term":[{"taxonomy":"category","embeddable":true,"href":"https:\/\/revistamaranhaoturismo.com\/index.php?rest_route=%2Fwp%2Fv2%2Fcategories&post=4078"},{"taxonomy":"post_tag","embeddable":true,"href":"https:\/\/revistamaranhaoturismo.com\/index.php?rest_route=%2Fwp%2Fv2%2Ftags&post=4078"}],"curies":[{"name":"wp","href":"https:\/\/api.w.org\/{rel}","templated":true}]}}