{"id":4275,"date":"2026-03-10T07:34:04","date_gmt":"2026-03-10T10:34:04","guid":{"rendered":"https:\/\/revistamaranhaoturismo.com\/?p=4275"},"modified":"2026-03-10T07:34:04","modified_gmt":"2026-03-10T10:34:04","slug":"sebrae-amplia-estrategia-de-desenvolvimento-territorial-no-maranhao-com-implantacao-de-novos-polos-regionais","status":"publish","type":"post","link":"https:\/\/revistamaranhaoturismo.com\/?p=4275","title":{"rendered":"Sebrae amplia estrat\u00e9gia de desenvolvimento territorial no Maranh\u00e3o com implanta\u00e7\u00e3o de novos polos regionais"},"content":{"rendered":"<p style=\"text-align: justify;\"><strong><span style=\"font-size: 14pt;\"><i>Agenda com o consultor do Sebrae Nacional, Paulo Haddad, discute amplia\u00e7\u00e3o de iniciativas e identifica\u00e7\u00e3o das voca\u00e7\u00f5es econ\u00f4micas do estado.<\/i><\/span><\/strong><\/p>\n<div>\n<p style=\"text-align: justify;\"><span style=\"font-size: 14pt;\">O Sebrae Maranh\u00e3o avan\u00e7a em uma nova etapa de fortalecimento do desenvolvimento territorial, ampliando iniciativas voltadas \u00e0 organiza\u00e7\u00e3o econ\u00f4mica e ao crescimento das diferentes regi\u00f5es do estado. A proposta \u00e9 estruturar e implantar o projeto Polos de Desenvolvimento, iniciativa que busca integrar os territ\u00f3rios e potencializar suas voca\u00e7\u00f5es econ\u00f4micas, dando continuidade ao trabalho j\u00e1 desenvolvido com lideran\u00e7as locais e ampliando a atua\u00e7\u00e3o em territ\u00f3rios empreendedores.<\/span><\/p>\n<p><a href=\"https:\/\/revistamaranhaoturismo.com\/?attachment_id=4277\" rel=\"attachment wp-att-4277\"><img decoding=\"async\" loading=\"lazy\" class=\"aligncenter size-full wp-image-4277\" src=\"https:\/\/revistamaranhaoturismo.com\/wp-content\/uploads\/2026\/03\/jjg.png\" alt=\"\" width=\"1920\" height=\"1440\" srcset=\"https:\/\/revistamaranhaoturismo.com\/wp-content\/uploads\/2026\/03\/jjg.png 1920w, https:\/\/revistamaranhaoturismo.com\/wp-content\/uploads\/2026\/03\/jjg-300x225.png 300w, https:\/\/revistamaranhaoturismo.com\/wp-content\/uploads\/2026\/03\/jjg-1024x768.png 1024w, https:\/\/revistamaranhaoturismo.com\/wp-content\/uploads\/2026\/03\/jjg-768x576.png 768w, https:\/\/revistamaranhaoturismo.com\/wp-content\/uploads\/2026\/03\/jjg-1536x1152.png 1536w, https:\/\/revistamaranhaoturismo.com\/wp-content\/uploads\/2026\/03\/jjg-750x563.png 750w, https:\/\/revistamaranhaoturismo.com\/wp-content\/uploads\/2026\/03\/jjg-1140x855.png 1140w\" sizes=\"(max-width: 1920px) 100vw, 1920px\" \/><\/a><\/p>\n<p style=\"text-align: justify;\"><span style=\"font-size: 14pt;\">A iniciativa d\u00e1 continuidade \u00e0s a\u00e7\u00f5es de fortalecimento da governan\u00e7a regional conduzidas pelo Sebrae, especialmente a partir das metodologias do Programa LIDER (Lideran\u00e7a para o Desenvolvimento Regional) e Cidade Empreendedora, que estimula a articula\u00e7\u00e3o entre lideran\u00e7as p\u00fablicas, privadas e da sociedade civil para planejar o futuro econ\u00f4mico dos territ\u00f3rios.<\/span><\/p>\n<p style=\"text-align: justify;\"><span style=\"font-size: 14pt;\">Para apoiar esse processo, o economista e ex-ministro Paulo Haddad cumpre agenda em S\u00e3o Lu\u00eds. Atualmente, consultor do Sebrae Nacional, Haddad foi convidado para contribuir com an\u00e1lises t\u00e9cnicas e orientar a amplia\u00e7\u00e3o das estrat\u00e9gias de desenvolvimento territorial conduzidas pelo Sebrae Maranh\u00e3o.\u00a0<\/span><\/p>\n<p style=\"text-align: justify;\"><span style=\"font-size: 14pt;\">Durante a visita, o consultor participou de reuni\u00f5es com a diretoria e equipes t\u00e9cnicas da institui\u00e7\u00e3o para discutir caminhos que possam fortalecer a atua\u00e7\u00e3o do Sebrae na organiza\u00e7\u00e3o dos territ\u00f3rios e na consolida\u00e7\u00e3o de Polos de Desenvolvimento no estado. A proposta \u00e9 aprofundar o diagn\u00f3stico das voca\u00e7\u00f5es econ\u00f4micas regionais e identificar prioridades de investimento capazes de impulsionar o ambiente de neg\u00f3cios.<\/span><\/p>\n<p><a href=\"https:\/\/revistamaranhaoturismo.com\/?attachment_id=4278\" rel=\"attachment wp-att-4278\"><img decoding=\"async\" loading=\"lazy\" class=\"aligncenter size-full wp-image-4278\" src=\"https:\/\/revistamaranhaoturismo.com\/wp-content\/uploads\/2026\/03\/opl.png\" alt=\"\" width=\"1920\" height=\"1440\" srcset=\"https:\/\/revistamaranhaoturismo.com\/wp-content\/uploads\/2026\/03\/opl.png 1920w, https:\/\/revistamaranhaoturismo.com\/wp-content\/uploads\/2026\/03\/opl-300x225.png 300w, https:\/\/revistamaranhaoturismo.com\/wp-content\/uploads\/2026\/03\/opl-1024x768.png 1024w, https:\/\/revistamaranhaoturismo.com\/wp-content\/uploads\/2026\/03\/opl-768x576.png 768w, https:\/\/revistamaranhaoturismo.com\/wp-content\/uploads\/2026\/03\/opl-1536x1152.png 1536w, https:\/\/revistamaranhaoturismo.com\/wp-content\/uploads\/2026\/03\/opl-750x563.png 750w, https:\/\/revistamaranhaoturismo.com\/wp-content\/uploads\/2026\/03\/opl-1140x855.png 1140w\" sizes=\"(max-width: 1920px) 100vw, 1920px\" \/><\/a><\/p>\n<p style=\"text-align: justify;\"><span style=\"font-size: 14pt;\">\u201cO Sebrae Nacional tem grande interesse em promover uma colabora\u00e7\u00e3o para o desenvolvimento do Maranh\u00e3o. J\u00e1 visitei outras cidades do estado e percebo um grande potencial. A ideia \u00e9 contribuir para que projetos importantes possam sair do papel como os Polos de Desenvolvimento, e que se transformem em a\u00e7\u00f5es concretas\u201d, destacou Haddad.<\/span><\/p>\n<p style=\"text-align: justify;\"><span style=\"font-size: 14pt;\">Como parte da programa\u00e7\u00e3o, o economista tamb\u00e9m realizou uma palestra para as equipes t\u00e9cnicas do Sebrae e representantes das unidades de neg\u00f3cio distribu\u00eddas pelo estado. Na apresenta\u00e7\u00e3o, ele abordou a contribui\u00e7\u00e3o do Sistema Sebrae para o desenvolvimento brasileiro desde sua cria\u00e7\u00e3o, al\u00e9m de refletir sobre a inser\u00e7\u00e3o do Maranh\u00e3o no cen\u00e1rio nacional e as perspectivas de crescimento para os pr\u00f3ximos anos.<\/span><\/p>\n<p style=\"text-align: justify;\"><span style=\"font-size: 14pt;\">Para o diretor superintendente do Sebrae Maranh\u00e3o, Albertino Leal, a presen\u00e7a de Paulo Haddad representa um momento estrat\u00e9gico para o avan\u00e7o das a\u00e7\u00f5es de desenvolvimento territorial no estado. \u201cA vinda do professor Paulo Haddad \u00e9 muito importante para o Sebrae no Maranh\u00e3o. J\u00e1 cumprimos etapas fundamentais com iniciativas como o Cidade Empreendedora, o Programa LIDER e o fortalecimento do ambiente de neg\u00f3cios e da governan\u00e7a nos munic\u00edpios. Agora entramos em um novo momento, em que passamos a analisar de forma mais aprofundada as voca\u00e7\u00f5es regionais para definir prioridades de investimento do nosso or\u00e7amento voltado ao desenvolvimento do estado\u201d, destacou.<\/span><\/p>\n<p style=\"text-align: justify;\"><span style=\"font-size: 14pt;\">Segundo Albertino, esse processo tamb\u00e9m contribui para orientar outros atores do ecossistema de desenvolvimento. \u201cAo identificar com mais clareza onde est\u00e3o as potencialidades de cada territ\u00f3rio, conseguimos sinalizar para institui\u00e7\u00f5es p\u00fablicas e privadas onde os investimentos podem gerar mais resultados, ampliando o ambiente de neg\u00f3cios, estimulando o empreendedorismo e promovendo gera\u00e7\u00e3o de emprego e renda. A presen\u00e7a do professor Haddad traz exatamente essa contribui\u00e7\u00e3o, com uma vis\u00e3o ampla, mas tamb\u00e9m aprofundada das voca\u00e7\u00f5es econ\u00f4micas do Maranh\u00e3o\u201d, concluiu.<\/span><\/p>\n<p style=\"text-align: justify;\"><span style=\"font-size: 14pt;\"><strong>Sobre Paulo Haddad &#8211;<\/strong>\u00a0Paulo Haddad \u00e9 economista, professor em\u00e9rito da Universidade Federal de Minas Gerais (UFMG) e especialista em desenvolvimento regional e planejamento econ\u00f4mico. Ao longo de sua trajet\u00f3ria, foi ministro da Fazenda e atuou na formula\u00e7\u00e3o de pol\u00edticas p\u00fablicas voltadas ao crescimento e \u00e0 integra\u00e7\u00e3o regional do pa\u00eds.<\/span><\/p>\n<p style=\"text-align: justify;\"><span style=\"font-size: 14pt;\">Autor de diversos estudos sobre economia regional e desenvolvimento territorial, atualmente trabalha como consultor do Sebrae Nacional, contribuindo com an\u00e1lises e estrat\u00e9gias voltadas ao fortalecimento do desenvolvimento dos territ\u00f3rios brasileiros.<\/span><\/p>\n<p><strong>Fonte: Ascom- Sebrae<\/strong><\/p>\n<\/div>\n","protected":false},"excerpt":{"rendered":"<p>Agenda com o consultor do Sebrae Nacional, Paulo Haddad, discute amplia\u00e7\u00e3o de iniciativas e identifica\u00e7\u00e3o das voca\u00e7\u00f5es econ\u00f4micas do estado. O Sebrae Maranh\u00e3o avan\u00e7a em uma nova etapa de fortalecimento do desenvolvimento territorial, ampliando iniciativas voltadas \u00e0 organiza\u00e7\u00e3o econ\u00f4mica e ao crescimento das diferentes regi\u00f5es do estado. A proposta \u00e9 estruturar e implantar o projeto [&hellip;]<\/p>\n","protected":false},"author":1,"featured_media":4276,"comment_status":"open","ping_status":"open","sticky":false,"template":"","format":"standard","meta":[],"categories":[1],"tags":[],"_links":{"self":[{"href":"https:\/\/revistamaranhaoturismo.com\/index.php?rest_route=\/wp\/v2\/posts\/4275"}],"collection":[{"href":"https:\/\/revistamaranhaoturismo.com\/index.php?rest_route=\/wp\/v2\/posts"}],"about":[{"href":"https:\/\/revistamaranhaoturismo.com\/index.php?rest_route=\/wp\/v2\/types\/post"}],"author":[{"embeddable":true,"href":"https:\/\/revistamaranhaoturismo.com\/index.php?rest_route=\/wp\/v2\/users\/1"}],"replies":[{"embeddable":true,"href":"https:\/\/revistamaranhaoturismo.com\/index.php?rest_route=%2Fwp%2Fv2%2Fcomments&post=4275"}],"version-history":[{"count":1,"href":"https:\/\/revistamaranhaoturismo.com\/index.php?rest_route=\/wp\/v2\/posts\/4275\/revisions"}],"predecessor-version":[{"id":4279,"href":"https:\/\/revistamaranhaoturismo.com\/index.php?rest_route=\/wp\/v2\/posts\/4275\/revisions\/4279"}],"wp:featuredmedia":[{"embeddable":true,"href":"https:\/\/revistamaranhaoturismo.com\/index.php?rest_route=\/wp\/v2\/media\/4276"}],"wp:attachment":[{"href":"https:\/\/revistamaranhaoturismo.com\/index.php?rest_route=%2Fwp%2Fv2%2Fmedia&parent=4275"}],"wp:term":[{"taxonomy":"category","embeddable":true,"href":"https:\/\/revistamaranhaoturismo.com\/index.php?rest_route=%2Fwp%2Fv2%2Fcategories&post=4275"},{"taxonomy":"post_tag","embeddable":true,"href":"https:\/\/revistamaranhaoturismo.com\/index.php?rest_route=%2Fwp%2Fv2%2Ftags&post=4275"}],"curies":[{"name":"wp","href":"https:\/\/api.w.org\/{rel}","templated":true}]}}