{"id":4280,"date":"2026-03-10T08:02:10","date_gmt":"2026-03-10T11:02:10","guid":{"rendered":"https:\/\/revistamaranhaoturismo.com\/?p=4280"},"modified":"2026-03-10T08:02:10","modified_gmt":"2026-03-10T11:02:10","slug":"corrida-rosa-shok-por-elas-promove-grande-mobilizacao-na-litoranea-em-defesa-das-mulheres","status":"publish","type":"post","link":"https:\/\/revistamaranhaoturismo.com\/?p=4280","title":{"rendered":"Corrida Rosa Shok Por Elas promove grande mobiliza\u00e7\u00e3o na Litor\u00e2nea em defesa das mulheres"},"content":{"rendered":"<p style=\"text-align: justify;\"><strong><span style=\"font-size: 14pt;\">Evento realizado pelo Governo do Estado marcou as comemora\u00e7\u00f5es pelo Dia Internacional da Mulher<\/span><\/strong><\/p>\n<figure id=\"attachment_4282\" aria-describedby=\"caption-attachment-4282\" style=\"width: 1305px\" class=\"wp-caption aligncenter\"><a href=\"https:\/\/revistamaranhaoturismo.com\/?attachment_id=4282\" rel=\"attachment wp-att-4282\"><img decoding=\"async\" loading=\"lazy\" class=\"wp-image-4282 size-full\" src=\"https:\/\/revistamaranhaoturismo.com\/wp-content\/uploads\/2026\/03\/gtr.png\" alt=\"\" width=\"1305\" height=\"849\" srcset=\"https:\/\/revistamaranhaoturismo.com\/wp-content\/uploads\/2026\/03\/gtr.png 1305w, https:\/\/revistamaranhaoturismo.com\/wp-content\/uploads\/2026\/03\/gtr-300x195.png 300w, https:\/\/revistamaranhaoturismo.com\/wp-content\/uploads\/2026\/03\/gtr-1024x666.png 1024w, https:\/\/revistamaranhaoturismo.com\/wp-content\/uploads\/2026\/03\/gtr-768x500.png 768w, https:\/\/revistamaranhaoturismo.com\/wp-content\/uploads\/2026\/03\/gtr-750x488.png 750w, https:\/\/revistamaranhaoturismo.com\/wp-content\/uploads\/2026\/03\/gtr-1140x742.png 1140w\" sizes=\"(max-width: 1305px) 100vw, 1305px\" \/><\/a><figcaption id=\"caption-attachment-4282\" class=\"wp-caption-text\">Corrida Rosa Shok em comemora\u00e7\u00e3o ao Dia Internacional da Mulher (Foto: GilsonTeixeira)<\/figcaption><\/figure>\n<p style=\"text-align: justify;\"><span style=\"font-size: 14pt;\">A Avenida Litor\u00e2nea se transformou em palco de uma grande mobiliza\u00e7\u00e3o em defesa das mulheres neste domingo (8), com a Corrida Rosa Shok Por Elas, promovida pelo Governo do Maranh\u00e3o, por meio da Secretaria de Estado das Mulheres (Semu). O evento teve in\u00edcio \u00e0s 5h30, na Pra\u00e7a dos Pescadores, e reuniu atletas profissionais, corredores amadores e o p\u00fablico em geral em uma corrida com percursos de 3 km, 5 km e 10 km.<\/span><\/p>\n<p><span style=\"font-size: 14pt;\">O evento \u00e9 uma das principais a\u00e7\u00f5es do calend\u00e1rio oficial do Governo do Maranh\u00e3o em alus\u00e3o ao Dia Internacional da Mulher e chamou a aten\u00e7\u00e3o da sociedade maranhense para a defesa dos direitos das mulheres, promovendo conscientiza\u00e7\u00e3o, engajamento social e a amplia\u00e7\u00e3o das pol\u00edticas p\u00fablicas de enfrentamento \u00e0 viol\u00eancia e de promo\u00e7\u00e3o da autonomia feminina.<\/span><br \/>\n<a href=\"https:\/\/revistamaranhaoturismo.com\/?attachment_id=4283\" rel=\"attachment wp-att-4283\"><img decoding=\"async\" loading=\"lazy\" class=\"aligncenter size-full wp-image-4283\" src=\"https:\/\/revistamaranhaoturismo.com\/wp-content\/uploads\/2026\/03\/erte.png\" alt=\"\" width=\"1124\" height=\"849\" srcset=\"https:\/\/revistamaranhaoturismo.com\/wp-content\/uploads\/2026\/03\/erte.png 1124w, https:\/\/revistamaranhaoturismo.com\/wp-content\/uploads\/2026\/03\/erte-300x227.png 300w, https:\/\/revistamaranhaoturismo.com\/wp-content\/uploads\/2026\/03\/erte-1024x773.png 1024w, https:\/\/revistamaranhaoturismo.com\/wp-content\/uploads\/2026\/03\/erte-768x580.png 768w, https:\/\/revistamaranhaoturismo.com\/wp-content\/uploads\/2026\/03\/erte-750x567.png 750w\" sizes=\"(max-width: 1124px) 100vw, 1124px\" \/><\/a><span style=\"font-size: 14pt;\">Na ocasi\u00e3o, foram lan\u00e7ados o Programa Mulheres Guardi\u00e3s, o edital \u201cEducando e Transformando a Vida Delas\u201d e o Projeto Ateli\u00ea Solid\u00e1rio, que visa promover gera\u00e7\u00e3o de renda e autonomia econ\u00f4mica para mulheres em situa\u00e7\u00e3o de vulnerabilidade social.<\/span><br \/>\n<a href=\"https:\/\/revistamaranhaoturismo.com\/?attachment_id=4284\" rel=\"attachment wp-att-4284\"><img decoding=\"async\" loading=\"lazy\" class=\"aligncenter size-full wp-image-4284\" src=\"https:\/\/revistamaranhaoturismo.com\/wp-content\/uploads\/2026\/03\/gddg.png\" alt=\"\" width=\"1312\" height=\"849\" srcset=\"https:\/\/revistamaranhaoturismo.com\/wp-content\/uploads\/2026\/03\/gddg.png 1312w, https:\/\/revistamaranhaoturismo.com\/wp-content\/uploads\/2026\/03\/gddg-300x194.png 300w, https:\/\/revistamaranhaoturismo.com\/wp-content\/uploads\/2026\/03\/gddg-1024x663.png 1024w, https:\/\/revistamaranhaoturismo.com\/wp-content\/uploads\/2026\/03\/gddg-768x497.png 768w, https:\/\/revistamaranhaoturismo.com\/wp-content\/uploads\/2026\/03\/gddg-750x485.png 750w, https:\/\/revistamaranhaoturismo.com\/wp-content\/uploads\/2026\/03\/gddg-1140x738.png 1140w\" sizes=\"(max-width: 1312px) 100vw, 1312px\" \/><\/a><span style=\"font-size: 14pt;\">Ao destacar a import\u00e2ncia de ampliar as a\u00e7\u00f5es de prote\u00e7\u00e3o, conscientiza\u00e7\u00e3o e valoriza\u00e7\u00e3o das mulheres no Maranh\u00e3o, o governador Carlos Brand\u00e3o ressaltou o papel das pol\u00edticas p\u00fablicas desenvolvidas pelo estado e a mobiliza\u00e7\u00e3o social promovida por iniciativas como a Corrida Rosa Shok Por Elas.\u00a0<\/span><br \/>\n<a href=\"https:\/\/revistamaranhaoturismo.com\/?attachment_id=4285\" rel=\"attachment wp-att-4285\"><img decoding=\"async\" loading=\"lazy\" class=\"aligncenter size-full wp-image-4285\" src=\"https:\/\/revistamaranhaoturismo.com\/wp-content\/uploads\/2026\/03\/sfsgh.png\" alt=\"\" width=\"1348\" height=\"849\" srcset=\"https:\/\/revistamaranhaoturismo.com\/wp-content\/uploads\/2026\/03\/sfsgh.png 1348w, https:\/\/revistamaranhaoturismo.com\/wp-content\/uploads\/2026\/03\/sfsgh-300x189.png 300w, https:\/\/revistamaranhaoturismo.com\/wp-content\/uploads\/2026\/03\/sfsgh-1024x645.png 1024w, https:\/\/revistamaranhaoturismo.com\/wp-content\/uploads\/2026\/03\/sfsgh-768x484.png 768w, https:\/\/revistamaranhaoturismo.com\/wp-content\/uploads\/2026\/03\/sfsgh-750x472.png 750w, https:\/\/revistamaranhaoturismo.com\/wp-content\/uploads\/2026\/03\/sfsgh-1140x718.png 1140w\" sizes=\"(max-width: 1348px) 100vw, 1348px\" \/><\/a><span style=\"font-size: 14pt;\">&#8220;Desde o in\u00edcio da nossa gest\u00e3o, trabalhamos em a\u00e7\u00f5es de empoderamento e fortalecimento das pol\u00edticas p\u00fablicas voltadas \u00e0s mulheres. A Corrida Rosa Shok \u00e9 mais uma dessas iniciativas que chamam a aten\u00e7\u00e3o de toda a sociedade para a necessidade de proteger, conscientizar e combater todas as formas de viol\u00eancia. \u00c9 tamb\u00e9m um momento de mobiliza\u00e7\u00e3o, uni\u00e3o e reafirma\u00e7\u00e3o do nosso compromisso com as mulheres maranhenses&#8221;, disse o governador.<\/span><br \/>\n<a href=\"https:\/\/revistamaranhaoturismo.com\/?attachment_id=4286\" rel=\"attachment wp-att-4286\"><img decoding=\"async\" loading=\"lazy\" class=\"aligncenter size-full wp-image-4286\" src=\"https:\/\/revistamaranhaoturismo.com\/wp-content\/uploads\/2026\/03\/dsfssggsg.png\" alt=\"\" width=\"1274\" height=\"849\" srcset=\"https:\/\/revistamaranhaoturismo.com\/wp-content\/uploads\/2026\/03\/dsfssggsg.png 1274w, https:\/\/revistamaranhaoturismo.com\/wp-content\/uploads\/2026\/03\/dsfssggsg-300x200.png 300w, https:\/\/revistamaranhaoturismo.com\/wp-content\/uploads\/2026\/03\/dsfssggsg-1024x682.png 1024w, https:\/\/revistamaranhaoturismo.com\/wp-content\/uploads\/2026\/03\/dsfssggsg-768x512.png 768w, https:\/\/revistamaranhaoturismo.com\/wp-content\/uploads\/2026\/03\/dsfssggsg-750x500.png 750w, https:\/\/revistamaranhaoturismo.com\/wp-content\/uploads\/2026\/03\/dsfssggsg-1140x760.png 1140w\" sizes=\"(max-width: 1274px) 100vw, 1274px\" \/><\/a><span style=\"font-size: 14pt;\">A secret\u00e1ria de Estado das Mulheres, Abigail Cunha, lembrou que o Governo do Estado e o Governo Federal disp\u00f5em de diversas ferramentas e a\u00e7\u00f5es que devem ser utilizadas para a prote\u00e7\u00e3o das mulheres. Como exemplo, ela destacou o Disque 180, que funciona 24 horas e recebe den\u00fancias de viol\u00eancia, al\u00e9m da Patrulha Maria da Penha, das Casas da Mulher Maranhense, da Casa da Mulher Brasileira e do Aluguel Social Maria da Penha.<\/span><br \/>\n<a href=\"https:\/\/revistamaranhaoturismo.com\/?attachment_id=4287\" rel=\"attachment wp-att-4287\"><img decoding=\"async\" loading=\"lazy\" class=\"aligncenter size-full wp-image-4287\" src=\"https:\/\/revistamaranhaoturismo.com\/wp-content\/uploads\/2026\/03\/qweqwqqe.png\" alt=\"\" width=\"1274\" height=\"849\" srcset=\"https:\/\/revistamaranhaoturismo.com\/wp-content\/uploads\/2026\/03\/qweqwqqe.png 1274w, https:\/\/revistamaranhaoturismo.com\/wp-content\/uploads\/2026\/03\/qweqwqqe-300x200.png 300w, https:\/\/revistamaranhaoturismo.com\/wp-content\/uploads\/2026\/03\/qweqwqqe-1024x682.png 1024w, https:\/\/revistamaranhaoturismo.com\/wp-content\/uploads\/2026\/03\/qweqwqqe-768x512.png 768w, https:\/\/revistamaranhaoturismo.com\/wp-content\/uploads\/2026\/03\/qweqwqqe-750x500.png 750w, https:\/\/revistamaranhaoturismo.com\/wp-content\/uploads\/2026\/03\/qweqwqqe-1140x760.png 1140w\" sizes=\"(max-width: 1274px) 100vw, 1274px\" \/><\/a><span style=\"font-size: 14pt;\">\u201cEsse \u00e9 um grande evento, um movimento que une esporte, sa\u00fade, mas sobretudo consci\u00eancia. \u00c9 preciso formar uma consci\u00eancia em homens e mulheres de que as nossas mulheres precisam desse olhar de acolhida, de prote\u00e7\u00e3o e de escuta. N\u00f3s precisamos formar uma consci\u00eancia de educa\u00e7\u00e3o e n\u00e3o apenas de puni\u00e7\u00e3o. Precisamos preparar nossas meninas e meninos para que tenhamos, em um futuro bem pr\u00f3ximo, uma sociedade mais justa e mais igualit\u00e1ria, onde homens e mulheres vivam com respeito\u201d, frisou.<\/span><br \/>\n<a href=\"https:\/\/revistamaranhaoturismo.com\/?attachment_id=4288\" rel=\"attachment wp-att-4288\"><img decoding=\"async\" loading=\"lazy\" class=\"aligncenter size-full wp-image-4288\" src=\"https:\/\/revistamaranhaoturismo.com\/wp-content\/uploads\/2026\/03\/wqqqwq.png\" alt=\"\" width=\"1274\" height=\"849\" data-wp-editing=\"1\" srcset=\"https:\/\/revistamaranhaoturismo.com\/wp-content\/uploads\/2026\/03\/wqqqwq.png 1274w, https:\/\/revistamaranhaoturismo.com\/wp-content\/uploads\/2026\/03\/wqqqwq-300x200.png 300w, https:\/\/revistamaranhaoturismo.com\/wp-content\/uploads\/2026\/03\/wqqqwq-1024x682.png 1024w, https:\/\/revistamaranhaoturismo.com\/wp-content\/uploads\/2026\/03\/wqqqwq-768x512.png 768w, https:\/\/revistamaranhaoturismo.com\/wp-content\/uploads\/2026\/03\/wqqqwq-750x500.png 750w, https:\/\/revistamaranhaoturismo.com\/wp-content\/uploads\/2026\/03\/wqqqwq-1140x760.png 1140w\" sizes=\"(max-width: 1274px) 100vw, 1274px\" \/><\/a><\/p>\n<p><strong>Corrida Rosa Shok em comemora\u00e7\u00e3o ao Dia Internacional da Mulher (Foto: GilsonTeixeira)<\/strong><\/p>\n<p style=\"text-align: justify;\"><span style=\"font-size: 14pt;\">Para a diretora da Casa da Mulher Brasileira, Susan Lucena, a celebra\u00e7\u00e3o do Dia Internacional da Mulher \u00e9 fundamental para avan\u00e7ar cada vez mais na conscientiza\u00e7\u00e3o e nas a\u00e7\u00f5es p\u00fablicas de combate \u00e0 viol\u00eancia contra as mulheres, al\u00e9m de contribuir para a constru\u00e7\u00e3o de uma sociedade mais justa.<\/span><\/p>\n<p><span style=\"font-size: 14pt;\">\u201c\u00c9 importante falar das a\u00e7\u00f5es conjuntas e articuladas entre o poder p\u00fablico e a sociedade civil que fazem com que n\u00f3s, mulheres, possamos cada vez mais ter acesso aos nossos direitos e aos nossos servi\u00e7os. A descentraliza\u00e7\u00e3o desses servi\u00e7os, organizada pelo Governo do Maranh\u00e3o, por meio da Secretaria de Estado da Mulher, potencializa as condi\u00e7\u00f5es para que possamos viver em uma sociedade de paz e respeito. Hoje \u00e9 dia de celebrar conquistas, mas tamb\u00e9m de nos posicionarmos diante dos desafios que vir\u00e3o para que possamos construir a sociedade em que merecemos viver. Chega de viol\u00eancia\u201d, declarou.<\/span><br \/>\n<a href=\"https:\/\/revistamaranhaoturismo.com\/?attachment_id=4289\" rel=\"attachment wp-att-4289\"><img decoding=\"async\" loading=\"lazy\" class=\"aligncenter size-full wp-image-4289\" src=\"https:\/\/revistamaranhaoturismo.com\/wp-content\/uploads\/2026\/03\/sSSS.png\" alt=\"\" width=\"1304\" height=\"849\" srcset=\"https:\/\/revistamaranhaoturismo.com\/wp-content\/uploads\/2026\/03\/sSSS.png 1304w, https:\/\/revistamaranhaoturismo.com\/wp-content\/uploads\/2026\/03\/sSSS-300x195.png 300w, https:\/\/revistamaranhaoturismo.com\/wp-content\/uploads\/2026\/03\/sSSS-1024x667.png 1024w, https:\/\/revistamaranhaoturismo.com\/wp-content\/uploads\/2026\/03\/sSSS-768x500.png 768w, https:\/\/revistamaranhaoturismo.com\/wp-content\/uploads\/2026\/03\/sSSS-750x488.png 750w, https:\/\/revistamaranhaoturismo.com\/wp-content\/uploads\/2026\/03\/sSSS-1140x742.png 1140w\" sizes=\"(max-width: 1304px) 100vw, 1304px\" \/><\/a><\/p>\n<p><strong>Secret\u00e1ria de Estado das Mulheres, Abigail Cunha, na Corrida Rosa Shok Por Elas (Foto: GilsonTeixeira)<\/strong><\/p>\n<p style=\"text-align: justify;\">\n<span style=\"font-size: 14pt;\">A Corrida Rosa Shok Por Elas reuniu milhares de pessoas que tiveram acesso a espa\u00e7os dedicados a informa\u00e7\u00f5es sobre o enfrentamento \u00e0 viol\u00eancia contra a mulher, com estande informativo do Disque 180, divulga\u00e7\u00e3o dos canais de atendimento da rede de prote\u00e7\u00e3o \u00e0s mulheres e a\u00e7\u00f5es de acolhimento com escuta qualificada.<\/span><\/p>\n<p><span style=\"font-size: 14pt;\">O momento de conscientiza\u00e7\u00e3o tamb\u00e9m uniu lazer e esporte, transformando o dia em um grande marco de celebra\u00e7\u00e3o \u00e0s mulheres. A estudante Layde Aguiar fez quest\u00e3o de participar da corrida ao lado da filha e da m\u00e3e.<\/span><\/p>\n<p><span style=\"font-size: 14pt;\">\u201cFizemos o percurso de 5 km e eu quero enfatizar esse evento maravilhoso aqui do estado. Est\u00e1 muito bom e as mulheres est\u00e3o comparecendo no Dia das Mulheres. Eu estou com a minha filha e a minha m\u00e3e tamb\u00e9m veio prestigiar esse momento\u201d, relatou.<\/span><\/p>\n<p><span style=\"font-size: 14pt;\">Para a cuidadora Ivone Magalh\u00e3es, esse \u00e9 um dia que n\u00e3o pode ser esquecido e, por isso, ela parabenizou a organiza\u00e7\u00e3o do evento. \u201cHoje \u00e9 um dia mundial, o Dia Internacional da Mulher. Parab\u00e9ns ao governo por essa iniciativa e vamos respeitar todas as mulheres, porque n\u00f3s merecemos respeito\u201d, ressaltou.<\/span><\/p>\n<p><span style=\"font-size: 14pt;\">Esta \u00e9 a 15\u00aa edi\u00e7\u00e3o da Corrida Rosa Shok Por Elas, que integra as a\u00e7\u00f5es do Mar\u00e7o Mulher, uma mobiliza\u00e7\u00e3o nacional que busca ampliar o debate p\u00fablico sobre igualdade de g\u00eanero, valoriza\u00e7\u00e3o das mulheres e fortalecimento das pol\u00edticas p\u00fablicas de prote\u00e7\u00e3o e autonomia feminina.<\/span><\/p>\n<p>&nbsp;<\/p>\n<p><strong>Fonte: Ascom<\/strong><\/p>\n","protected":false},"excerpt":{"rendered":"<p>Evento realizado pelo Governo do Estado marcou as comemora\u00e7\u00f5es pelo Dia Internacional da Mulher A Avenida Litor\u00e2nea se transformou em palco de uma grande mobiliza\u00e7\u00e3o em defesa das mulheres neste domingo (8), com a Corrida Rosa Shok Por Elas, promovida pelo Governo do Maranh\u00e3o, por meio da Secretaria de Estado das Mulheres (Semu). O evento [&hellip;]<\/p>\n","protected":false},"author":1,"featured_media":4281,"comment_status":"open","ping_status":"open","sticky":false,"template":"","format":"standard","meta":[],"categories":[1],"tags":[],"_links":{"self":[{"href":"https:\/\/revistamaranhaoturismo.com\/index.php?rest_route=\/wp\/v2\/posts\/4280"}],"collection":[{"href":"https:\/\/revistamaranhaoturismo.com\/index.php?rest_route=\/wp\/v2\/posts"}],"about":[{"href":"https:\/\/revistamaranhaoturismo.com\/index.php?rest_route=\/wp\/v2\/types\/post"}],"author":[{"embeddable":true,"href":"https:\/\/revistamaranhaoturismo.com\/index.php?rest_route=\/wp\/v2\/users\/1"}],"replies":[{"embeddable":true,"href":"https:\/\/revistamaranhaoturismo.com\/index.php?rest_route=%2Fwp%2Fv2%2Fcomments&post=4280"}],"version-history":[{"count":1,"href":"https:\/\/revistamaranhaoturismo.com\/index.php?rest_route=\/wp\/v2\/posts\/4280\/revisions"}],"predecessor-version":[{"id":4290,"href":"https:\/\/revistamaranhaoturismo.com\/index.php?rest_route=\/wp\/v2\/posts\/4280\/revisions\/4290"}],"wp:featuredmedia":[{"embeddable":true,"href":"https:\/\/revistamaranhaoturismo.com\/index.php?rest_route=\/wp\/v2\/media\/4281"}],"wp:attachment":[{"href":"https:\/\/revistamaranhaoturismo.com\/index.php?rest_route=%2Fwp%2Fv2%2Fmedia&parent=4280"}],"wp:term":[{"taxonomy":"category","embeddable":true,"href":"https:\/\/revistamaranhaoturismo.com\/index.php?rest_route=%2Fwp%2Fv2%2Fcategories&post=4280"},{"taxonomy":"post_tag","embeddable":true,"href":"https:\/\/revistamaranhaoturismo.com\/index.php?rest_route=%2Fwp%2Fv2%2Ftags&post=4280"}],"curies":[{"name":"wp","href":"https:\/\/api.w.org\/{rel}","templated":true}]}}