{"id":4611,"date":"2026-04-28T11:16:22","date_gmt":"2026-04-28T14:16:22","guid":{"rendered":"https:\/\/revistamaranhaoturismo.com\/?p=4611"},"modified":"2026-04-28T11:16:22","modified_gmt":"2026-04-28T14:16:22","slug":"confianca-do-empresario-do-comercio-desacelera-em-sao-luis","status":"publish","type":"post","link":"https:\/\/revistamaranhaoturismo.com\/?p=4611","title":{"rendered":"Confian\u00e7a do empres\u00e1rio do com\u00e9rcio desacelera em S\u00e3o Lu\u00eds"},"content":{"rendered":"<p><a href=\"https:\/\/revistamaranhaoturismo.com\/?attachment_id=4480\" rel=\"attachment wp-att-4480\"><img decoding=\"async\" loading=\"lazy\" class=\"aligncenter  wp-image-4480\" src=\"https:\/\/revistamaranhaoturismo.com\/wp-content\/uploads\/2026\/03\/Banner-web-600x600px_Mais-Brasil.png\" alt=\"\" width=\"319\" height=\"320\" srcset=\"https:\/\/revistamaranhaoturismo.com\/wp-content\/uploads\/2026\/03\/Banner-web-600x600px_Mais-Brasil.png 600w, https:\/\/revistamaranhaoturismo.com\/wp-content\/uploads\/2026\/03\/Banner-web-600x600px_Mais-Brasil-300x300.png 300w, https:\/\/revistamaranhaoturismo.com\/wp-content\/uploads\/2026\/03\/Banner-web-600x600px_Mais-Brasil-150x150.png 150w, https:\/\/revistamaranhaoturismo.com\/wp-content\/uploads\/2026\/03\/Banner-web-600x600px_Mais-Brasil-75x75.png 75w\" sizes=\"(max-width: 319px) 100vw, 319px\" \/><\/a><\/p>\n<p style=\"font-weight: 400; text-align: justify;\"><strong><span style=\"font-size: 14pt;\"><em>Pesquisa da Fecom\u00e9rcio-MA aponta que empres\u00e1rios mant\u00eam otimismo com o futuro, apesar da deteriora\u00e7\u00e3o das condi\u00e7\u00f5es atuais e do freio nos investimentos.<\/em><\/span><\/strong><\/p>\n<p style=\"font-weight: 400; text-align: justify;\"><span style=\"font-size: 14pt;\">S\u00e3o Lu\u00eds, 27 de abril de 2026 \u2013 O \u00cdndice de Confian\u00e7a do Empres\u00e1rio do Com\u00e9rcio (ICEC), apurado mensalmente pela Federa\u00e7\u00e3o do Com\u00e9rcio de Bens, Servi\u00e7os e Turismo do Estado do Maranh\u00e3o (Fecom\u00e9rcio-MA) em parceria com a Confedera\u00e7\u00e3o Nacional do Com\u00e9rcio (CNC), alcan\u00e7ou 109,1 pontos em mar\u00e7o, com queda de 1,5% no m\u00eas e recuo de 5,1% em rela\u00e7\u00e3o ao pico de agosto de 2025.<\/span><\/p>\n<p style=\"font-weight: 400; text-align: justify;\"><span style=\"font-size: 14pt;\">Embora o \u00edndice ainda se mantenha acima da linha dos 100 pontos \u2013 o que, tecnicamente, mant\u00e9m o setor em terreno de otimismo \u2013, o indicador mostra perda de ritmo e sinaliza um cen\u00e1rio mais moderado. O setor vive um contraponto: a esperan\u00e7a no futuro ainda \u00e9 maior do que a realidade que se apresenta no mercado hoje.<\/span><\/p>\n<p style=\"font-weight: 400; text-align: justify;\"><span style=\"font-size: 14pt;\"><strong>O descompasso entre presente e futuro<\/strong><\/span><\/p>\n<p style=\"font-weight: 400; text-align: justify;\"><span style=\"font-size: 14pt;\"><strong>\u00a0<\/strong><\/span><span style=\"font-size: 14pt;\">Os dados revelam uma diferen\u00e7a clara entre a percep\u00e7\u00e3o atual e as expectativas dos empres\u00e1rios. O \u00cdndice de Condi\u00e7\u00f5es Atuais, que mede o sentimento sobre o momento presente, est\u00e1 em 83,1 pontos, abaixo da zona de neutralidade. Para 40,2% dos lojistas, a situa\u00e7\u00e3o atual da economia apresentou forte piora.<\/span><\/p>\n<p><a href=\"https:\/\/revistamaranhaoturismo.com\/?attachment_id=4613\" rel=\"attachment wp-att-4613\"><img decoding=\"async\" loading=\"lazy\" class=\"aligncenter size-full wp-image-4613\" src=\"https:\/\/revistamaranhaoturismo.com\/wp-content\/uploads\/2026\/04\/image002-1.png\" alt=\"\" width=\"650\" height=\"160\" srcset=\"https:\/\/revistamaranhaoturismo.com\/wp-content\/uploads\/2026\/04\/image002-1.png 650w, https:\/\/revistamaranhaoturismo.com\/wp-content\/uploads\/2026\/04\/image002-1-300x74.png 300w\" sizes=\"(max-width: 650px) 100vw, 650px\" \/><\/a><\/p>\n<p style=\"font-weight: 400; text-align: justify;\"><span style=\"font-size: 14pt;\">Em contrapartida, as expectativas futuras continuam robustas, marcando 143,9 pontos, com destaque para a avalia\u00e7\u00e3o das pr\u00f3prias empresas (161,7 pontos). Mais da metade (52,2%) dos empres\u00e1rios acredita em melhora no desempenho das pr\u00f3prias empresas, especialmente entre os pequenos neg\u00f3cios, o que mant\u00e9m o \u00edndice geral em patamar positivo. \u00c9 uma confian\u00e7a ancorada na esperan\u00e7a de retomada, e n\u00e3o na solidez do panorama atual.<\/span><\/p>\n<p style=\"font-weight: 400; text-align: justify;\"><span style=\"font-size: 14pt;\"><strong>Freio nos investimentos e estoques elevados<\/strong><\/span><\/p>\n<p style=\"font-weight: 400; text-align: justify;\"><span style=\"font-size: 14pt;\"><strong>\u00a0<\/strong><\/span><span style=\"font-size: 14pt;\">A cautela n\u00e3o \u00e9 apenas uma percep\u00e7\u00e3o, mas se traduz em decis\u00f5es concretas de gest\u00e3o. Com o ambiente econ\u00f4mico mais incerto, o empresariado est\u00e1 retraindo gastos. O n\u00edvel de investimento no setor (89,8 pontos) caiu 6% em apenas um m\u00eas, enquanto a inten\u00e7\u00e3o de contratar novos funcion\u00e1rios, embora ainda acima da neutralidade (127 pontos), desacelerou 2,8%. Atualmente, 45,1% dos empres\u00e1rios planejam &#8220;aumentar pouco&#8221; a equipe.<\/span><\/p>\n<p style=\"font-weight: 400; text-align: justify;\"><span style=\"font-size: 14pt;\">Al\u00e9m disso, o indicador de estoques alcan\u00e7ou 84,3 pontos. Cerca de 25,2% das empresas, especialmente no segmento de bens dur\u00e1veis, relatam estoques acima do n\u00edvel ideal, um fen\u00f4meno comum quando as vendas n\u00e3o acompanham o ritmo esperado.<\/span><\/p>\n<p style=\"font-weight: 400; text-align: justify;\"><span style=\"font-size: 14pt;\"><strong>Juros elevados e cr\u00e9dito restritivo<\/strong><\/span><\/p>\n<p style=\"font-weight: 400; text-align: justify;\"><span style=\"font-size: 14pt;\"><strong>\u00a0<\/strong><\/span><span style=\"font-size: 14pt;\">Com a taxa b\u00e1sica de juros em 14,75% ao ano e o cr\u00e9dito mais caro, com o rotativo do cart\u00e3o chegando a cerca de 436% ao ano em fevereiro, o acesso ao cr\u00e9dito fica mais restrito e seu custo mais elevado, inibindo decis\u00f5es de investimento.<\/span><\/p>\n<p style=\"font-weight: 400; text-align: justify;\"><span style=\"font-size: 14pt;\">Al\u00e9m do custo do cr\u00e9dito, o endividamento das fam\u00edlias \u2013 78,8% das fam\u00edlias de S\u00e3o Lu\u00eds est\u00e3o endividadas e 28,8% inadimplentes \u2013 diminui o poder de compra. Esse ambiente de restri\u00e7\u00e3o, somado \u00e0 instabilidade geopol\u00edtica que pressiona o pre\u00e7o dos combust\u00edveis e, consequentemente, a log\u00edstica e os pre\u00e7os nas prateleiras, limita a margem de manobra dos empres\u00e1rios.<\/span><\/p>\n<p style=\"font-weight: 400; text-align: justify;\"><span style=\"font-size: 14pt;\"><strong>Desafio para o setor<\/strong><\/span><\/p>\n<p style=\"font-weight: 400; text-align: justify;\"><span style=\"font-size: 14pt;\"><strong>\u00a0<\/strong><\/span><span style=\"font-size: 14pt;\">Para o presidente da Fecom\u00e9rcio-MA, Maur\u00edcio Feij\u00f3, o momento exige uma atua\u00e7\u00e3o mais estrat\u00e9gica por parte dos empres\u00e1rios. \u201cOs dados mostram que h\u00e1 uma desacelera\u00e7\u00e3o da confian\u00e7a, influenciada por um ambiente econ\u00f4mico mais restritivo. Nesse contexto, o crescimento tende a ser mais moderado, o que exige cautela, planejamento e maior efici\u00eancia na gest\u00e3o\u201d, avalia.<\/span><\/p>\n<p style=\"font-weight: 400; text-align: justify;\"><span style=\"font-size: 14pt;\">O ICEC de mar\u00e7o confirma a resili\u00eancia do com\u00e9rcio, ainda em terreno positivo, mas j\u00e1 em um cen\u00e1rio mais desafiador e de crescimento mais moderado.<\/span><\/p>\n<p><em><strong>Fonte: Ascom<\/strong><\/em><\/p>\n","protected":false},"excerpt":{"rendered":"<p>Pesquisa da Fecom\u00e9rcio-MA aponta que empres\u00e1rios mant\u00eam otimismo com o futuro, apesar da deteriora\u00e7\u00e3o das condi\u00e7\u00f5es atuais e do freio nos investimentos. S\u00e3o Lu\u00eds, 27 de abril de 2026 \u2013 O \u00cdndice de Confian\u00e7a do Empres\u00e1rio do Com\u00e9rcio (ICEC), apurado mensalmente pela Federa\u00e7\u00e3o do Com\u00e9rcio de Bens, Servi\u00e7os e Turismo do Estado do Maranh\u00e3o (Fecom\u00e9rcio-MA) [&hellip;]<\/p>\n","protected":false},"author":1,"featured_media":4612,"comment_status":"open","ping_status":"open","sticky":false,"template":"","format":"standard","meta":[],"categories":[1],"tags":[],"_links":{"self":[{"href":"https:\/\/revistamaranhaoturismo.com\/index.php?rest_route=\/wp\/v2\/posts\/4611"}],"collection":[{"href":"https:\/\/revistamaranhaoturismo.com\/index.php?rest_route=\/wp\/v2\/posts"}],"about":[{"href":"https:\/\/revistamaranhaoturismo.com\/index.php?rest_route=\/wp\/v2\/types\/post"}],"author":[{"embeddable":true,"href":"https:\/\/revistamaranhaoturismo.com\/index.php?rest_route=\/wp\/v2\/users\/1"}],"replies":[{"embeddable":true,"href":"https:\/\/revistamaranhaoturismo.com\/index.php?rest_route=%2Fwp%2Fv2%2Fcomments&post=4611"}],"version-history":[{"count":1,"href":"https:\/\/revistamaranhaoturismo.com\/index.php?rest_route=\/wp\/v2\/posts\/4611\/revisions"}],"predecessor-version":[{"id":4614,"href":"https:\/\/revistamaranhaoturismo.com\/index.php?rest_route=\/wp\/v2\/posts\/4611\/revisions\/4614"}],"wp:featuredmedia":[{"embeddable":true,"href":"https:\/\/revistamaranhaoturismo.com\/index.php?rest_route=\/wp\/v2\/media\/4612"}],"wp:attachment":[{"href":"https:\/\/revistamaranhaoturismo.com\/index.php?rest_route=%2Fwp%2Fv2%2Fmedia&parent=4611"}],"wp:term":[{"taxonomy":"category","embeddable":true,"href":"https:\/\/revistamaranhaoturismo.com\/index.php?rest_route=%2Fwp%2Fv2%2Fcategories&post=4611"},{"taxonomy":"post_tag","embeddable":true,"href":"https:\/\/revistamaranhaoturismo.com\/index.php?rest_route=%2Fwp%2Fv2%2Ftags&post=4611"}],"curies":[{"name":"wp","href":"https:\/\/api.w.org\/{rel}","templated":true}]}}