{"id":4615,"date":"2026-04-28T11:24:03","date_gmt":"2026-04-28T14:24:03","guid":{"rendered":"https:\/\/revistamaranhaoturismo.com\/?p=4615"},"modified":"2026-04-28T11:33:22","modified_gmt":"2026-04-28T14:33:22","slug":"brandao-prestigia-sessao-solene-de-posse-da-nova-mesa-diretora-do-tribunal-de-justica-do-estado-do-maranhao-tjma","status":"publish","type":"post","link":"https:\/\/revistamaranhaoturismo.com\/?p=4615","title":{"rendered":"Brand\u00e3o prestigia sess\u00e3o solene de posse da nova Mesa Diretora do Tribunal de Justi\u00e7a do Estado do Maranh\u00e3o (TJMA)"},"content":{"rendered":"<p><a href=\"https:\/\/revistamaranhaoturismo.com\/?attachment_id=4480\" rel=\"attachment wp-att-4480\"><img decoding=\"async\" loading=\"lazy\" class=\"aligncenter  wp-image-4480\" src=\"https:\/\/revistamaranhaoturismo.com\/wp-content\/uploads\/2026\/03\/Banner-web-600x600px_Mais-Brasil.png\" alt=\"\" width=\"293\" height=\"293\" srcset=\"https:\/\/revistamaranhaoturismo.com\/wp-content\/uploads\/2026\/03\/Banner-web-600x600px_Mais-Brasil.png 600w, https:\/\/revistamaranhaoturismo.com\/wp-content\/uploads\/2026\/03\/Banner-web-600x600px_Mais-Brasil-300x300.png 300w, https:\/\/revistamaranhaoturismo.com\/wp-content\/uploads\/2026\/03\/Banner-web-600x600px_Mais-Brasil-150x150.png 150w, https:\/\/revistamaranhaoturismo.com\/wp-content\/uploads\/2026\/03\/Banner-web-600x600px_Mais-Brasil-75x75.png 75w\" sizes=\"(max-width: 293px) 100vw, 293px\" \/><\/a><\/p>\n<p style=\"text-align: justify;\"><span style=\"font-size: 14pt;\">A sess\u00e3o solene de posse da nova Mesa Diretora do Poder Judici\u00e1rio do Maranh\u00e3o, para o bi\u00eanio de abril de 2026 a abril de 2028 foi realizada nessa sexta-feira (24). O governador Carlos Brand\u00e3o prestigiou a solenidade realizada no Audit\u00f3rio Darcy Ribeiro, no Centro de Conven\u00e7\u00f5es Governador Pedro Neiva de Santana, em S\u00e3o Lu\u00eds.<\/span><\/p>\n<figure id=\"attachment_4621\" aria-describedby=\"caption-attachment-4621\" style=\"width: 1509px\" class=\"wp-caption aligncenter\"><a href=\"https:\/\/revistamaranhaoturismo.com\/?attachment_id=4621\" rel=\"attachment wp-att-4621\"><img decoding=\"async\" loading=\"lazy\" class=\"size-full wp-image-4621\" src=\"https:\/\/revistamaranhaoturismo.com\/wp-content\/uploads\/2026\/04\/cfd2e85a-ef6a-498f-9cfe-403e994107f2.jpg\" alt=\"\" width=\"1509\" height=\"849\" srcset=\"https:\/\/revistamaranhaoturismo.com\/wp-content\/uploads\/2026\/04\/cfd2e85a-ef6a-498f-9cfe-403e994107f2.jpg 1509w, https:\/\/revistamaranhaoturismo.com\/wp-content\/uploads\/2026\/04\/cfd2e85a-ef6a-498f-9cfe-403e994107f2-300x169.jpg 300w, https:\/\/revistamaranhaoturismo.com\/wp-content\/uploads\/2026\/04\/cfd2e85a-ef6a-498f-9cfe-403e994107f2-1024x576.jpg 1024w, https:\/\/revistamaranhaoturismo.com\/wp-content\/uploads\/2026\/04\/cfd2e85a-ef6a-498f-9cfe-403e994107f2-768x432.jpg 768w, https:\/\/revistamaranhaoturismo.com\/wp-content\/uploads\/2026\/04\/cfd2e85a-ef6a-498f-9cfe-403e994107f2-750x422.jpg 750w, https:\/\/revistamaranhaoturismo.com\/wp-content\/uploads\/2026\/04\/cfd2e85a-ef6a-498f-9cfe-403e994107f2-1140x641.jpg 1140w\" sizes=\"(max-width: 1509px) 100vw, 1509px\" \/><\/a><figcaption id=\"caption-attachment-4621\" class=\"wp-caption-text\">Governador esteve em posse do TJMA (Foto: Fernando dos Anjos)<\/figcaption><\/figure>\n<p style=\"text-align: justify;\"><span style=\"font-size: 14pt;\">O ent\u00e3o presidente do Tribunal de Justi\u00e7a do Estado do Maranh\u00e3o (TJMA), desembargador Froz Sobrinho, conduziu a cerim\u00f4nia e deu posse aos desembargadores eleitos e \u00e0 desembargadora eleita: Ricardo Duailibe (novo presidente); Gerv\u00e1sio dos Santos J\u00fanior (vice-presidente); Jos\u00e9 Gon\u00e7alo de Sousa Filho (corregedor-geral da Justi\u00e7a); e Angela Salazar (corregedora-geral do Foro Extrajudicial).<\/span><\/p>\n<p><span style=\"font-size: 14pt;\">Durante a sess\u00e3o de abertura, o governador Carlos Brand\u00e3o destacou o fortalecimento da parceria institucional com o Tribunal de Justi\u00e7a, alicer\u00e7ada no respeito \u00e0 independ\u00eancia dos poderes.<\/span><\/p>\n<figure id=\"attachment_4621\" aria-describedby=\"caption-attachment-4621\" style=\"width: 1509px\" class=\"wp-caption aligncenter\"><a href=\"https:\/\/revistamaranhaoturismo.com\/?attachment_id=4621\" rel=\"attachment wp-att-4621\"><img decoding=\"async\" loading=\"lazy\" class=\"size-full wp-image-4621\" src=\"https:\/\/revistamaranhaoturismo.com\/wp-content\/uploads\/2026\/04\/cfd2e85a-ef6a-498f-9cfe-403e994107f2.jpg\" alt=\"\" width=\"1509\" height=\"849\" srcset=\"https:\/\/revistamaranhaoturismo.com\/wp-content\/uploads\/2026\/04\/cfd2e85a-ef6a-498f-9cfe-403e994107f2.jpg 1509w, https:\/\/revistamaranhaoturismo.com\/wp-content\/uploads\/2026\/04\/cfd2e85a-ef6a-498f-9cfe-403e994107f2-300x169.jpg 300w, https:\/\/revistamaranhaoturismo.com\/wp-content\/uploads\/2026\/04\/cfd2e85a-ef6a-498f-9cfe-403e994107f2-1024x576.jpg 1024w, https:\/\/revistamaranhaoturismo.com\/wp-content\/uploads\/2026\/04\/cfd2e85a-ef6a-498f-9cfe-403e994107f2-768x432.jpg 768w, https:\/\/revistamaranhaoturismo.com\/wp-content\/uploads\/2026\/04\/cfd2e85a-ef6a-498f-9cfe-403e994107f2-750x422.jpg 750w, https:\/\/revistamaranhaoturismo.com\/wp-content\/uploads\/2026\/04\/cfd2e85a-ef6a-498f-9cfe-403e994107f2-1140x641.jpg 1140w\" sizes=\"(max-width: 1509px) 100vw, 1509px\" \/><\/a><figcaption id=\"caption-attachment-4621\" class=\"wp-caption-text\">Governador esteve em posse do TJMA (Foto: Fernando dos Anjos)<\/figcaption><\/figure>\n<p style=\"text-align: justify;\"><span style=\"font-size: 14pt;\">\u201c\u00c9 importante essa rela\u00e7\u00e3o do Governo do Estado com os demais poderes, com respeito, com harmonia. Eu fiz quest\u00e3o de vir prestigiar a posse do desembargador Ricardo Duailibe assim como a sa\u00edda do desembargador Froz Sobrinho, que fez um grande trabalho como presidente do Tribunal de Justi\u00e7a do Maranh\u00e3o, aproximando o Tribunal da popula\u00e7\u00e3o\u201d, assinalou Brand\u00e3o.<\/span><\/p>\n<p><span style=\"font-size: 14pt;\">A posse solene contou com a presen\u00e7a de convidados, convidadas e autoridades dos demais poderes. A defini\u00e7\u00e3o da Mesa Diretora para o bi\u00eanio 2026-2028 ocorreu no dia 4 de fevereiro, por meio de vota\u00e7\u00e3o de desembargadores e desembargadoras, em elei\u00e7\u00e3o conduzida pelo presidente do TJMA, desembargador Froz Sobrinho, em sess\u00e3o plen\u00e1ria administrativa.<\/span><\/p>\n<p><span style=\"font-size: 14pt;\">A solenidade tamb\u00e9m foi transmitida por videoconfer\u00eancia pelo canal oficial do Poder Judici\u00e1rio do Maranh\u00e3o no Youtube (youtube\/tjmaoficial).<\/span><\/p>\n<p><a href=\"https:\/\/revistamaranhaoturismo.com\/?attachment_id=4620\" rel=\"attachment wp-att-4620\"><img decoding=\"async\" loading=\"lazy\" class=\"aligncenter size-full wp-image-4620\" src=\"https:\/\/revistamaranhaoturismo.com\/wp-content\/uploads\/2026\/04\/05953beb-9cdf-4d17-8e0f-a95db8cc4141.jpg\" alt=\"\" width=\"1274\" height=\"849\" srcset=\"https:\/\/revistamaranhaoturismo.com\/wp-content\/uploads\/2026\/04\/05953beb-9cdf-4d17-8e0f-a95db8cc4141.jpg 1274w, https:\/\/revistamaranhaoturismo.com\/wp-content\/uploads\/2026\/04\/05953beb-9cdf-4d17-8e0f-a95db8cc4141-300x200.jpg 300w, https:\/\/revistamaranhaoturismo.com\/wp-content\/uploads\/2026\/04\/05953beb-9cdf-4d17-8e0f-a95db8cc4141-1024x682.jpg 1024w, https:\/\/revistamaranhaoturismo.com\/wp-content\/uploads\/2026\/04\/05953beb-9cdf-4d17-8e0f-a95db8cc4141-768x512.jpg 768w, https:\/\/revistamaranhaoturismo.com\/wp-content\/uploads\/2026\/04\/05953beb-9cdf-4d17-8e0f-a95db8cc4141-750x500.jpg 750w, https:\/\/revistamaranhaoturismo.com\/wp-content\/uploads\/2026\/04\/05953beb-9cdf-4d17-8e0f-a95db8cc4141-1140x760.jpg 1140w\" sizes=\"(max-width: 1274px) 100vw, 1274px\" \/><\/a> <a href=\"https:\/\/revistamaranhaoturismo.com\/?attachment_id=4619\" rel=\"attachment wp-att-4619\"><img decoding=\"async\" loading=\"lazy\" class=\"aligncenter size-full wp-image-4619\" src=\"https:\/\/revistamaranhaoturismo.com\/wp-content\/uploads\/2026\/04\/d0624415-dcf1-452e-b0bd-94fa894e15cf.jpg\" alt=\"\" width=\"1274\" height=\"849\" srcset=\"https:\/\/revistamaranhaoturismo.com\/wp-content\/uploads\/2026\/04\/d0624415-dcf1-452e-b0bd-94fa894e15cf.jpg 1274w, https:\/\/revistamaranhaoturismo.com\/wp-content\/uploads\/2026\/04\/d0624415-dcf1-452e-b0bd-94fa894e15cf-300x200.jpg 300w, https:\/\/revistamaranhaoturismo.com\/wp-content\/uploads\/2026\/04\/d0624415-dcf1-452e-b0bd-94fa894e15cf-1024x682.jpg 1024w, https:\/\/revistamaranhaoturismo.com\/wp-content\/uploads\/2026\/04\/d0624415-dcf1-452e-b0bd-94fa894e15cf-768x512.jpg 768w, https:\/\/revistamaranhaoturismo.com\/wp-content\/uploads\/2026\/04\/d0624415-dcf1-452e-b0bd-94fa894e15cf-750x500.jpg 750w, https:\/\/revistamaranhaoturismo.com\/wp-content\/uploads\/2026\/04\/d0624415-dcf1-452e-b0bd-94fa894e15cf-1140x760.jpg 1140w\" sizes=\"(max-width: 1274px) 100vw, 1274px\" \/><\/a> <a href=\"https:\/\/revistamaranhaoturismo.com\/?attachment_id=4618\" rel=\"attachment wp-att-4618\"><img decoding=\"async\" loading=\"lazy\" class=\"aligncenter size-full wp-image-4618\" src=\"https:\/\/revistamaranhaoturismo.com\/wp-content\/uploads\/2026\/04\/1d6db2d5-946b-441f-b494-c6f2cc2e7254.jpg\" alt=\"\" width=\"1274\" height=\"849\" srcset=\"https:\/\/revistamaranhaoturismo.com\/wp-content\/uploads\/2026\/04\/1d6db2d5-946b-441f-b494-c6f2cc2e7254.jpg 1274w, https:\/\/revistamaranhaoturismo.com\/wp-content\/uploads\/2026\/04\/1d6db2d5-946b-441f-b494-c6f2cc2e7254-300x200.jpg 300w, https:\/\/revistamaranhaoturismo.com\/wp-content\/uploads\/2026\/04\/1d6db2d5-946b-441f-b494-c6f2cc2e7254-1024x682.jpg 1024w, https:\/\/revistamaranhaoturismo.com\/wp-content\/uploads\/2026\/04\/1d6db2d5-946b-441f-b494-c6f2cc2e7254-768x512.jpg 768w, https:\/\/revistamaranhaoturismo.com\/wp-content\/uploads\/2026\/04\/1d6db2d5-946b-441f-b494-c6f2cc2e7254-750x500.jpg 750w, https:\/\/revistamaranhaoturismo.com\/wp-content\/uploads\/2026\/04\/1d6db2d5-946b-441f-b494-c6f2cc2e7254-1140x760.jpg 1140w\" sizes=\"(max-width: 1274px) 100vw, 1274px\" \/><\/a><\/p>\n<p><a href=\"https:\/\/revistamaranhaoturismo.com\/?attachment_id=4617\" rel=\"attachment wp-att-4617\"><img decoding=\"async\" loading=\"lazy\" class=\"aligncenter size-full wp-image-4617\" src=\"https:\/\/revistamaranhaoturismo.com\/wp-content\/uploads\/2026\/04\/4e261921-802a-4058-aa0e-cefad64b0dce.jpg\" alt=\"\" width=\"1274\" height=\"849\" srcset=\"https:\/\/revistamaranhaoturismo.com\/wp-content\/uploads\/2026\/04\/4e261921-802a-4058-aa0e-cefad64b0dce.jpg 1274w, https:\/\/revistamaranhaoturismo.com\/wp-content\/uploads\/2026\/04\/4e261921-802a-4058-aa0e-cefad64b0dce-300x200.jpg 300w, https:\/\/revistamaranhaoturismo.com\/wp-content\/uploads\/2026\/04\/4e261921-802a-4058-aa0e-cefad64b0dce-1024x682.jpg 1024w, https:\/\/revistamaranhaoturismo.com\/wp-content\/uploads\/2026\/04\/4e261921-802a-4058-aa0e-cefad64b0dce-768x512.jpg 768w, https:\/\/revistamaranhaoturismo.com\/wp-content\/uploads\/2026\/04\/4e261921-802a-4058-aa0e-cefad64b0dce-750x500.jpg 750w, https:\/\/revistamaranhaoturismo.com\/wp-content\/uploads\/2026\/04\/4e261921-802a-4058-aa0e-cefad64b0dce-1140x760.jpg 1140w\" sizes=\"(max-width: 1274px) 100vw, 1274px\" \/><\/a> <a href=\"https:\/\/revistamaranhaoturismo.com\/?attachment_id=4616\" rel=\"attachment wp-att-4616\"><img decoding=\"async\" loading=\"lazy\" class=\"aligncenter size-full wp-image-4616\" src=\"https:\/\/revistamaranhaoturismo.com\/wp-content\/uploads\/2026\/04\/b0fdb0ff-8367-4017-bf96-d20af8f65c4d.jpg\" alt=\"\" width=\"1274\" height=\"849\" srcset=\"https:\/\/revistamaranhaoturismo.com\/wp-content\/uploads\/2026\/04\/b0fdb0ff-8367-4017-bf96-d20af8f65c4d.jpg 1274w, https:\/\/revistamaranhaoturismo.com\/wp-content\/uploads\/2026\/04\/b0fdb0ff-8367-4017-bf96-d20af8f65c4d-300x200.jpg 300w, https:\/\/revistamaranhaoturismo.com\/wp-content\/uploads\/2026\/04\/b0fdb0ff-8367-4017-bf96-d20af8f65c4d-1024x682.jpg 1024w, https:\/\/revistamaranhaoturismo.com\/wp-content\/uploads\/2026\/04\/b0fdb0ff-8367-4017-bf96-d20af8f65c4d-768x512.jpg 768w, https:\/\/revistamaranhaoturismo.com\/wp-content\/uploads\/2026\/04\/b0fdb0ff-8367-4017-bf96-d20af8f65c4d-750x500.jpg 750w, https:\/\/revistamaranhaoturismo.com\/wp-content\/uploads\/2026\/04\/b0fdb0ff-8367-4017-bf96-d20af8f65c4d-1140x760.jpg 1140w\" sizes=\"(max-width: 1274px) 100vw, 1274px\" \/><\/a><\/p>\n<p>Governador esteve em posse do TJMA (Foto: Fernando dos Anjos)<\/p>\n<p><em><strong>Fonte: Ascom-Secom<\/strong><\/em><\/p>\n","protected":false},"excerpt":{"rendered":"<p>A sess\u00e3o solene de posse da nova Mesa Diretora do Poder Judici\u00e1rio do Maranh\u00e3o, para o bi\u00eanio de abril de 2026 a abril de 2028 foi realizada nessa sexta-feira (24). O governador Carlos Brand\u00e3o prestigiou a solenidade realizada no Audit\u00f3rio Darcy Ribeiro, no Centro de Conven\u00e7\u00f5es Governador Pedro Neiva de Santana, em S\u00e3o Lu\u00eds. O [&hellip;]<\/p>\n","protected":false},"author":1,"featured_media":4622,"comment_status":"open","ping_status":"open","sticky":false,"template":"","format":"standard","meta":[],"categories":[1],"tags":[],"_links":{"self":[{"href":"https:\/\/revistamaranhaoturismo.com\/index.php?rest_route=\/wp\/v2\/posts\/4615"}],"collection":[{"href":"https:\/\/revistamaranhaoturismo.com\/index.php?rest_route=\/wp\/v2\/posts"}],"about":[{"href":"https:\/\/revistamaranhaoturismo.com\/index.php?rest_route=\/wp\/v2\/types\/post"}],"author":[{"embeddable":true,"href":"https:\/\/revistamaranhaoturismo.com\/index.php?rest_route=\/wp\/v2\/users\/1"}],"replies":[{"embeddable":true,"href":"https:\/\/revistamaranhaoturismo.com\/index.php?rest_route=%2Fwp%2Fv2%2Fcomments&post=4615"}],"version-history":[{"count":2,"href":"https:\/\/revistamaranhaoturismo.com\/index.php?rest_route=\/wp\/v2\/posts\/4615\/revisions"}],"predecessor-version":[{"id":4634,"href":"https:\/\/revistamaranhaoturismo.com\/index.php?rest_route=\/wp\/v2\/posts\/4615\/revisions\/4634"}],"wp:featuredmedia":[{"embeddable":true,"href":"https:\/\/revistamaranhaoturismo.com\/index.php?rest_route=\/wp\/v2\/media\/4622"}],"wp:attachment":[{"href":"https:\/\/revistamaranhaoturismo.com\/index.php?rest_route=%2Fwp%2Fv2%2Fmedia&parent=4615"}],"wp:term":[{"taxonomy":"category","embeddable":true,"href":"https:\/\/revistamaranhaoturismo.com\/index.php?rest_route=%2Fwp%2Fv2%2Fcategories&post=4615"},{"taxonomy":"post_tag","embeddable":true,"href":"https:\/\/revistamaranhaoturismo.com\/index.php?rest_route=%2Fwp%2Fv2%2Ftags&post=4615"}],"curies":[{"name":"wp","href":"https:\/\/api.w.org\/{rel}","templated":true}]}}