{"id":4624,"date":"2026-04-28T11:25:43","date_gmt":"2026-04-28T14:25:43","guid":{"rendered":"https:\/\/revistamaranhaoturismo.com\/?p=4624"},"modified":"2026-04-28T11:32:01","modified_gmt":"2026-04-28T14:32:01","slug":"sebrae-maranhao-lanca-edital-de-patrocinio-para-eventos-com-apoio-de-ate-r-20-mil","status":"publish","type":"post","link":"https:\/\/revistamaranhaoturismo.com\/?p=4624","title":{"rendered":"Sebrae Maranh\u00e3o lan\u00e7a edital de patroc\u00ednio para eventos com apoio de at\u00e9 R$ 20 mil"},"content":{"rendered":"<p><a href=\"https:\/\/revistamaranhaoturismo.com\/?attachment_id=4480\" rel=\"attachment wp-att-4480\"><img decoding=\"async\" loading=\"lazy\" class=\"aligncenter  wp-image-4480\" src=\"https:\/\/revistamaranhaoturismo.com\/wp-content\/uploads\/2026\/03\/Banner-web-600x600px_Mais-Brasil.png\" alt=\"\" width=\"255\" height=\"256\" srcset=\"https:\/\/revistamaranhaoturismo.com\/wp-content\/uploads\/2026\/03\/Banner-web-600x600px_Mais-Brasil.png 600w, https:\/\/revistamaranhaoturismo.com\/wp-content\/uploads\/2026\/03\/Banner-web-600x600px_Mais-Brasil-300x300.png 300w, https:\/\/revistamaranhaoturismo.com\/wp-content\/uploads\/2026\/03\/Banner-web-600x600px_Mais-Brasil-150x150.png 150w, https:\/\/revistamaranhaoturismo.com\/wp-content\/uploads\/2026\/03\/Banner-web-600x600px_Mais-Brasil-75x75.png 75w\" sizes=\"(max-width: 255px) 100vw, 255px\" \/><\/a><\/p>\n<p style=\"text-align: justify;\"><strong><span style=\"font-size: 14pt;\"><i>Edital \u00e9 voltado a eventos presenciais realizados entre julho e novembro de 2026. As inscri\u00e7\u00f5es est\u00e3o abertas at\u00e9 20 de maio.<\/i><\/span><\/strong><\/p>\n<div>\n<p style=\"text-align: justify;\"><span style=\"font-size: 14pt;\">O Sebrae Maranh\u00e3o est\u00e1 com inscri\u00e7\u00f5es abertas para o edital de Patroc\u00ednio do segundo semestre de 2026, que visa apoiar eventos e projetos que impulsionem o empreendedorismo, a inova\u00e7\u00e3o e o fortalecimento dos pequenos neg\u00f3cios no estado. O valor do incentivo pode chegar a R$ 20 mil por proposta.<\/span><\/p>\n<p style=\"text-align: justify;\"><span style=\"font-size: 14pt;\">O edital \u00e9 voltado a eventos presenciais realizados entre julho e novembro de 2026. Podem participar empresas e institui\u00e7\u00f5es p\u00fablicas ou privadas, com ou sem fins lucrativos, que existam h\u00e1 pelo menos um ano e organizem ou apoiem eventos nas \u00e1reas de capacita\u00e7\u00e3o empresarial, sustentabilidade, inova\u00e7\u00e3o, inclus\u00e3o produtiva e fortalecimento de cadeias produtivas.<\/span><\/p>\n<p style=\"text-align: justify;\"><span style=\"font-size: 14pt;\">Segundo o gerente da Assessoria de Comunica\u00e7\u00e3o do Sebrae Maranh\u00e3o, Jo\u00e3o Torres, o edital \u00e9 uma ferramenta estrat\u00e9gica para ampliar o alcance da institui\u00e7\u00e3o e consolidar parcerias. \u201cNosso objetivo \u00e9 fortalecer iniciativas que contribuam para o desenvolvimento do empreendedorismo e gerem novas oportunidades de crescimento. Ao apoiar esses eventos, tamb\u00e9m ampliamos a visibilidade e valorizamos o potencial dos pequenos neg\u00f3cios do estado\u201d, destacou.<\/span><\/p>\n<p style=\"text-align: justify;\"><span style=\"font-size: 14pt;\"><strong>Prazos e edital\u00a0<\/strong><\/span><\/p>\n<p style=\"text-align: justify;\"><span style=\"font-size: 14pt;\">As inscri\u00e7\u00f5es s\u00e3o gratuitas e devem ser realizadas exclusivamente pela internet, at\u00e9 20 de maio, ap\u00f3s preencher o formul\u00e1rio eletr\u00f4nico, anexar a documenta\u00e7\u00e3o exigida e enviar a proposta conforme as orienta\u00e7\u00f5es do edital. O resultado com os projetos selecionados ser\u00e1 divulgado em 19 de junho de 2026, por meio dos canais oficiais do Sebrae Maranh\u00e3o.<\/span><\/p>\n<p style=\"text-align: justify;\"><span style=\"font-size: 14pt;\">O edital completo pode ser acessado no Canal do Fornecedor do Sebrae (<a href=\"http:\/\/www.scf3.sebrae.com.br\/portalcf\" target=\"_blank\" rel=\"noopener noreferrer\" data-saferedirecturl=\"https:\/\/www.google.com\/url?q=http:\/\/www.scf3.sebrae.com.br\/portalcf&amp;source=gmail&amp;ust=1777471816855000&amp;usg=AOvVaw149zl9gDLx8ChmkPJMa8LM\">www.scf3.sebrae.com.br\/<wbr \/>portalcf<\/a>), onde \u00e9 poss\u00edvel consultar prazos, documentos exigidos, entre outras informa\u00e7\u00f5es.<\/span><\/p>\n<p style=\"text-align: justify;\"><span style=\"font-size: 14pt;\"><strong>Valores de patroc\u00ednio<\/strong><\/span><\/p>\n<p style=\"text-align: justify;\"><span style=\"font-size: 14pt;\">O patroc\u00ednio oferecido pelo Sebrae Maranh\u00e3o ser\u00e1 feito a partir de cotas definidas pela Comiss\u00e3o de Avalia\u00e7\u00e3o, distribu\u00eddas em: cinco cotas de Patroc\u00ednio Bronze &#8211; R$ 3.000; sete cotas de Patroc\u00ednio Prata &#8211; R$ 5.000; quatro cotas de Patroc\u00ednio Ouro &#8211; R$ 10.000; e tr\u00eas cotas de Patroc\u00ednio Diamante &#8211; R$ 20.000.<\/span><\/p>\n<p style=\"text-align: justify;\"><span style=\"font-size: 14pt;\">O recurso poder\u00e1 ser destinado a eventos de diferentes formatos, como feiras, simp\u00f3sios, rodadas de neg\u00f3cios, oficinas, workshops, atividades culturais, ambientais ou esportivas integradas ao turismo, desde que tenham como foco o fortalecimento dos pequenos neg\u00f3cios e a economia local.<\/span><\/p>\n<p style=\"text-align: justify;\"><span style=\"font-size: 14pt;\"><strong>Regras e crit\u00e9rios<\/strong><\/span><\/p>\n<p style=\"text-align: justify;\"><span style=\"font-size: 14pt;\">As propostas inscritas devem apresentar objetivos claros, p\u00fablico-alvo definido e resultados mensur\u00e1veis. O edital contempla eventos presenciais, desde que realizados dentro do territ\u00f3rio maranhense e em conformidade com o cronograma previsto. As propostas ser\u00e3o analisadas por uma comiss\u00e3o t\u00e9cnica do Sebrae Maranh\u00e3o, com base em crit\u00e9rios de relev\u00e2ncia, impacto e alinhamento estrat\u00e9gico. D\u00favidas podem ser enviadas para o e-mail:\u00a0<a href=\"mailto:patrocinio.ma@ma.sebrae.com.br\" target=\"_blank\" rel=\"noopener noreferrer\">patrocinio.ma@ma.sebrae.com.br<\/a><wbr \/>.<\/span><\/p>\n<p><em><strong>Fonte: Ascom- Sebrae<\/strong><\/em><\/p>\n<\/div>\n","protected":false},"excerpt":{"rendered":"<p>Edital \u00e9 voltado a eventos presenciais realizados entre julho e novembro de 2026. As inscri\u00e7\u00f5es est\u00e3o abertas at\u00e9 20 de maio. O Sebrae Maranh\u00e3o est\u00e1 com inscri\u00e7\u00f5es abertas para o edital de Patroc\u00ednio do segundo semestre de 2026, que visa apoiar eventos e projetos que impulsionem o empreendedorismo, a inova\u00e7\u00e3o e o fortalecimento dos pequenos [&hellip;]<\/p>\n","protected":false},"author":1,"featured_media":4625,"comment_status":"open","ping_status":"open","sticky":false,"template":"","format":"standard","meta":[],"categories":[1],"tags":[],"_links":{"self":[{"href":"https:\/\/revistamaranhaoturismo.com\/index.php?rest_route=\/wp\/v2\/posts\/4624"}],"collection":[{"href":"https:\/\/revistamaranhaoturismo.com\/index.php?rest_route=\/wp\/v2\/posts"}],"about":[{"href":"https:\/\/revistamaranhaoturismo.com\/index.php?rest_route=\/wp\/v2\/types\/post"}],"author":[{"embeddable":true,"href":"https:\/\/revistamaranhaoturismo.com\/index.php?rest_route=\/wp\/v2\/users\/1"}],"replies":[{"embeddable":true,"href":"https:\/\/revistamaranhaoturismo.com\/index.php?rest_route=%2Fwp%2Fv2%2Fcomments&post=4624"}],"version-history":[{"count":2,"href":"https:\/\/revistamaranhaoturismo.com\/index.php?rest_route=\/wp\/v2\/posts\/4624\/revisions"}],"predecessor-version":[{"id":4633,"href":"https:\/\/revistamaranhaoturismo.com\/index.php?rest_route=\/wp\/v2\/posts\/4624\/revisions\/4633"}],"wp:featuredmedia":[{"embeddable":true,"href":"https:\/\/revistamaranhaoturismo.com\/index.php?rest_route=\/wp\/v2\/media\/4625"}],"wp:attachment":[{"href":"https:\/\/revistamaranhaoturismo.com\/index.php?rest_route=%2Fwp%2Fv2%2Fmedia&parent=4624"}],"wp:term":[{"taxonomy":"category","embeddable":true,"href":"https:\/\/revistamaranhaoturismo.com\/index.php?rest_route=%2Fwp%2Fv2%2Fcategories&post=4624"},{"taxonomy":"post_tag","embeddable":true,"href":"https:\/\/revistamaranhaoturismo.com\/index.php?rest_route=%2Fwp%2Fv2%2Ftags&post=4624"}],"curies":[{"name":"wp","href":"https:\/\/api.w.org\/{rel}","templated":true}]}}