{"id":4627,"date":"2026-04-28T11:31:06","date_gmt":"2026-04-28T14:31:06","guid":{"rendered":"https:\/\/revistamaranhaoturismo.com\/?p=4627"},"modified":"2026-04-28T11:31:06","modified_gmt":"2026-04-28T14:31:06","slug":"senai-ma-realiza-acoes-na-semana-fashion-revolution","status":"publish","type":"post","link":"https:\/\/revistamaranhaoturismo.com\/?p=4627","title":{"rendered":"SENAI-MA realiza a\u00e7\u00f5es na Semana Fashion Revolution"},"content":{"rendered":"<div><a href=\"https:\/\/revistamaranhaoturismo.com\/?attachment_id=4480\" rel=\"attachment wp-att-4480\"><img decoding=\"async\" loading=\"lazy\" class=\"aligncenter  wp-image-4480\" src=\"https:\/\/revistamaranhaoturismo.com\/wp-content\/uploads\/2026\/03\/Banner-web-600x600px_Mais-Brasil.png\" alt=\"\" width=\"287\" height=\"288\" srcset=\"https:\/\/revistamaranhaoturismo.com\/wp-content\/uploads\/2026\/03\/Banner-web-600x600px_Mais-Brasil.png 600w, https:\/\/revistamaranhaoturismo.com\/wp-content\/uploads\/2026\/03\/Banner-web-600x600px_Mais-Brasil-300x300.png 300w, https:\/\/revistamaranhaoturismo.com\/wp-content\/uploads\/2026\/03\/Banner-web-600x600px_Mais-Brasil-150x150.png 150w, https:\/\/revistamaranhaoturismo.com\/wp-content\/uploads\/2026\/03\/Banner-web-600x600px_Mais-Brasil-75x75.png 75w\" sizes=\"(max-width: 287px) 100vw, 287px\" \/><\/a><\/div>\n<div style=\"text-align: justify;\"><strong><span style=\"font-size: 14pt;\"><i>Movimento impulsiona discuss\u00e3o sobre mudan\u00e7as na cadeia produtiva da moda\u00a0<\/i><\/span><\/strong><\/div>\n<div style=\"text-align: justify;\"><span style=\"font-size: 14pt;\"><i>\u00a0<\/i><\/span><\/div>\n<div style=\"text-align: justify;\"><span style=\"font-size: 14pt;\">S\u00c3O LU\u00cdS\u00a0\u2013 O Servi\u00e7o Nacional da Ind\u00fastria do Maranh\u00e3o (SENAI-MA) promoveu a\u00e7\u00f5es da Semana Fashion Revolution, campanha mundial de moda ativista que promove eventos anualmente com o objetivo de discutir e impulsionar mudan\u00e7as sociais e ecol\u00f3gicas no setor. As atividades aconteceram nos dias 23 e 24 de abril, na unidade do SENAI Monte Castelo.<\/span><\/div>\n<div style=\"text-align: justify;\"><a href=\"https:\/\/revistamaranhaoturismo.com\/?attachment_id=4630\" rel=\"attachment wp-att-4630\"><img decoding=\"async\" loading=\"lazy\" class=\"aligncenter size-full wp-image-4630\" src=\"https:\/\/revistamaranhaoturismo.com\/wp-content\/uploads\/2026\/04\/SENAI-MA-realiza-acoes-na-Semana-Fashion-Revolution-3.jpg\" alt=\"\" width=\"1600\" height=\"1066\" srcset=\"https:\/\/revistamaranhaoturismo.com\/wp-content\/uploads\/2026\/04\/SENAI-MA-realiza-acoes-na-Semana-Fashion-Revolution-3.jpg 1600w, https:\/\/revistamaranhaoturismo.com\/wp-content\/uploads\/2026\/04\/SENAI-MA-realiza-acoes-na-Semana-Fashion-Revolution-3-300x200.jpg 300w, https:\/\/revistamaranhaoturismo.com\/wp-content\/uploads\/2026\/04\/SENAI-MA-realiza-acoes-na-Semana-Fashion-Revolution-3-1024x682.jpg 1024w, https:\/\/revistamaranhaoturismo.com\/wp-content\/uploads\/2026\/04\/SENAI-MA-realiza-acoes-na-Semana-Fashion-Revolution-3-768x512.jpg 768w, https:\/\/revistamaranhaoturismo.com\/wp-content\/uploads\/2026\/04\/SENAI-MA-realiza-acoes-na-Semana-Fashion-Revolution-3-1536x1023.jpg 1536w, https:\/\/revistamaranhaoturismo.com\/wp-content\/uploads\/2026\/04\/SENAI-MA-realiza-acoes-na-Semana-Fashion-Revolution-3-750x500.jpg 750w, https:\/\/revistamaranhaoturismo.com\/wp-content\/uploads\/2026\/04\/SENAI-MA-realiza-acoes-na-Semana-Fashion-Revolution-3-1140x760.jpg 1140w\" sizes=\"(max-width: 1600px) 100vw, 1600px\" \/><\/a><\/div>\n<div style=\"text-align: justify;\"><span style=\"font-size: 14pt;\">Com o apoio da institui\u00e7\u00e3o desde 2023, nesta edi\u00e7\u00e3o a iniciativa conta com o tema \u201cFortalecer ecossistemas da moda\u201d, que busca mostrar novas possibilidades para a cadeia produtiva do setor. Foram dois dias de programa\u00e7\u00e3o com oficinas que discutiram e colocaram em pr\u00e1tica t\u00e9cnicas que valorizam a moda sustent\u00e1vel e reuso criativo.<\/span><\/div>\n<div style=\"text-align: justify;\"><\/div>\n<div style=\"text-align: justify;\"><span style=\"font-size: 14pt;\">A designer e multiartista Fernanda Bayma conduziu a oficina de estamparia, com uma programa\u00e7\u00e3o que abordou t\u00e9cnicas de est\u00eancil, serigrafia e\u00a0<i>patchwork<\/i>, estimulando as participantes a criarem suas pr\u00f3prias composi\u00e7\u00f5es a partir de retalhos. \u201cTrabalhamos o reuso de materiais que seriam descartados, promovendo a conscientiza\u00e7\u00e3o sobre a sustentabilidade no empreendedorismo. O Maranh\u00e3o pulsa cultura e economia criativa, e este \u00e9 um espa\u00e7o que refor\u00e7a a possibilidade de produzir artesanato e cuidar do meio ambiente ao mesmo tempo\u201d, ressaltou Fernanda.<\/span><\/div>\n<div style=\"text-align: justify;\"><a href=\"https:\/\/revistamaranhaoturismo.com\/?attachment_id=4629\" rel=\"attachment wp-att-4629\"><img decoding=\"async\" loading=\"lazy\" class=\"aligncenter size-full wp-image-4629\" src=\"https:\/\/revistamaranhaoturismo.com\/wp-content\/uploads\/2026\/04\/SENAI-MA-realiza-acoes-na-Semana-Fashion-Revolution-4.jpg\" alt=\"\" width=\"1600\" height=\"1066\" srcset=\"https:\/\/revistamaranhaoturismo.com\/wp-content\/uploads\/2026\/04\/SENAI-MA-realiza-acoes-na-Semana-Fashion-Revolution-4.jpg 1600w, https:\/\/revistamaranhaoturismo.com\/wp-content\/uploads\/2026\/04\/SENAI-MA-realiza-acoes-na-Semana-Fashion-Revolution-4-300x200.jpg 300w, https:\/\/revistamaranhaoturismo.com\/wp-content\/uploads\/2026\/04\/SENAI-MA-realiza-acoes-na-Semana-Fashion-Revolution-4-1024x682.jpg 1024w, https:\/\/revistamaranhaoturismo.com\/wp-content\/uploads\/2026\/04\/SENAI-MA-realiza-acoes-na-Semana-Fashion-Revolution-4-768x512.jpg 768w, https:\/\/revistamaranhaoturismo.com\/wp-content\/uploads\/2026\/04\/SENAI-MA-realiza-acoes-na-Semana-Fashion-Revolution-4-1536x1023.jpg 1536w, https:\/\/revistamaranhaoturismo.com\/wp-content\/uploads\/2026\/04\/SENAI-MA-realiza-acoes-na-Semana-Fashion-Revolution-4-750x500.jpg 750w, https:\/\/revistamaranhaoturismo.com\/wp-content\/uploads\/2026\/04\/SENAI-MA-realiza-acoes-na-Semana-Fashion-Revolution-4-1140x760.jpg 1140w\" sizes=\"(max-width: 1600px) 100vw, 1600px\" \/><\/a><\/div>\n<div style=\"text-align: justify;\"><span style=\"font-size: 14pt;\">Outro destaque da programa\u00e7\u00e3o, a oficina de inicia\u00e7\u00e3o ao croch\u00ea foi ministrada pela artes\u00e3 e empres\u00e1ria Gisa Martins. Ex-aluna do SENAI-MA, Gisa enfatiza que o evento \u00e9 um espa\u00e7o de valoriza\u00e7\u00e3o para o potencial criativo do estado. &#8220;Possu\u00edmos uma riqueza imensa em t\u00e9cnicas artesanais e mat\u00e9rias-primas locais, e aqui essas pr\u00e1ticas s\u00e3o colocadas em evid\u00eancia\u201d, afirmou.<\/span><\/div>\n<div style=\"text-align: justify;\"><\/div>\n<div style=\"text-align: justify;\"><span style=\"font-size: 14pt;\">Para a participante Josenilde Sousa e Silva, aluna do curso de Modelagem, Corte e Costura do SENAI-MA, a oficina fez aumentar seu interesse pelo reaproveitamento de materiais. \u201cOs ensinamentos ampliam as possibilidades do que antes era visto como descarte. Com a oficina consigo imaginar novas formas de dar vida \u00fatil a itens que eu j\u00e1 possu\u00eda e que estavam parados\u201d, disse.<\/span><\/div>\n<div style=\"text-align: justify;\"><a href=\"https:\/\/revistamaranhaoturismo.com\/?attachment_id=4628\" rel=\"attachment wp-att-4628\"><img decoding=\"async\" loading=\"lazy\" class=\"aligncenter size-full wp-image-4628\" src=\"https:\/\/revistamaranhaoturismo.com\/wp-content\/uploads\/2026\/04\/SENAI-MA-realiza-acoes-na-Semana-Fashion-Revolution-1.jpg\" alt=\"\" width=\"1600\" height=\"1066\" srcset=\"https:\/\/revistamaranhaoturismo.com\/wp-content\/uploads\/2026\/04\/SENAI-MA-realiza-acoes-na-Semana-Fashion-Revolution-1.jpg 1600w, https:\/\/revistamaranhaoturismo.com\/wp-content\/uploads\/2026\/04\/SENAI-MA-realiza-acoes-na-Semana-Fashion-Revolution-1-300x200.jpg 300w, https:\/\/revistamaranhaoturismo.com\/wp-content\/uploads\/2026\/04\/SENAI-MA-realiza-acoes-na-Semana-Fashion-Revolution-1-1024x682.jpg 1024w, https:\/\/revistamaranhaoturismo.com\/wp-content\/uploads\/2026\/04\/SENAI-MA-realiza-acoes-na-Semana-Fashion-Revolution-1-768x512.jpg 768w, https:\/\/revistamaranhaoturismo.com\/wp-content\/uploads\/2026\/04\/SENAI-MA-realiza-acoes-na-Semana-Fashion-Revolution-1-1536x1023.jpg 1536w, https:\/\/revistamaranhaoturismo.com\/wp-content\/uploads\/2026\/04\/SENAI-MA-realiza-acoes-na-Semana-Fashion-Revolution-1-750x500.jpg 750w, https:\/\/revistamaranhaoturismo.com\/wp-content\/uploads\/2026\/04\/SENAI-MA-realiza-acoes-na-Semana-Fashion-Revolution-1-1140x760.jpg 1140w\" sizes=\"(max-width: 1600px) 100vw, 1600px\" \/><\/a><\/div>\n<div style=\"text-align: justify;\"><span style=\"font-size: 14pt;\">Naissa Silva Costa, instrutora da \u00e1rea tecnol\u00f3gica de Vestu\u00e1rio do SENAI-MA e docente embaixadora do Fashion Revolution na institui\u00e7\u00e3o, destacou a import\u00e2ncia da iniciativa para incentivar o pensamento cr\u00edtico, social e ecol\u00f3gico no setor de vestu\u00e1rio. \u201cComo refer\u00eancia na capacita\u00e7\u00e3o para a ind\u00fastria, nosso papel \u00e9 garantir que esses futuros profissionais tenham uma vis\u00e3o que vai al\u00e9m do conte\u00fado t\u00e9cnico. Queremos que eles repensem os processos de sustentabilidade, \u00e9tica e responsabilidade\u201d, concluiu.<\/span><\/div>\n<div><\/div>\n<div><em><strong>Fonte: Ascom- Senai-MA<\/strong><\/em><\/div>\n","protected":false},"excerpt":{"rendered":"<p>Movimento impulsiona discuss\u00e3o sobre mudan\u00e7as na cadeia produtiva da moda\u00a0 \u00a0 S\u00c3O LU\u00cdS\u00a0\u2013 O Servi\u00e7o Nacional da Ind\u00fastria do Maranh\u00e3o (SENAI-MA) promoveu a\u00e7\u00f5es da Semana Fashion Revolution, campanha mundial de moda ativista que promove eventos anualmente com o objetivo de discutir e impulsionar mudan\u00e7as sociais e ecol\u00f3gicas no setor. As atividades aconteceram nos dias 23 [&hellip;]<\/p>\n","protected":false},"author":1,"featured_media":4631,"comment_status":"open","ping_status":"open","sticky":false,"template":"","format":"standard","meta":[],"categories":[1],"tags":[],"_links":{"self":[{"href":"https:\/\/revistamaranhaoturismo.com\/index.php?rest_route=\/wp\/v2\/posts\/4627"}],"collection":[{"href":"https:\/\/revistamaranhaoturismo.com\/index.php?rest_route=\/wp\/v2\/posts"}],"about":[{"href":"https:\/\/revistamaranhaoturismo.com\/index.php?rest_route=\/wp\/v2\/types\/post"}],"author":[{"embeddable":true,"href":"https:\/\/revistamaranhaoturismo.com\/index.php?rest_route=\/wp\/v2\/users\/1"}],"replies":[{"embeddable":true,"href":"https:\/\/revistamaranhaoturismo.com\/index.php?rest_route=%2Fwp%2Fv2%2Fcomments&post=4627"}],"version-history":[{"count":1,"href":"https:\/\/revistamaranhaoturismo.com\/index.php?rest_route=\/wp\/v2\/posts\/4627\/revisions"}],"predecessor-version":[{"id":4632,"href":"https:\/\/revistamaranhaoturismo.com\/index.php?rest_route=\/wp\/v2\/posts\/4627\/revisions\/4632"}],"wp:featuredmedia":[{"embeddable":true,"href":"https:\/\/revistamaranhaoturismo.com\/index.php?rest_route=\/wp\/v2\/media\/4631"}],"wp:attachment":[{"href":"https:\/\/revistamaranhaoturismo.com\/index.php?rest_route=%2Fwp%2Fv2%2Fmedia&parent=4627"}],"wp:term":[{"taxonomy":"category","embeddable":true,"href":"https:\/\/revistamaranhaoturismo.com\/index.php?rest_route=%2Fwp%2Fv2%2Fcategories&post=4627"},{"taxonomy":"post_tag","embeddable":true,"href":"https:\/\/revistamaranhaoturismo.com\/index.php?rest_route=%2Fwp%2Fv2%2Ftags&post=4627"}],"curies":[{"name":"wp","href":"https:\/\/api.w.org\/{rel}","templated":true}]}}