{"id":4635,"date":"2026-04-28T11:43:18","date_gmt":"2026-04-28T14:43:18","guid":{"rendered":"https:\/\/revistamaranhaoturismo.com\/?p=4635"},"modified":"2026-04-28T11:43:18","modified_gmt":"2026-04-28T14:43:18","slug":"fiema-sediara-7-seminario-economia-do-mar","status":"publish","type":"post","link":"https:\/\/revistamaranhaoturismo.com\/?p=4635","title":{"rendered":"FIEMA sediar\u00e1 7\u00b0 Semin\u00e1rio Economia do Mar"},"content":{"rendered":"<div><a href=\"https:\/\/revistamaranhaoturismo.com\/?attachment_id=4480\" rel=\"attachment wp-att-4480\"><img decoding=\"async\" loading=\"lazy\" class=\"aligncenter  wp-image-4480\" src=\"https:\/\/revistamaranhaoturismo.com\/wp-content\/uploads\/2026\/03\/Banner-web-600x600px_Mais-Brasil.png\" alt=\"\" width=\"251\" height=\"252\" srcset=\"https:\/\/revistamaranhaoturismo.com\/wp-content\/uploads\/2026\/03\/Banner-web-600x600px_Mais-Brasil.png 600w, https:\/\/revistamaranhaoturismo.com\/wp-content\/uploads\/2026\/03\/Banner-web-600x600px_Mais-Brasil-300x300.png 300w, https:\/\/revistamaranhaoturismo.com\/wp-content\/uploads\/2026\/03\/Banner-web-600x600px_Mais-Brasil-150x150.png 150w, https:\/\/revistamaranhaoturismo.com\/wp-content\/uploads\/2026\/03\/Banner-web-600x600px_Mais-Brasil-75x75.png 75w\" sizes=\"(max-width: 251px) 100vw, 251px\" \/><\/a><\/div>\n<div style=\"text-align: justify;\"><strong><span style=\"font-size: 14pt;\"><i>Evento \u00e9 promovido pela ABEEMAR em parceria com a Federa\u00e7\u00e3o e Sebrae para debater desenvolvimento sustent\u00e1vel, inova\u00e7\u00e3o e oportunidades na economia mar\u00edtima<\/i><\/span><\/strong><\/div>\n<div style=\"text-align: justify;\"><span style=\"font-size: 14pt;\"><b>\u00a0<\/b><\/span><\/div>\n<div style=\"text-align: justify;\"><span style=\"font-size: 14pt;\">S\u00c3O LU\u00cdS\u00a0&#8211; A capital maranhense ser\u00e1 palco do 7\u00b0 Semin\u00e1rio Economia do Mar (SEM S\u00e3o Lu\u00eds), que acontece no dia 14 de maio, no audit\u00f3rio da Federa\u00e7\u00e3o das Ind\u00fastrias do Estado do Maranh\u00e3o (FIEMA).\u00a0 O evento, organizado pela Associa\u00e7\u00e3o Brasileira das Empresas da Economia do Mar (ABEEMAR) em parceria com a Federa\u00e7\u00e3o e Sebrae, reunir\u00e1 representantes do setor produtivo, especialistas, autoridades p\u00fablicas e institui\u00e7\u00f5es para discutir os caminhos estrat\u00e9gicos para alavancar a economia do mar no estado do Maranh\u00e3o.<\/span><\/div>\n<div style=\"text-align: justify;\"><span style=\"font-size: 14pt;\">Com uma programa\u00e7\u00e3o voltada \u00e0 inova\u00e7\u00e3o, sustentabilidade e desenvolvimento econ\u00f4mico, o SEM S\u00e3o Lu\u00eds se posiciona como um espa\u00e7o de articula\u00e7\u00e3o entre diferentes atores da cadeia mar\u00edtima. O semin\u00e1rio abordar\u00e1 temas como Margem Equatorial, log\u00edstica portu\u00e1ria, apoio mar\u00edtimo, transi\u00e7\u00e3o energ\u00e9tica, bioeconomia, tecnologia e empreendedorismo, al\u00e9m das oportunidades de neg\u00f3cios ligadas ao uso sustent\u00e1vel dos recursos oce\u00e2nicos e a import\u00e2ncia do \u2018Selo Azul \u2013 Cidades Costeiras\u2019 para o desenvolvimento local.<\/span><\/div>\n<div style=\"text-align: justify;\"><span style=\"font-size: 14pt;\">\u201cO semin\u00e1rio \u00e9 uma oportunidade estrat\u00e9gica para alinhar vis\u00f5es, compartilhar conhecimento e construir solu\u00e7\u00f5es que fortale\u00e7am a economia do mar no Brasil, especialmente em regi\u00f5es com grande potencial como o Maranh\u00e3o\u201d, destaca Jo\u00e3o Azeredo, presidente da ABEEMAR. O Semin\u00e1rio de S\u00e3o Lu\u00eds \u00e9 a s\u00e9tima edi\u00e7\u00e3o do evento, consolidando uma trajet\u00f3ria marcada pela realiza\u00e7\u00e3o de encontros estrat\u00e9gicos em diferentes regi\u00f5es do pa\u00eds. Ao longo de sua hist\u00f3ria, o semin\u00e1rio j\u00e1 passou pelo Rio Grande do Sul, por Macap\u00e1 e contou com quatro edi\u00e7\u00f5es realizadas no estado do Rio de Janeiro, evidenciando sua capilaridade e relev\u00e2ncia no debate dos temas propostos.<\/span><\/div>\n<div style=\"text-align: justify;\"><span style=\"font-size: 14pt;\">A realiza\u00e7\u00e3o do 7\u00b0 Semin\u00e1rio Economia do Mar evidencia o papel estrat\u00e9gico de S\u00e3o Lu\u00eds no cen\u00e1rio nacional, considerando sua localiza\u00e7\u00e3o privilegiada e relev\u00e2ncia para opera\u00e7\u00f5es portu\u00e1rias e offshore. A iniciativa busca ampliar o debate sobre pol\u00edticas p\u00fablicas, investimentos e solu\u00e7\u00f5es tecnol\u00f3gicas capazes de impulsionar o setor no pa\u00eds.<\/span><\/div>\n<div style=\"text-align: justify;\"><span style=\"font-size: 14pt;\">Luiz Fernando Renner, vice-presidente executivo da Federa\u00e7\u00e3o das Ind\u00fastrias do Estado do Maranh\u00e3o, falou que a economia do mar \u00e9 a nova fronteira de desenvolvimento do estado e que o tema deve unir governo, academia, setor produtivo e sociedade em torno de um litoral pr\u00f3spero e compartilhado. \u201cO Maranh\u00e3o possui ativos estrat\u00e9gicos, como o segundo maior litoral do Brasil, com640 km de extens\u00e3o, com mais de 30 munic\u00edpios costeiros e posi\u00e7\u00e3o central nas rotas globais. Al\u00e9m disso, a Margem Equatorial tem potencial estimado entre 20 e 30 bilh\u00f5es de barris de petr\u00f3leo com capacidade para injetar mais de R$ 10 bilh\u00f5es no PIB estadual e reduzir desigualdades regionais via investimentos em portos e plataformas offshore\u201d, lembrou Renner.<\/span><\/div>\n<div style=\"text-align: justify;\"><span style=\"font-size: 14pt;\">J\u00e1 para o presidente do Conselho Deliberativo do SEBRAE Maranh\u00e3o e vice-presidente executivo da FIEMA, Celso Gon\u00e7alo, a economia do mar abre um leque de oportunidades para o empreendedorismo, especialmente em regi\u00f5es com forte voca\u00e7\u00e3o costeira como o Maranh\u00e3o. \u201cO Sebrae atua para preparar os pequenos neg\u00f3cios para esse cen\u00e1rio, incentivando a inova\u00e7\u00e3o, o acesso a mercados e a sustentabilidade. O Selo Azul \u00e9 um exemplo de iniciativa que contribui para estruturar os territ\u00f3rios, estimular a gera\u00e7\u00e3o de neg\u00f3cios e ampliar a capacidade dos munic\u00edpios de atrair investimentos de forma sustent\u00e1vel\u201d, disse.<\/span><\/div>\n<div style=\"text-align: justify;\"><span style=\"font-size: 14pt;\">No contexto do \u2018Selo Azul \u2013 Cidades Costeiras\u2019, a proposta ganha destaque ao ser direcionada aos munic\u00edpios situados na Margem Equatorial brasileira, considerada uma nova fronteira de desenvolvimento energ\u00e9tico e econ\u00f4mico. A iniciativa visa apoiar as gest\u00f5es municipais na implementa\u00e7\u00e3o de pr\u00e1ticas estruturadas de governan\u00e7a, sustentabilidade e est\u00edmulo a neg\u00f3cios vinculados \u00e0 economia azul, fortalecendo a capacidade local de atrair investimentos e promover desenvolvimento sustent\u00e1vel.<\/span><\/div>\n<div style=\"text-align: justify;\"><span style=\"font-size: 14pt;\">O semin\u00e1rio \u00e9 promovido pela ABEEMAR, entidade que representa empresas de apoio mar\u00edtimo no Brasil e atua na defesa de um ambiente regulat\u00f3rio mais eficiente e competitivo. A associa\u00e7\u00e3o tem ampliado sua atua\u00e7\u00e3o institucional por meio de eventos e iniciativas que conectam ind\u00fastria, governo e academia. O SEM S\u00e3o Lu\u00eds \u00e9 correalizado pelo Sebrae e FIEMA e conta com o apoio da Confedera\u00e7\u00e3o das Associa\u00e7\u00f5es Comerciais do Brasil (CACB), da Federa\u00e7\u00e3o das Associa\u00e7\u00f5es Comerciais e Empresariais do Estado do Rio de Janeiro, do Instituto CO.NFLUIR, da Organiza\u00e7\u00e3o Nacional da Ind\u00fastria do Petr\u00f3leo (ONIP) e do Instituto Brasileiro de Petr\u00f3leo e G\u00e1s (IBP).<\/span><\/div>\n<div><strong><em>Fonte: Ascom- Fiema<\/em><\/strong><\/div>\n","protected":false},"excerpt":{"rendered":"<p>Evento \u00e9 promovido pela ABEEMAR em parceria com a Federa\u00e7\u00e3o e Sebrae para debater desenvolvimento sustent\u00e1vel, inova\u00e7\u00e3o e oportunidades na economia mar\u00edtima \u00a0 S\u00c3O LU\u00cdS\u00a0&#8211; A capital maranhense ser\u00e1 palco do 7\u00b0 Semin\u00e1rio Economia do Mar (SEM S\u00e3o Lu\u00eds), que acontece no dia 14 de maio, no audit\u00f3rio da Federa\u00e7\u00e3o das Ind\u00fastrias do Estado do [&hellip;]<\/p>\n","protected":false},"author":1,"featured_media":4636,"comment_status":"open","ping_status":"open","sticky":false,"template":"","format":"standard","meta":[],"categories":[1],"tags":[],"_links":{"self":[{"href":"https:\/\/revistamaranhaoturismo.com\/index.php?rest_route=\/wp\/v2\/posts\/4635"}],"collection":[{"href":"https:\/\/revistamaranhaoturismo.com\/index.php?rest_route=\/wp\/v2\/posts"}],"about":[{"href":"https:\/\/revistamaranhaoturismo.com\/index.php?rest_route=\/wp\/v2\/types\/post"}],"author":[{"embeddable":true,"href":"https:\/\/revistamaranhaoturismo.com\/index.php?rest_route=\/wp\/v2\/users\/1"}],"replies":[{"embeddable":true,"href":"https:\/\/revistamaranhaoturismo.com\/index.php?rest_route=%2Fwp%2Fv2%2Fcomments&post=4635"}],"version-history":[{"count":1,"href":"https:\/\/revistamaranhaoturismo.com\/index.php?rest_route=\/wp\/v2\/posts\/4635\/revisions"}],"predecessor-version":[{"id":4637,"href":"https:\/\/revistamaranhaoturismo.com\/index.php?rest_route=\/wp\/v2\/posts\/4635\/revisions\/4637"}],"wp:featuredmedia":[{"embeddable":true,"href":"https:\/\/revistamaranhaoturismo.com\/index.php?rest_route=\/wp\/v2\/media\/4636"}],"wp:attachment":[{"href":"https:\/\/revistamaranhaoturismo.com\/index.php?rest_route=%2Fwp%2Fv2%2Fmedia&parent=4635"}],"wp:term":[{"taxonomy":"category","embeddable":true,"href":"https:\/\/revistamaranhaoturismo.com\/index.php?rest_route=%2Fwp%2Fv2%2Fcategories&post=4635"},{"taxonomy":"post_tag","embeddable":true,"href":"https:\/\/revistamaranhaoturismo.com\/index.php?rest_route=%2Fwp%2Fv2%2Ftags&post=4635"}],"curies":[{"name":"wp","href":"https:\/\/api.w.org\/{rel}","templated":true}]}}