{"id":4641,"date":"2026-04-28T23:09:58","date_gmt":"2026-04-29T02:09:58","guid":{"rendered":"https:\/\/revistamaranhaoturismo.com\/?p=4641"},"modified":"2026-04-28T23:09:58","modified_gmt":"2026-04-29T02:09:58","slug":"sesi-ma-esta-com-seletivos-abertos-para-professores-e-educador-fisico","status":"publish","type":"post","link":"https:\/\/revistamaranhaoturismo.com\/?p=4641","title":{"rendered":"SESI-MA est\u00e1 com seletivos abertos para Professores e Educador F\u00edsico"},"content":{"rendered":"<div><a href=\"https:\/\/revistamaranhaoturismo.com\/?attachment_id=4480\" rel=\"attachment wp-att-4480\"><img decoding=\"async\" loading=\"lazy\" class=\"aligncenter  wp-image-4480\" src=\"https:\/\/revistamaranhaoturismo.com\/wp-content\/uploads\/2026\/03\/Banner-web-600x600px_Mais-Brasil.png\" alt=\"\" width=\"253\" height=\"254\" srcset=\"https:\/\/revistamaranhaoturismo.com\/wp-content\/uploads\/2026\/03\/Banner-web-600x600px_Mais-Brasil.png 600w, https:\/\/revistamaranhaoturismo.com\/wp-content\/uploads\/2026\/03\/Banner-web-600x600px_Mais-Brasil-300x300.png 300w, https:\/\/revistamaranhaoturismo.com\/wp-content\/uploads\/2026\/03\/Banner-web-600x600px_Mais-Brasil-150x150.png 150w, https:\/\/revistamaranhaoturismo.com\/wp-content\/uploads\/2026\/03\/Banner-web-600x600px_Mais-Brasil-75x75.png 75w\" sizes=\"(max-width: 253px) 100vw, 253px\" \/><\/a><\/div>\n<div style=\"text-align: justify;\"><strong><span style=\"font-size: 14pt;\"><i>S\u00e3o seis vagas em diferentes munic\u00edpios do estado e as inscri\u00e7\u00f5es encerram dia 04 de maio<\/i><\/span><\/strong><\/div>\n<div style=\"text-align: justify;\"><span style=\"font-size: 14pt;\"><i>\u00a0<\/i><\/span><\/div>\n<div style=\"text-align: justify;\"><span style=\"font-size: 14pt;\">S\u00c3O LU\u00cdS\u2013 O Servi\u00e7o Social da Ind\u00fastria do Maranh\u00e3o (SESI-MA) est\u00e1 com dois processos seletivos abertos para o preenchimento dos cargos de Professor de Educa\u00e7\u00e3o Infantil\/Ensino Fundamental e Analista Superior \u2013 Educador F\u00edsico. As oportunidades referentes ao edital n\u00ba 13\/2026 contempla as cidades de Bacabal, Imperatriz e S\u00e3o Lu\u00eds e o edital 14\/2026 o munic\u00edpio de Estreito.<\/span><\/div>\n<div style=\"text-align: justify;\"><\/div>\n<div style=\"text-align: justify;\"><span style=\"font-size: 14pt;\">O\u00a0<a id=\"m_-1760133992580672307m_4088078059819478973OWA802f570e-a950-2c50-c6b1-917544f165b4\" href=\"https:\/\/sistemas.fiema.org.br\/seletivos\/seletivos\/295\" target=\"_blank\" rel=\"noopener noreferrer\" data-saferedirecturl=\"https:\/\/www.google.com\/url?q=https:\/\/sistemas.fiema.org.br\/seletivos\/seletivos\/295&amp;source=gmail&amp;ust=1777514622957000&amp;usg=AOvVaw3G8f99n_yrnwZYj-tKbY56\"><u>Processo Seletivo n\u00ba 13\/2026<\/u><\/a>\u00a0oferece cinco vagas para o cargo de professor. Em Imperatriz, as duas oportunidades s\u00e3o destinadas para Professor de Educa\u00e7\u00e3o Infantil\/Ensino Fundamental &#8211; Educa\u00e7\u00e3o Infantil. Para Professor de Educa\u00e7\u00e3o Infantil\/Ensino Fundamental- Anos Iniciais as vagas s\u00e3o em S\u00e3o Lu\u00eds (1) e Bacabal (1). Na capital maranhense h\u00e1 ainda uma vaga para Professor de Educa\u00e7\u00e3o Infantil\/Ensino Fundamental \u2013 Matem\u00e1tica.<\/span><\/div>\n<div style=\"text-align: justify;\"><\/div>\n<div style=\"text-align: justify;\"><span style=\"font-size: 14pt;\">As vagas exigem licenciatura em Pedagogia, com exce\u00e7\u00e3o da vaga para Matem\u00e1tica, que requer licenciatura na \u00e1rea, al\u00e9m de experi\u00eancia profissional m\u00ednima de seis meses. Os cargos possuem carga hor\u00e1ria de at\u00e9 180 horas mensais, com remunera\u00e7\u00e3o de R$ 25,46 por hora aula. Todas as contrata\u00e7\u00f5es s\u00e3o por prazo determinado, com dura\u00e7\u00e3o entre cinco e seis meses.<\/span><\/div>\n<div style=\"text-align: justify;\"><\/div>\n<div style=\"text-align: justify;\"><span style=\"font-size: 14pt;\">J\u00e1 o\u00a0<a id=\"m_-1760133992580672307m_4088078059819478973OWA41d94a06-56bb-f2d0-b261-799bc872b775\" href=\"https:\/\/sistemas.fiema.org.br\/seletivos\/seletivos\/297\" target=\"_blank\" rel=\"noopener noreferrer\" data-saferedirecturl=\"https:\/\/www.google.com\/url?q=https:\/\/sistemas.fiema.org.br\/seletivos\/seletivos\/297&amp;source=gmail&amp;ust=1777514622957000&amp;usg=AOvVaw3EfKtFX8ni1O0ixqPrtKUN\"><u>Processo Seletivo n\u00ba 14\/2026<\/u><\/a>\u00a0oferta uma vaga para Analista Superior \u2013 Educador F\u00edsico, em Estreito. O contrato, com prazo determinado de cinco meses, prev\u00ea carga hor\u00e1ria de 50 horas mensais e remunera\u00e7\u00e3o de R$ 995,48. Para preenchimento do cargo, o candidato deve possuir bacharelado em Educa\u00e7\u00e3o F\u00edsica e registro ativo no Conselho Regional de Educa\u00e7\u00e3o F\u00edsica (CREF), al\u00e9m de experi\u00eancia m\u00ednima de seis meses na \u00e1rea de forma\u00e7\u00e3o.<\/span><\/div>\n<div style=\"text-align: justify;\"><\/div>\n<div style=\"text-align: justify;\"><span style=\"font-size: 14pt;\">Al\u00e9m da remunera\u00e7\u00e3o, s\u00e3o oferecidos benef\u00edcios como aux\u00edlio-alimenta\u00e7\u00e3o, plano de assist\u00eancia m\u00e9dica, seguro de vida e vale transporte. As inscri\u00e7\u00f5es devem ser realizadas no site\u00a0<a id=\"m_-1760133992580672307m_4088078059819478973OWA58ef8e12-ba58-11c8-6e42-3011474cb04b\" href=\"https:\/\/sistemas.fiema.org.br\/seletivos\/seletivos\/297\" target=\"_blank\" rel=\"noopener noreferrer\" data-saferedirecturl=\"https:\/\/www.google.com\/url?q=https:\/\/sistemas.fiema.org.br\/seletivos\/seletivos\/297&amp;source=gmail&amp;ust=1777514622957000&amp;usg=AOvVaw3EfKtFX8ni1O0ixqPrtKUN\"><u>site do Instituto Euvaldo Lodi (IEL-MA)<\/u><\/a>\u00a0at\u00e9 o dia 04 de maio, mediante o pagamento de taxa de R$ 90,00. As normas dos Processos Seletivos podem ser encontradas no endere\u00e7o\u00a0<a id=\"m_-1760133992580672307m_4088078059819478973OWAc750dbb5-c4c3-b6c8-55a8-19f13c6ede9b\" href=\"https:\/\/sistemas.fiema.org.br\/seletivos\/\" target=\"_blank\" rel=\"noopener noreferrer\" data-saferedirecturl=\"https:\/\/www.google.com\/url?q=https:\/\/sistemas.fiema.org.br\/seletivos\/&amp;source=gmail&amp;ust=1777514622957000&amp;usg=AOvVaw2mNtQDPF60pEsUpP7McZBE\"><u>https:\/\/sistemas.fiema.org.br\/<wbr \/>seletivos\/<\/u><\/a>.<\/span><\/div>\n<div><\/div>\n<div><em><strong>Fonte: Ascom- Fiema<\/strong><\/em><\/div>\n","protected":false},"excerpt":{"rendered":"<p>S\u00e3o seis vagas em diferentes munic\u00edpios do estado e as inscri\u00e7\u00f5es encerram dia 04 de maio \u00a0 S\u00c3O LU\u00cdS\u2013 O Servi\u00e7o Social da Ind\u00fastria do Maranh\u00e3o (SESI-MA) est\u00e1 com dois processos seletivos abertos para o preenchimento dos cargos de Professor de Educa\u00e7\u00e3o Infantil\/Ensino Fundamental e Analista Superior \u2013 Educador F\u00edsico. As oportunidades referentes ao edital [&hellip;]<\/p>\n","protected":false},"author":1,"featured_media":4642,"comment_status":"open","ping_status":"open","sticky":false,"template":"","format":"standard","meta":[],"categories":[1],"tags":[],"_links":{"self":[{"href":"https:\/\/revistamaranhaoturismo.com\/index.php?rest_route=\/wp\/v2\/posts\/4641"}],"collection":[{"href":"https:\/\/revistamaranhaoturismo.com\/index.php?rest_route=\/wp\/v2\/posts"}],"about":[{"href":"https:\/\/revistamaranhaoturismo.com\/index.php?rest_route=\/wp\/v2\/types\/post"}],"author":[{"embeddable":true,"href":"https:\/\/revistamaranhaoturismo.com\/index.php?rest_route=\/wp\/v2\/users\/1"}],"replies":[{"embeddable":true,"href":"https:\/\/revistamaranhaoturismo.com\/index.php?rest_route=%2Fwp%2Fv2%2Fcomments&post=4641"}],"version-history":[{"count":1,"href":"https:\/\/revistamaranhaoturismo.com\/index.php?rest_route=\/wp\/v2\/posts\/4641\/revisions"}],"predecessor-version":[{"id":4643,"href":"https:\/\/revistamaranhaoturismo.com\/index.php?rest_route=\/wp\/v2\/posts\/4641\/revisions\/4643"}],"wp:featuredmedia":[{"embeddable":true,"href":"https:\/\/revistamaranhaoturismo.com\/index.php?rest_route=\/wp\/v2\/media\/4642"}],"wp:attachment":[{"href":"https:\/\/revistamaranhaoturismo.com\/index.php?rest_route=%2Fwp%2Fv2%2Fmedia&parent=4641"}],"wp:term":[{"taxonomy":"category","embeddable":true,"href":"https:\/\/revistamaranhaoturismo.com\/index.php?rest_route=%2Fwp%2Fv2%2Fcategories&post=4641"},{"taxonomy":"post_tag","embeddable":true,"href":"https:\/\/revistamaranhaoturismo.com\/index.php?rest_route=%2Fwp%2Fv2%2Ftags&post=4641"}],"curies":[{"name":"wp","href":"https:\/\/api.w.org\/{rel}","templated":true}]}}