{"id":4644,"date":"2026-04-28T23:17:49","date_gmt":"2026-04-29T02:17:49","guid":{"rendered":"https:\/\/revistamaranhaoturismo.com\/?p=4644"},"modified":"2026-04-28T23:17:49","modified_gmt":"2026-04-29T02:17:49","slug":"corrida-nacional-do-sesi-mobiliza-cinco-cidades-do-maranhao","status":"publish","type":"post","link":"https:\/\/revistamaranhaoturismo.com\/?p=4644","title":{"rendered":"Corrida Nacional do SESI mobiliza cinco cidades do Maranh\u00e3o"},"content":{"rendered":"<div><a href=\"https:\/\/revistamaranhaoturismo.com\/?attachment_id=4480\" rel=\"attachment wp-att-4480\"><img decoding=\"async\" loading=\"lazy\" class=\"aligncenter  wp-image-4480\" src=\"https:\/\/revistamaranhaoturismo.com\/wp-content\/uploads\/2026\/03\/Banner-web-600x600px_Mais-Brasil.png\" alt=\"\" width=\"272\" height=\"273\" srcset=\"https:\/\/revistamaranhaoturismo.com\/wp-content\/uploads\/2026\/03\/Banner-web-600x600px_Mais-Brasil.png 600w, https:\/\/revistamaranhaoturismo.com\/wp-content\/uploads\/2026\/03\/Banner-web-600x600px_Mais-Brasil-300x300.png 300w, https:\/\/revistamaranhaoturismo.com\/wp-content\/uploads\/2026\/03\/Banner-web-600x600px_Mais-Brasil-150x150.png 150w, https:\/\/revistamaranhaoturismo.com\/wp-content\/uploads\/2026\/03\/Banner-web-600x600px_Mais-Brasil-75x75.png 75w\" sizes=\"(max-width: 272px) 100vw, 272px\" \/><\/a><\/div>\n<div style=\"text-align: justify;\"><strong><span style=\"font-size: 14pt;\"><i>A\u00e7\u00e3o nacional movimenta o Dia do Trabalhador<\/i><\/span><\/strong><\/div>\n<div style=\"text-align: justify;\"><span style=\"font-size: 14pt;\">S\u00e3o Lu\u00eds &#8211;\u00a0O Maranh\u00e3o entra no circuito da 2\u00aa Corrida Nacional do Servi\u00e7o Social da Ind\u00fastria (SESI) com programa\u00e7\u00e3o simult\u00e2nea em cinco munic\u00edpios no pr\u00f3ximo dia 1\u00ba de maio. A iniciativa, que marca o Dia do Trabalhador, ser\u00e1 realizada em S\u00e3o Jos\u00e9 de Ribamar, A\u00e7ail\u00e2ndia, Caxias, Imperatriz e Ros\u00e1rio, consolidando o estado como um dos polos de mobiliza\u00e7\u00e3o da atividade no pa\u00eds.<\/span><\/div>\n<div style=\"text-align: justify;\"><span style=\"font-size: 14pt;\">Com mais de 60 mil inscritos em todo o territ\u00f3rio nacional, a a\u00e7\u00e3o ocorre de forma integrada em 25 estados e no Distrito Federal. A proposta \u00e9 ampliar o acesso ao esporte, estimular h\u00e1bitos saud\u00e1veis e fortalecer a qualidade de vida de trabalhadores e da popula\u00e7\u00e3o em geral.<\/span><\/div>\n<div style=\"text-align: justify;\"><span style=\"font-size: 14pt;\">No Maranh\u00e3o, as largadas est\u00e3o previstas para as 6h30, com percursos de 5 km e 10 km, al\u00e9m de caminhada de 3 km, contemplando diferentes perfis de participantes. A diversidade de modalidades busca incentivar desde iniciantes at\u00e9 corredores experientes, promovendo inclus\u00e3o e engajamento social.<\/span><\/div>\n<div style=\"text-align: justify;\"><span style=\"font-size: 14pt;\">A edi\u00e7\u00e3o de 2026 traz como lema \u201cCorrer \u00e9 para todos\u201d, refor\u00e7ando o compromisso com a democratiza\u00e7\u00e3o da pr\u00e1tica esportiva. A mobiliza\u00e7\u00e3o tamb\u00e9m envolve empresas industriais, que ser\u00e3o reconhecidas conforme o n\u00famero de colaboradores inscritos, fortalecendo a integra\u00e7\u00e3o entre setor produtivo e a\u00e7\u00f5es de bem-estar.<\/span><\/div>\n<div style=\"text-align: justify;\"><span style=\"font-size: 14pt;\">Outro eixo relevante da iniciativa \u00e9 o impacto social. Os alimentos arrecadados durante o evento ser\u00e3o destinados a fam\u00edlias em situa\u00e7\u00e3o de vulnerabilidade. Na primeira edi\u00e7\u00e3o, a campanha nacional resultou na doa\u00e7\u00e3o de mais de 59 toneladas de mantimentos, beneficiando diversas institui\u00e7\u00f5es.<\/span><\/div>\n<div style=\"text-align: justify;\"><span style=\"font-size: 14pt;\">Para a superintendente regional do SESI-MA, Regina Sodr\u00e9, a realiza\u00e7\u00e3o simult\u00e2nea nas cidades maranhenses amplia o alcance da proposta. \u201cA Corrida Nacional do SESI representa mais do que uma atividade esportiva. \u00c9 uma a\u00e7\u00e3o que conecta sa\u00fade, inclus\u00e3o e solidariedade. No Maranh\u00e3o, conseguimos levar esse movimento a diferentes regi\u00f5es, incentivando a participa\u00e7\u00e3o da ind\u00fastria e da comunidade em um prop\u00f3sito coletivo de qualidade de vida\u201d, destacou.<\/span><\/div>\n<div style=\"text-align: justify;\"><span style=\"font-size: 14pt;\">A Corrida Nacional do SESI \u00e9 correalizada pelo Conselho Nacional do SESI e pelos Departamentos Regionais, evidenciando a atua\u00e7\u00e3o integrada do Sistema Ind\u00fastria em todo o pa\u00eds.<\/span><\/div>\n<div><em><strong>Fonte: Ascom- Fiema<\/strong><\/em><\/div>\n","protected":false},"excerpt":{"rendered":"<p>A\u00e7\u00e3o nacional movimenta o Dia do Trabalhador S\u00e3o Lu\u00eds &#8211;\u00a0O Maranh\u00e3o entra no circuito da 2\u00aa Corrida Nacional do Servi\u00e7o Social da Ind\u00fastria (SESI) com programa\u00e7\u00e3o simult\u00e2nea em cinco munic\u00edpios no pr\u00f3ximo dia 1\u00ba de maio. A iniciativa, que marca o Dia do Trabalhador, ser\u00e1 realizada em S\u00e3o Jos\u00e9 de Ribamar, A\u00e7ail\u00e2ndia, Caxias, Imperatriz e [&hellip;]<\/p>\n","protected":false},"author":1,"featured_media":4645,"comment_status":"open","ping_status":"open","sticky":false,"template":"","format":"standard","meta":[],"categories":[1],"tags":[],"_links":{"self":[{"href":"https:\/\/revistamaranhaoturismo.com\/index.php?rest_route=\/wp\/v2\/posts\/4644"}],"collection":[{"href":"https:\/\/revistamaranhaoturismo.com\/index.php?rest_route=\/wp\/v2\/posts"}],"about":[{"href":"https:\/\/revistamaranhaoturismo.com\/index.php?rest_route=\/wp\/v2\/types\/post"}],"author":[{"embeddable":true,"href":"https:\/\/revistamaranhaoturismo.com\/index.php?rest_route=\/wp\/v2\/users\/1"}],"replies":[{"embeddable":true,"href":"https:\/\/revistamaranhaoturismo.com\/index.php?rest_route=%2Fwp%2Fv2%2Fcomments&post=4644"}],"version-history":[{"count":1,"href":"https:\/\/revistamaranhaoturismo.com\/index.php?rest_route=\/wp\/v2\/posts\/4644\/revisions"}],"predecessor-version":[{"id":4646,"href":"https:\/\/revistamaranhaoturismo.com\/index.php?rest_route=\/wp\/v2\/posts\/4644\/revisions\/4646"}],"wp:featuredmedia":[{"embeddable":true,"href":"https:\/\/revistamaranhaoturismo.com\/index.php?rest_route=\/wp\/v2\/media\/4645"}],"wp:attachment":[{"href":"https:\/\/revistamaranhaoturismo.com\/index.php?rest_route=%2Fwp%2Fv2%2Fmedia&parent=4644"}],"wp:term":[{"taxonomy":"category","embeddable":true,"href":"https:\/\/revistamaranhaoturismo.com\/index.php?rest_route=%2Fwp%2Fv2%2Fcategories&post=4644"},{"taxonomy":"post_tag","embeddable":true,"href":"https:\/\/revistamaranhaoturismo.com\/index.php?rest_route=%2Fwp%2Fv2%2Ftags&post=4644"}],"curies":[{"name":"wp","href":"https:\/\/api.w.org\/{rel}","templated":true}]}}